{"id":1052,"date":"2018-06-08T14:15:00","date_gmt":"2018-06-08T12:15:00","guid":{"rendered":""},"modified":"2019-06-28T12:28:30","modified_gmt":"2019-06-28T10:28:30","slug":"fira-matematica","status":"publish","type":"post","link":"https:\/\/agora.xtec.cat\/escolabacdecerdanya\/inicial\/fira-matematica\/","title":{"rendered":"FIRA MATEM\u00c0TICA"},"content":{"rendered":"<p>Un any m\u00e9s els alumnes de cicle inicial de tota la Cerdanya hem anat a la FIRA MATEM\u00c0TICA a Puigcerd\u00e0.&nbsp; Si cliqueu el cartell de la jornada podreu veure&#8217;n les fotografies.<\/p>\n<div style=\"clear: both; text-align: center;\"><a href=\"https:\/\/drive.google.com\/open?id=1F_QXajlEsJD_U_AfVDRwDhLp-hw3VlU9\" target=\"_blank\" rel=\"noopener noreferrer\"><img loading=\"lazy\" decoding=\"async\" border=\"0\" data-original-height=\"1600\" data-original-width=\"1078\" height=\"320\" src=\"https:\/\/agora.xtec.cat\/escolabacdecerdanya\/wp-content\/uploads\/usu1753\/2018\/06\/20180608_140422-202x300.jpg\" width=\"215\" \/><\/a><\/div>\n","protected":false},"excerpt":{"rendered":"<p>Un any m\u00e9s els alumnes de cicle inicial de tota la Cerdanya hem anat a la FIRA MATEM\u00c0TICA a Puigcerd\u00e0.&nbsp; Si cliqueu el cartell de la jornada podreu veure&#8217;n les fotografies.<br \/>\n<a href=\"https:\/\/drive.google.com\/open?id=1F_QXajlEsJD_U_AfVDRwDhLp-hw3VlU9\" target=\"_blank\" rel=\"noopener noreferrer\"><\/a><\/p>\n","protected":false},"author":1,"featured_media":1151,"comment_status":"open","ping_status":"closed","sticky":false,"template":"","format":"standard","meta":{"_bbp_topic_count":0,"_bbp_reply_count":0,"_bbp_total_topic_count":0,"_bbp_total_reply_count":0,"_bbp_voice_count":0,"_bbp_anonymous_reply_count":0,"_bbp_topic_count_hidden":0,"_bbp_reply_count_hidden":0,"_bbp_forum_subforum_count":0,"footnotes":""},"categories":[104],"tags":[],"class_list":["post-1052","post","type-post","status-publish","format-standard","has-post-thumbnail","hentry","category-inicial"],"post_mailing_queue_ids":[],"_links":{"self":[{"href":"https:\/\/agora.xtec.cat\/escolabacdecerdanya\/wp-json\/wp\/v2\/posts\/1052","targetHints":{"allow":["GET"]}}],"collection":[{"href":"https:\/\/agora.xtec.cat\/escolabacdecerdanya\/wp-json\/wp\/v2\/posts"}],"about":[{"href":"https:\/\/agora.xtec.cat\/escolabacdecerdanya\/wp-json\/wp\/v2\/types\/post"}],"author":[{"embeddable":true,"href":"https:\/\/agora.xtec.cat\/escolabacdecerdanya\/wp-json\/wp\/v2\/users\/1"}],"replies":[{"embeddable":true,"href":"https:\/\/agora.xtec.cat\/escolabacdecerdanya\/wp-json\/wp\/v2\/comments?post=1052"}],"version-history":[{"count":2,"href":"https:\/\/agora.xtec.cat\/escolabacdecerdanya\/wp-json\/wp\/v2\/posts\/1052\/revisions"}],"predecessor-version":[{"id":1171,"href":"https:\/\/agora.xtec.cat\/escolabacdecerdanya\/wp-json\/wp\/v2\/posts\/1052\/revisions\/1171"}],"wp:featuredmedia":[{"embeddable":true,"href":"https:\/\/agora.xtec.cat\/escolabacdecerdanya\/wp-json\/wp\/v2\/media\/1151"}],"wp:attachment":[{"href":"https:\/\/agora.xtec.cat\/escolabacdecerdanya\/wp-json\/wp\/v2\/media?parent=1052"}],"wp:term":[{"taxonomy":"category","embeddable":true,"href":"https:\/\/agora.xtec.cat\/escolabacdecerdanya\/wp-json\/wp\/v2\/categories?post=1052"},{"taxonomy":"post_tag","embeddable":true,"href":"https:\/\/agora.xtec.cat\/escolabacdecerdanya\/wp-json\/wp\/v2\/tags?post=1052"}],"curies":[{"name":"wp","href":"https:\/\/api.w.org\/{rel}","templated":true}]}}