{"id":1010,"date":"2019-06-22T12:03:12","date_gmt":"2019-06-22T10:03:12","guid":{"rendered":"http:\/\/agora.xtec.cat\/escolabacdecerdanya\/?p=1010"},"modified":"2019-09-03T12:55:02","modified_gmt":"2019-09-03T10:55:02","slug":"deures-destiu","status":"publish","type":"post","link":"https:\/\/agora.xtec.cat\/escolabacdecerdanya\/general\/deures-destiu\/","title":{"rendered":"DEURES D&#8217;ESTIU"},"content":{"rendered":"<p class=\"c0\"><strong><span class=\"c3\">DEURES D&#8217;ESTIU 2019<\/span><\/strong><\/p>\n<p class=\"c2\"><span class=\"c4\">1. De bon mat\u00ed, si est\u00e0s de vacances a la costa, <strong>camina sol\/a per la vora del mar.<\/strong> Mira com el sol es reflecteix a l&#8217;aigua pensant en les coses que t&#8217;agraden m\u00e9s de la vida. T&#8217;ajudar\u00e0 a sentir-te <strong>feli\u00e7.<\/strong><\/span><\/p>\n<p>2. Intenta utilitzar totes les<strong> paraules noves<\/strong> i les <strong>frases fetes que has apr\u00e8s aquest any<\/strong>: podr\u00e0s dir m\u00e9s coses, podr\u00e0s pensar m\u00e9s coses i aquest fet et far\u00e0 <strong>sentir m\u00e9s lliure<\/strong>.<\/p>\n<p>3. <strong>Llegeix<\/strong> el m\u00e0xim possible <strong>sense cap obligaci\u00f3<\/strong>; busca el teu espai i moment. Llegeix perqu\u00e8 l&#8217;estiu t&#8217;inspira aventures i somnis, llegeix perqu\u00e8 et d\u00f3na la gana, llegeix perqu\u00e8 sents que ho necessites. Llegint, et sentir\u00e0s com els ocells volant. Llegeix perqu\u00e8 \u00e9s la millor rebel\u00b7li\u00f3. Comparteix les teves lectures, passa per la biblioteca i prova llibres sense comprom\u00eds.<\/p>\n<p>4.<strong> Evita<\/strong> totes les coses, situacions i personatges que et facin <strong>sentir negatiu\/va i buit\/da<\/strong>. Cerca situacions estimulants i amics\/gues que t&#8217;apreci\u00efn \u00a0i t&#8217;entenguin per ser com ets.<\/p>\n<p>5. Si et sents trist\/a o espantat\/da, no et preocupis.<strong> L&#8217;estiu,<\/strong> com totes les grans coses,<strong> trastoca l&#8217;\u00e0nima<\/strong>. Intenta <strong>escriure un diari<\/strong> on puguis plasmar els teus sentiments. Comparteix-lo amb qui vulguis per\u00f2 discretament.<\/p>\n<p>6. <strong>Balla sense sentir-te avergonyit\/da<\/strong>. Allibera tensions, crida, salta. Molt. I qu\u00e8?<\/p>\n<p>7. Almenys una vegada <strong>has de veure com surt el sol<\/strong>. Estigues en silenci i respira. Tanca els ulls agra\u00eft\/da. <strong>Valora qu\u00e8 tens, no exigeixis res si no t&#8217;ho mereixes, pensa-hi.<\/strong><\/p>\n<p>8. <strong>Practica molt esport<\/strong>. Camina. Neda. V\u00e9s amb bicicleta. Hi ha molts camins per a descobrir, organitza sortides de tarda amb amics\/gues.<\/p>\n<p>9. <strong>Compte<\/strong> amb les <strong>xarxes socials<\/strong>, els <strong>m\u00f2bils<\/strong> i les <strong>consoles<\/strong>. <strong>La vida no t\u00e9 5 polzades,<\/strong> es veu molt millor sortint a fora amb amics; quedar-se a casa amb m\u00e0quines insensibles no pot omplir igual i els desconeguts\/des amb qui jugues online s\u00f3n aix\u00f2, desconeguts\/des. <strong>Fes un \u00fas responsable de les xarxes.<\/strong> La prioritat sempre ha de ser la paraula i no el xiulet d&#8217;un dispositiu electr\u00f2nic.<\/p>\n<p>10. <strong>Recorda qu\u00e8 has apr\u00e8s a l&#8217;escola,<\/strong> no nom\u00e9s els continguts curriculars, hi ha coses que t&#8217;emportes per tota la vida i potser ara no ets -encara- capa\u00e7 de valorar.<\/p>\n<p class=\"c2\"><span class=\"c4\"><br \/>\n11. <strong>Sigues feli\u00e7 com el sol, indomable com el mar<\/strong>. No et deixis entabanar per promeses de persones que no t&#8217;inspiren confian\u00e7a.<\/span><\/p>\n<p>12. <strong>Sigues sempre educat\/da, respectu\u00f3s\/a amb tothom<\/strong> i estigues disposat a <strong>ajudar sense esperar res a canvi.<\/strong> Caminar amb el volum del teu m\u00f2bil a tot drap pot molestar a la gent i \u00e9s una manca de respecte a part de ser una estupidesa tenint en compte que fa molt de temps que es van inventar els auriculars.<\/p>\n<p>13. <strong>Gaudeix de pel\u00b7l\u00edcules i can\u00e7ons<\/strong> amb di\u00e0legs i lletres emotives si pot ser en <strong>versi\u00f3 original amb subt\u00edtols<\/strong> si et fan falta. Aix\u00f2 t&#8217;ajudar\u00e0 a millorar les teves habilitats ling\u00fc\u00edstiques i les teves oportunitats de somiar. No deixis que la pel\u00b7l\u00edcula acabi amb els t\u00edtols de cr\u00e8dit, viu l&#8217;experi\u00e8ncia tot l&#8217;estiu. <strong>La can\u00e7\u00f3 de l&#8217;estiu no \u00e9s la millor can\u00e7\u00f3, \u00e9s la que est\u00e0 m\u00e9s de moda<\/strong>, busca la can\u00e7\u00f3 que t&#8217;aporti alguna cosa estigui o no de moda.<\/p>\n<p>14. Durant el dia o la nit,<strong> somia en com pot ser la teva vida<\/strong>. Durant l&#8217;estiu, reuneix forces per <strong>no rendir-te mai<\/strong> per <strong>perseguir els teus somnis<\/strong>. La m\u00fasica i la lectura poden ajudar-te.<\/p>\n<p>15. Utilitza la <strong>ironia<\/strong>, juga buscant complicitats, <strong>sigues original. Ets \u00fanic\/a!<\/strong><\/p>\n<p style=\"text-align: right;\"><a href=\"https:\/\/criatures.ara.cat\/blogs\/lapuntdocent\/Deures-destiu-mida_6_1814878496.html\">Adaptaci\u00f3 de Jordi Roca Font<\/a><\/p>\n<p><img loading=\"lazy\" decoding=\"async\" class=\"aligncenter wp-image-1011 size-full\" src=\"https:\/\/agora.xtec.cat\/escolabacdecerdanya\/wp-content\/uploads\/usu1753\/2019\/06\/BONESVACANCES.jpg\" alt=\"\" width=\"980\" height=\"250\" srcset=\"https:\/\/agora.xtec.cat\/escolabacdecerdanya\/wp-content\/uploads\/usu1753\/2019\/06\/BONESVACANCES.jpg 980w, https:\/\/agora.xtec.cat\/escolabacdecerdanya\/wp-content\/uploads\/usu1753\/2019\/06\/BONESVACANCES-300x77.jpg 300w, https:\/\/agora.xtec.cat\/escolabacdecerdanya\/wp-content\/uploads\/usu1753\/2019\/06\/BONESVACANCES-768x196.jpg 768w\" sizes=\"auto, (max-width: 980px) 100vw, 980px\" \/><\/p>\n","protected":false},"excerpt":{"rendered":"<p>DEURES D&#8217;ESTIU 2019<br \/>\n1. De bon mat\u00ed, si est\u00e0s de vacances a la costa, camina sol\/a per la vora del mar. Mira com el sol es reflecteix a l&#8217;aigua pensant en les coses que t&#8217;agraden m\u00e9s de la vida. T&#8217;ajudar\u00e0 a sentir-te feli\u00e7.<br \/>\n2. Intenta utilitzar totes&hellip;  <a href=\"https:\/\/agora.xtec.cat\/escolabacdecerdanya\/general\/deures-destiu\/\" title=\"Read DEURES D&#8217;ESTIU\">Llegeix m\u00e9s\u00bb<\/a><\/p>\n","protected":false},"author":1,"featured_media":1011,"comment_status":"open","ping_status":"closed","sticky":false,"template":"","format":"standard","meta":{"_bbp_topic_count":0,"_bbp_reply_count":0,"_bbp_total_topic_count":0,"_bbp_total_reply_count":0,"_bbp_voice_count":0,"_bbp_anonymous_reply_count":0,"_bbp_topic_count_hidden":0,"_bbp_reply_count_hidden":0,"_bbp_forum_subforum_count":0,"footnotes":""},"categories":[1,4],"tags":[],"class_list":["post-1010","post","type-post","status-publish","format-standard","has-post-thumbnail","hentry","category-general","category-portada"],"post_mailing_queue_ids":[],"_links":{"self":[{"href":"https:\/\/agora.xtec.cat\/escolabacdecerdanya\/wp-json\/wp\/v2\/posts\/1010","targetHints":{"allow":["GET"]}}],"collection":[{"href":"https:\/\/agora.xtec.cat\/escolabacdecerdanya\/wp-json\/wp\/v2\/posts"}],"about":[{"href":"https:\/\/agora.xtec.cat\/escolabacdecerdanya\/wp-json\/wp\/v2\/types\/post"}],"author":[{"embeddable":true,"href":"https:\/\/agora.xtec.cat\/escolabacdecerdanya\/wp-json\/wp\/v2\/users\/1"}],"replies":[{"embeddable":true,"href":"https:\/\/agora.xtec.cat\/escolabacdecerdanya\/wp-json\/wp\/v2\/comments?post=1010"}],"version-history":[{"count":2,"href":"https:\/\/agora.xtec.cat\/escolabacdecerdanya\/wp-json\/wp\/v2\/posts\/1010\/revisions"}],"predecessor-version":[{"id":1023,"href":"https:\/\/agora.xtec.cat\/escolabacdecerdanya\/wp-json\/wp\/v2\/posts\/1010\/revisions\/1023"}],"wp:featuredmedia":[{"embeddable":true,"href":"https:\/\/agora.xtec.cat\/escolabacdecerdanya\/wp-json\/wp\/v2\/media\/1011"}],"wp:attachment":[{"href":"https:\/\/agora.xtec.cat\/escolabacdecerdanya\/wp-json\/wp\/v2\/media?parent=1010"}],"wp:term":[{"taxonomy":"category","embeddable":true,"href":"https:\/\/agora.xtec.cat\/escolabacdecerdanya\/wp-json\/wp\/v2\/categories?post=1010"},{"taxonomy":"post_tag","embeddable":true,"href":"https:\/\/agora.xtec.cat\/escolabacdecerdanya\/wp-json\/wp\/v2\/tags?post=1010"}],"curies":[{"name":"wp","href":"https:\/\/api.w.org\/{rel}","templated":true}]}}