{"id":8654,"date":"2023-06-12T10:08:04","date_gmt":"2023-06-12T08:08:04","guid":{"rendered":"https:\/\/agora.xtec.cat\/escolaantoniroig\/?p=8654"},"modified":"2023-06-12T10:28:35","modified_gmt":"2023-06-12T08:28:35","slug":"2-de-juny-dia-de-lantoni-roig","status":"publish","type":"post","link":"https:\/\/agora.xtec.cat\/escolaantoniroig\/general\/2-de-juny-dia-de-lantoni-roig\/","title":{"rendered":"2 DE JUNY &#8211; DIA DE L&#8217;ANTONI ROIG"},"content":{"rendered":"<p><img loading=\"lazy\" decoding=\"async\" class=\"aligncenter size-full wp-image-8656\" src=\"https:\/\/agora.xtec.cat\/escolaantoniroig\/wp-content\/uploads\/usu563\/2023\/06\/DIA-DE-LESCOLA-2023.png\" alt=\"\" width=\"850\" height=\"587\" srcset=\"https:\/\/agora.xtec.cat\/escolaantoniroig\/wp-content\/uploads\/usu563\/2023\/06\/DIA-DE-LESCOLA-2023.png 850w, https:\/\/agora.xtec.cat\/escolaantoniroig\/wp-content\/uploads\/usu563\/2023\/06\/DIA-DE-LESCOLA-2023-300x207.png 300w, https:\/\/agora.xtec.cat\/escolaantoniroig\/wp-content\/uploads\/usu563\/2023\/06\/DIA-DE-LESCOLA-2023-768x530.png 768w\" sizes=\"auto, (max-width: 850px) 100vw, 850px\" \/><\/p>\n<p>El passat 2 de juny tot l\u2019alumnat de l\u2019escola va celebrar el DIA DE L\u2019ANTONI ROIG.<\/p>\n<p style=\"text-align: justify;\">Per tal de recordar la figura del torrenc que va fer fortuna a les Am\u00e8riques i va invertir els seus diners en el seu municipi d\u2019origen, s\u2019han fet diverses activitats:<\/p>\n<ul style=\"text-align: justify;\">\n<li>Visita a la Sala Noble del Patronat: tot l\u2019alumnat de 5\u00e8 i 6\u00e8 ha pogut gaudir de les explicacions de Vanessa, que els ha mostrat els elements m\u00e9s importants d\u2019aquesta sala plena de simbologia.<\/li>\n<li>Taller de dibuix al Patronat: el mateix alumnat de Cicle Superior ha realitzar un dibuix dels diferents elements destacats de la fa\u00e7ana de l\u2019edifici del Patronat. Hem fet una exposici\u00f3 a la planta baixa de la nostra escola.<\/li>\n<li>Taller internivells a l\u2019aula: tot l\u2019alumnat del centre (des d\u2019I3 fins a 4t) s\u2019ha barrejat i ha realitzat un taller conjuntament en el que els m\u00e9s grans ajudaven els m\u00e9s petits. El taller consistia en la recreaci\u00f3 de la fa\u00e7ana del Patronat.<\/li>\n<\/ul>\n<p style=\"text-align: justify;\">Aix\u00ed mateix, hem rebut dues visites sorpresa, per una banda, el m\u00edsm\u00edsim Antoni Roig s\u2019ha passejat pel centre al llarg del mat\u00ed i ha anat visitant les classes on els nens i les nenes estaven realitzant els tallers; i per una altre, al llarg de tota la jornada, gr\u00e0cies a la colla gegantera de Torredembarra, hem pogut gaudir de la pres\u00e8ncia del gegant Antoni Roig i la geganta Marina.<\/p>\n<p style=\"text-align: justify;\">Ha estat un gran dia, on hem recordat la figura d\u2019Antoni Roig, qui va iniciar un projecte innovador a la seva \u00e8poca: la creaci\u00f3 de la primera escola p\u00fablica, la\u00efca i mixta de Catalunya.<\/p>\n<p style=\"text-align: justify;\">Ja tenim 131 anys!!!<\/p>\n<p>Podeu veure m\u00e9s fotos\u00a0<strong><a href=\"https:\/\/agora.xtec.cat\/escolaantoniroig\/fotos\/\">clicant aqu\u00ed\u00a0<img loading=\"lazy\" decoding=\"async\" class=\" wp-image-600 alignnone\" src=\"https:\/\/agora.xtec.cat\/escolaantoniroig\/wp-content\/uploads\/usu563\/2015\/11\/Cartoon_Camera_clip_art_small.png\" alt=\"\" width=\"34\" height=\"23\" \/><\/a><\/strong><\/p>\n","protected":false},"excerpt":{"rendered":"<p>El passat 2 de juny tot l\u2019alumnat de l\u2019escola va celebrar el DIA DE L\u2019ANTONI ROIG. Per tal de recordar [&hellip;]<\/p>\n","protected":false},"author":1,"featured_media":8656,"comment_status":"open","ping_status":"closed","sticky":false,"template":"","format":"standard","meta":{"_bbp_topic_count":0,"_bbp_reply_count":0,"_bbp_total_topic_count":0,"_bbp_total_reply_count":0,"_bbp_voice_count":0,"_bbp_anonymous_reply_count":0,"_bbp_topic_count_hidden":0,"_bbp_reply_count_hidden":0,"_bbp_forum_subforum_count":0,"site-sidebar-layout":"default","site-content-layout":"","ast-site-content-layout":"","site-content-style":"default","site-sidebar-style":"default","ast-global-header-display":"","ast-banner-title-visibility":"","ast-main-header-display":"","ast-hfb-above-header-display":"","ast-hfb-below-header-display":"","ast-hfb-mobile-header-display":"","site-post-title":"","ast-breadcrumbs-content":"","ast-featured-img":"","footer-sml-layout":"","theme-transparent-header-meta":"","adv-header-id-meta":"","stick-header-meta":"","header-above-stick-meta":"","header-main-stick-meta":"","header-below-stick-meta":"","astra-migrate-meta-layouts":"default","ast-page-background-enabled":"default","ast-page-background-meta":{"desktop":{"background-color":"var(--ast-global-color-4)","background-image":"","background-repeat":"repeat","background-position":"center center","background-size":"auto","background-attachment":"scroll","background-type":"","background-media":"","overlay-type":"","overlay-color":"","overlay-opacity":"","overlay-gradient":""},"tablet":{"background-color":"","background-image":"","background-repeat":"repeat","background-position":"center center","background-size":"auto","background-attachment":"scroll","background-type":"","background-media":"","overlay-type":"","overlay-color":"","overlay-opacity":"","overlay-gradient":""},"mobile":{"background-color":"","background-image":"","background-repeat":"repeat","background-position":"center center","background-size":"auto","background-attachment":"scroll","background-type":"","background-media":"","overlay-type":"","overlay-color":"","overlay-opacity":"","overlay-gradient":""}},"ast-content-background-meta":{"desktop":{"background-color":"var(--ast-global-color-5)","background-image":"","background-repeat":"repeat","background-position":"center center","background-size":"auto","background-attachment":"scroll","background-type":"","background-media":"","overlay-type":"","overlay-color":"","overlay-opacity":"","overlay-gradient":""},"tablet":{"background-color":"var(--ast-global-color-5)","background-image":"","background-repeat":"repeat","background-position":"center center","background-size":"auto","background-attachment":"scroll","background-type":"","background-media":"","overlay-type":"","overlay-color":"","overlay-opacity":"","overlay-gradient":""},"mobile":{"background-color":"var(--ast-global-color-5)","background-image":"","background-repeat":"repeat","background-position":"center center","background-size":"auto","background-attachment":"scroll","background-type":"","background-media":"","overlay-type":"","overlay-color":"","overlay-opacity":"","overlay-gradient":""}},"footnotes":""},"categories":[30,31,32,211,29,1,4],"tags":[225,43,226],"class_list":["post-8654","post","type-post","status-publish","format-standard","has-post-thumbnail","hentry","category-ci","category-cm","category-cs","category-curs-2022-2023","category-edinf","category-general","category-portada","tag-aniversari","tag-celebracions","tag-dia-de-lescola"],"post_mailing_queue_ids":[],"_links":{"self":[{"href":"https:\/\/agora.xtec.cat\/escolaantoniroig\/wp-json\/wp\/v2\/posts\/8654","targetHints":{"allow":["GET"]}}],"collection":[{"href":"https:\/\/agora.xtec.cat\/escolaantoniroig\/wp-json\/wp\/v2\/posts"}],"about":[{"href":"https:\/\/agora.xtec.cat\/escolaantoniroig\/wp-json\/wp\/v2\/types\/post"}],"author":[{"embeddable":true,"href":"https:\/\/agora.xtec.cat\/escolaantoniroig\/wp-json\/wp\/v2\/users\/1"}],"replies":[{"embeddable":true,"href":"https:\/\/agora.xtec.cat\/escolaantoniroig\/wp-json\/wp\/v2\/comments?post=8654"}],"version-history":[{"count":3,"href":"https:\/\/agora.xtec.cat\/escolaantoniroig\/wp-json\/wp\/v2\/posts\/8654\/revisions"}],"predecessor-version":[{"id":8662,"href":"https:\/\/agora.xtec.cat\/escolaantoniroig\/wp-json\/wp\/v2\/posts\/8654\/revisions\/8662"}],"wp:featuredmedia":[{"embeddable":true,"href":"https:\/\/agora.xtec.cat\/escolaantoniroig\/wp-json\/wp\/v2\/media\/8656"}],"wp:attachment":[{"href":"https:\/\/agora.xtec.cat\/escolaantoniroig\/wp-json\/wp\/v2\/media?parent=8654"}],"wp:term":[{"taxonomy":"category","embeddable":true,"href":"https:\/\/agora.xtec.cat\/escolaantoniroig\/wp-json\/wp\/v2\/categories?post=8654"},{"taxonomy":"post_tag","embeddable":true,"href":"https:\/\/agora.xtec.cat\/escolaantoniroig\/wp-json\/wp\/v2\/tags?post=8654"}],"curies":[{"name":"wp","href":"https:\/\/api.w.org\/{rel}","templated":true}]}}