{"id":8495,"date":"2023-03-27T18:36:59","date_gmt":"2023-03-27T16:36:59","guid":{"rendered":"https:\/\/agora.xtec.cat\/escolaantoniroig\/?p=8495"},"modified":"2023-03-27T19:22:05","modified_gmt":"2023-03-27T17:22:05","slug":"forum-descoles-verdes-2","status":"publish","type":"post","link":"https:\/\/agora.xtec.cat\/escolaantoniroig\/portada\/forum-descoles-verdes-2\/","title":{"rendered":"F\u00d2RUM D&#8217;ESCOLES VERDES"},"content":{"rendered":"<p><span style=\"font-weight: 400;\">El passat divendres, 17 de mar\u00e7, vam acollir a Torredembarra el \u201cF\u00f2rum d\u2019escoles verdes\u201d, una jornada per exposar, compartir, reflexionar i agafar idees sobre el que ha treballat cada centre.\u00a0<\/span><\/p>\n<p><span style=\"font-weight: 400;\">L\u2019escola Antoni Roig vam esposar les activitats portades a terme, sobre els productes de temporada, proximitat i Km. 0.<\/span><\/p>\n<p><span style=\"font-weight: 400;\">Ha estat una oportunitat \u00fanica no sol per a l\u2019alumnat, sin\u00f3 tamb\u00e9 pels mestres que vam assistir-hi, ja que tamb\u00e9 ens va donar l\u2019oportunitat de compartir experi\u00e8ncies amb la resta de docents de les altres escoles.<\/span><\/p>\n<p><span style=\"font-weight: 400;\">La trobada va donar espai per fer una exposici\u00f3, realitzar jocs verds, conviure i acabar la jornada amb una manifestaci\u00f3 per part dels assistents pels carrers de Torredembarra.<\/span><\/p>\n<p><span style=\"font-weight: 400;\">Agrair a les escoles participants aquesta jornada:\u00a0<\/span><span style=\"font-weight: 400;\">Escola Pax, Institut- Escola l\u2019Arrabassada, Col\u00b7legi la Salle, col\u00b7legi El Carme, Col\u00b7legi Vedruna Sagrat Cor, Col\u00b7legi Dominiques Tarragona, Col\u00b7legi Sant Pau Ap\u00f2stol, Escola Bonavista, Escola Torroja i Miret, Escola Mestral i Escola Cal\u00b7l\u00edpolis.<\/span><\/p>\n<p><span style=\"font-weight: 400;\">Amb l\u2019assessorament de Cel Rogent.<\/span><\/p>\n<p><img loading=\"lazy\" decoding=\"async\" class=\"aligncenter size-large wp-image-8504\" src=\"https:\/\/agora.xtec.cat\/escolaantoniroig\/wp-content\/uploads\/usu563\/2023\/03\/IMG20230317104151-1024x771.jpg\" alt=\"\" width=\"1024\" height=\"771\" srcset=\"https:\/\/agora.xtec.cat\/escolaantoniroig\/wp-content\/uploads\/usu563\/2023\/03\/IMG20230317104151-1024x771.jpg 1024w, https:\/\/agora.xtec.cat\/escolaantoniroig\/wp-content\/uploads\/usu563\/2023\/03\/IMG20230317104151-300x226.jpg 300w, https:\/\/agora.xtec.cat\/escolaantoniroig\/wp-content\/uploads\/usu563\/2023\/03\/IMG20230317104151-768x578.jpg 768w, https:\/\/agora.xtec.cat\/escolaantoniroig\/wp-content\/uploads\/usu563\/2023\/03\/IMG20230317104151-1536x1157.jpg 1536w, https:\/\/agora.xtec.cat\/escolaantoniroig\/wp-content\/uploads\/usu563\/2023\/03\/IMG20230317104151-2048x1542.jpg 2048w, https:\/\/agora.xtec.cat\/escolaantoniroig\/wp-content\/uploads\/usu563\/2023\/03\/IMG20230317104151-200x150.jpg 200w\" sizes=\"auto, (max-width: 1024px) 100vw, 1024px\" \/><\/p>\n<p>Podeu veure m\u00e9s fotografies<a href=\"https:\/\/agora.xtec.cat\/escolaantoniroig\/fotos\/\"><strong>\u00a0clicant aqu\u00ed <img loading=\"lazy\" decoding=\"async\" class=\"wp-image-600 alignnone\" src=\"https:\/\/agora.xtec.cat\/escolaantoniroig\/wp-content\/uploads\/usu563\/2015\/11\/Cartoon_Camera_clip_art_small.png\" alt=\"\" width=\"36\" height=\"24\" \/><\/strong><\/a><\/p>\n","protected":false},"excerpt":{"rendered":"<p>El passat divendres, 17 de mar\u00e7, vam acollir a Torredembarra el \u201cF\u00f2rum d\u2019escoles verdes\u201d, una jornada per exposar, compartir, reflexionar [&hellip;]<\/p>\n","protected":false},"author":1,"featured_media":8504,"comment_status":"open","ping_status":"closed","sticky":false,"template":"","format":"standard","meta":{"_bbp_topic_count":0,"_bbp_reply_count":0,"_bbp_total_topic_count":0,"_bbp_total_reply_count":0,"_bbp_voice_count":0,"_bbp_anonymous_reply_count":0,"_bbp_topic_count_hidden":0,"_bbp_reply_count_hidden":0,"_bbp_forum_subforum_count":0,"site-sidebar-layout":"default","site-content-layout":"","ast-site-content-layout":"","site-content-style":"default","site-sidebar-style":"default","ast-global-header-display":"","ast-banner-title-visibility":"","ast-main-header-display":"","ast-hfb-above-header-display":"","ast-hfb-below-header-display":"","ast-hfb-mobile-header-display":"","site-post-title":"","ast-breadcrumbs-content":"","ast-featured-img":"","footer-sml-layout":"","theme-transparent-header-meta":"","adv-header-id-meta":"","stick-header-meta":"","header-above-stick-meta":"","header-main-stick-meta":"","header-below-stick-meta":"","astra-migrate-meta-layouts":"default","ast-page-background-enabled":"default","ast-page-background-meta":{"desktop":{"background-color":"var(--ast-global-color-4)","background-image":"","background-repeat":"repeat","background-position":"center center","background-size":"auto","background-attachment":"scroll","background-type":"","background-media":"","overlay-type":"","overlay-color":"","overlay-opacity":"","overlay-gradient":""},"tablet":{"background-color":"","background-image":"","background-repeat":"repeat","background-position":"center center","background-size":"auto","background-attachment":"scroll","background-type":"","background-media":"","overlay-type":"","overlay-color":"","overlay-opacity":"","overlay-gradient":""},"mobile":{"background-color":"","background-image":"","background-repeat":"repeat","background-position":"center center","background-size":"auto","background-attachment":"scroll","background-type":"","background-media":"","overlay-type":"","overlay-color":"","overlay-opacity":"","overlay-gradient":""}},"ast-content-background-meta":{"desktop":{"background-color":"var(--ast-global-color-5)","background-image":"","background-repeat":"repeat","background-position":"center center","background-size":"auto","background-attachment":"scroll","background-type":"","background-media":"","overlay-type":"","overlay-color":"","overlay-opacity":"","overlay-gradient":""},"tablet":{"background-color":"var(--ast-global-color-5)","background-image":"","background-repeat":"repeat","background-position":"center center","background-size":"auto","background-attachment":"scroll","background-type":"","background-media":"","overlay-type":"","overlay-color":"","overlay-opacity":"","overlay-gradient":""},"mobile":{"background-color":"var(--ast-global-color-5)","background-image":"","background-repeat":"repeat","background-position":"center center","background-size":"auto","background-attachment":"scroll","background-type":"","background-media":"","overlay-type":"","overlay-color":"","overlay-opacity":"","overlay-gradient":""}},"footnotes":""},"categories":[211,34,4],"tags":[73],"class_list":["post-8495","post","type-post","status-publish","format-standard","has-post-thumbnail","hentry","category-curs-2022-2023","category-escverda","category-portada","tag-escoles-verdes"],"post_mailing_queue_ids":[],"_links":{"self":[{"href":"https:\/\/agora.xtec.cat\/escolaantoniroig\/wp-json\/wp\/v2\/posts\/8495","targetHints":{"allow":["GET"]}}],"collection":[{"href":"https:\/\/agora.xtec.cat\/escolaantoniroig\/wp-json\/wp\/v2\/posts"}],"about":[{"href":"https:\/\/agora.xtec.cat\/escolaantoniroig\/wp-json\/wp\/v2\/types\/post"}],"author":[{"embeddable":true,"href":"https:\/\/agora.xtec.cat\/escolaantoniroig\/wp-json\/wp\/v2\/users\/1"}],"replies":[{"embeddable":true,"href":"https:\/\/agora.xtec.cat\/escolaantoniroig\/wp-json\/wp\/v2\/comments?post=8495"}],"version-history":[{"count":3,"href":"https:\/\/agora.xtec.cat\/escolaantoniroig\/wp-json\/wp\/v2\/posts\/8495\/revisions"}],"predecessor-version":[{"id":8505,"href":"https:\/\/agora.xtec.cat\/escolaantoniroig\/wp-json\/wp\/v2\/posts\/8495\/revisions\/8505"}],"wp:featuredmedia":[{"embeddable":true,"href":"https:\/\/agora.xtec.cat\/escolaantoniroig\/wp-json\/wp\/v2\/media\/8504"}],"wp:attachment":[{"href":"https:\/\/agora.xtec.cat\/escolaantoniroig\/wp-json\/wp\/v2\/media?parent=8495"}],"wp:term":[{"taxonomy":"category","embeddable":true,"href":"https:\/\/agora.xtec.cat\/escolaantoniroig\/wp-json\/wp\/v2\/categories?post=8495"},{"taxonomy":"post_tag","embeddable":true,"href":"https:\/\/agora.xtec.cat\/escolaantoniroig\/wp-json\/wp\/v2\/tags?post=8495"}],"curies":[{"name":"wp","href":"https:\/\/api.w.org\/{rel}","templated":true}]}}