{"id":8415,"date":"2023-03-02T11:28:24","date_gmt":"2023-03-02T10:28:24","guid":{"rendered":"https:\/\/agora.xtec.cat\/escolaantoniroig\/?p=8415"},"modified":"2023-03-27T19:22:57","modified_gmt":"2023-03-27T17:22:57","slug":"sortida-tarraco","status":"publish","type":"post","link":"https:\/\/agora.xtec.cat\/escolaantoniroig\/general\/sortida-tarraco\/","title":{"rendered":"SORTIDA TARRACO"},"content":{"rendered":"<p style=\"text-align: justify;\">El passat divendres 10 de febrer l&#8217;alumnat de 4t va anar d\u2019excursi\u00f3 a Tarragona per a continuar aprenent sobre l\u2019important\u00edssim passat rom\u00e0 de la ciutat.<\/p>\n<p style=\"text-align: justify;\">La ruta de la sortida va ser molt completa.\u00a0Primer, per situar-se al mapa, vam anar a veure la maqueta de la ciutat. Aix\u00ed v\u00e0rem poder veure el recorregut del dia i els llocs emblem\u00e0tics que visitar\u00edem. Despr\u00e9s, iniciarem una caminada per les muralles on a m\u00e9s a m\u00e9s de veure i aprendre la seva complexitat arquitect\u00f2nica observarem les diverses est\u00e0tues de \u00abL\u2019emperador August\u00bb i \u00abLa lloba\u00bb.<\/p>\n<p style=\"text-align: justify;\">Continu\u00e0rem el recorregut amb la torre del Pret\u00f2ric i el circ rom\u00e0.\u00a0I, finalment, acab\u00e0rem d\u2019arrodonir el dia amb les vistes de l\u2019amfiteatre, va ser un dia espectacular!<\/p>\n<p style=\"text-align: justify;\"><img loading=\"lazy\" decoding=\"async\" class=\"aligncenter wp-image-8420\" src=\"https:\/\/agora.xtec.cat\/escolaantoniroig\/wp-content\/uploads\/usu563\/2023\/03\/tarraco-768x1024.jpg\" alt=\"\" width=\"431\" height=\"575\" srcset=\"https:\/\/agora.xtec.cat\/escolaantoniroig\/wp-content\/uploads\/usu563\/2023\/03\/tarraco-768x1024.jpg 768w, https:\/\/agora.xtec.cat\/escolaantoniroig\/wp-content\/uploads\/usu563\/2023\/03\/tarraco-225x300.jpg 225w, https:\/\/agora.xtec.cat\/escolaantoniroig\/wp-content\/uploads\/usu563\/2023\/03\/tarraco-1152x1536.jpg 1152w, https:\/\/agora.xtec.cat\/escolaantoniroig\/wp-content\/uploads\/usu563\/2023\/03\/tarraco.jpg 1536w\" sizes=\"auto, (max-width: 431px) 100vw, 431px\" \/><\/p>\n<p>Podeu veure m\u00e9s fotografies\u00a0<a href=\"https:\/\/agora.xtec.cat\/escolaantoniroig\/fotos\/\">clicant aqu\u00ed\u00a0<img loading=\"lazy\" decoding=\"async\" class=\" wp-image-600 alignnone\" src=\"https:\/\/agora.xtec.cat\/escolaantoniroig\/wp-content\/uploads\/usu563\/2015\/11\/Cartoon_Camera_clip_art_small.png\" alt=\"\" width=\"34\" height=\"23\" \/><\/a><\/p>\n","protected":false},"excerpt":{"rendered":"<p>El passat divendres 10 de febrer l&#8217;alumnat de 4t va anar d\u2019excursi\u00f3 a Tarragona per a continuar aprenent sobre l\u2019important\u00edssim [&hellip;]<\/p>\n","protected":false},"author":1,"featured_media":8420,"comment_status":"open","ping_status":"closed","sticky":false,"template":"","format":"standard","meta":{"_bbp_topic_count":0,"_bbp_reply_count":0,"_bbp_total_topic_count":0,"_bbp_total_reply_count":0,"_bbp_voice_count":0,"_bbp_anonymous_reply_count":0,"_bbp_topic_count_hidden":0,"_bbp_reply_count_hidden":0,"_bbp_forum_subforum_count":0,"site-sidebar-layout":"default","site-content-layout":"","ast-site-content-layout":"","site-content-style":"default","site-sidebar-style":"default","ast-global-header-display":"","ast-banner-title-visibility":"","ast-main-header-display":"","ast-hfb-above-header-display":"","ast-hfb-below-header-display":"","ast-hfb-mobile-header-display":"","site-post-title":"","ast-breadcrumbs-content":"","ast-featured-img":"","footer-sml-layout":"","theme-transparent-header-meta":"","adv-header-id-meta":"","stick-header-meta":"","header-above-stick-meta":"","header-main-stick-meta":"","header-below-stick-meta":"","astra-migrate-meta-layouts":"default","ast-page-background-enabled":"default","ast-page-background-meta":{"desktop":{"background-color":"var(--ast-global-color-4)","background-image":"","background-repeat":"repeat","background-position":"center center","background-size":"auto","background-attachment":"scroll","background-type":"","background-media":"","overlay-type":"","overlay-color":"","overlay-opacity":"","overlay-gradient":""},"tablet":{"background-color":"","background-image":"","background-repeat":"repeat","background-position":"center center","background-size":"auto","background-attachment":"scroll","background-type":"","background-media":"","overlay-type":"","overlay-color":"","overlay-opacity":"","overlay-gradient":""},"mobile":{"background-color":"","background-image":"","background-repeat":"repeat","background-position":"center center","background-size":"auto","background-attachment":"scroll","background-type":"","background-media":"","overlay-type":"","overlay-color":"","overlay-opacity":"","overlay-gradient":""}},"ast-content-background-meta":{"desktop":{"background-color":"var(--ast-global-color-5)","background-image":"","background-repeat":"repeat","background-position":"center center","background-size":"auto","background-attachment":"scroll","background-type":"","background-media":"","overlay-type":"","overlay-color":"","overlay-opacity":"","overlay-gradient":""},"tablet":{"background-color":"var(--ast-global-color-5)","background-image":"","background-repeat":"repeat","background-position":"center center","background-size":"auto","background-attachment":"scroll","background-type":"","background-media":"","overlay-type":"","overlay-color":"","overlay-opacity":"","overlay-gradient":""},"mobile":{"background-color":"var(--ast-global-color-5)","background-image":"","background-repeat":"repeat","background-position":"center center","background-size":"auto","background-attachment":"scroll","background-type":"","background-media":"","overlay-type":"","overlay-color":"","overlay-opacity":"","overlay-gradient":""}},"footnotes":""},"categories":[31,211,1,4],"tags":[57,16],"class_list":["post-8415","post","type-post","status-publish","format-standard","has-post-thumbnail","hentry","category-cm","category-curs-2022-2023","category-general","category-portada","tag-cicle-mitja","tag-sortides"],"post_mailing_queue_ids":[],"_links":{"self":[{"href":"https:\/\/agora.xtec.cat\/escolaantoniroig\/wp-json\/wp\/v2\/posts\/8415","targetHints":{"allow":["GET"]}}],"collection":[{"href":"https:\/\/agora.xtec.cat\/escolaantoniroig\/wp-json\/wp\/v2\/posts"}],"about":[{"href":"https:\/\/agora.xtec.cat\/escolaantoniroig\/wp-json\/wp\/v2\/types\/post"}],"author":[{"embeddable":true,"href":"https:\/\/agora.xtec.cat\/escolaantoniroig\/wp-json\/wp\/v2\/users\/1"}],"replies":[{"embeddable":true,"href":"https:\/\/agora.xtec.cat\/escolaantoniroig\/wp-json\/wp\/v2\/comments?post=8415"}],"version-history":[{"count":3,"href":"https:\/\/agora.xtec.cat\/escolaantoniroig\/wp-json\/wp\/v2\/posts\/8415\/revisions"}],"predecessor-version":[{"id":8422,"href":"https:\/\/agora.xtec.cat\/escolaantoniroig\/wp-json\/wp\/v2\/posts\/8415\/revisions\/8422"}],"wp:featuredmedia":[{"embeddable":true,"href":"https:\/\/agora.xtec.cat\/escolaantoniroig\/wp-json\/wp\/v2\/media\/8420"}],"wp:attachment":[{"href":"https:\/\/agora.xtec.cat\/escolaantoniroig\/wp-json\/wp\/v2\/media?parent=8415"}],"wp:term":[{"taxonomy":"category","embeddable":true,"href":"https:\/\/agora.xtec.cat\/escolaantoniroig\/wp-json\/wp\/v2\/categories?post=8415"},{"taxonomy":"post_tag","embeddable":true,"href":"https:\/\/agora.xtec.cat\/escolaantoniroig\/wp-json\/wp\/v2\/tags?post=8415"}],"curies":[{"name":"wp","href":"https:\/\/api.w.org\/{rel}","templated":true}]}}