{"id":8312,"date":"2023-02-14T10:37:31","date_gmt":"2023-02-14T09:37:31","guid":{"rendered":"https:\/\/agora.xtec.cat\/escolaantoniroig\/?p=8312"},"modified":"2023-02-21T12:38:51","modified_gmt":"2023-02-21T11:38:51","slug":"solidarizarte","status":"publish","type":"post","link":"https:\/\/agora.xtec.cat\/escolaantoniroig\/general\/solidarizarte\/","title":{"rendered":"SolidarizARTE"},"content":{"rendered":"<p style=\"text-align: justify;\">El passat mes de desembre l\u2019alumnat de 5\u00e8 va participar en un concurs de dibuix organitzat per l\u2019ONG AYUDEMOS A UN NI\u00d1O.<\/p>\n<p style=\"text-align: justify;\">La tem\u00e0tica del concurs era:\u00a0<strong>\u201cEl nostre planeta est\u00e0 malalt, \u00e9s hora d\u2019actuar amb visi\u00f3 de g\u00e8nere\u201d.<\/strong><\/p>\n<p style=\"text-align: justify;\">Vivim en un m\u00f3n molt gran, que amb el temps es mostra cada cop m\u00e9s malalt. Per\u00f2 si ens esforcem i lluitem per canviar la tend\u00e8ncia, ho aconseguirem, sobretot si ho fem junts.<\/p>\n<p style=\"text-align: justify;\">Ayudemos a un ni\u00f1o pret\u00e8n que l\u2019alumnat de prim\u00e0ria, des de la seva mirada innocent i entusiasta, vagi canviant aquest incert cam\u00ed cap a destinacions m\u00e9s positives.<\/p>\n<p style=\"text-align: justify;\">Hi han participat escoles d\u2019arreu d\u2019Espanya. Hi ha hagut dibuixos molt interessants que podreu trobar a la <a href=\"https:\/\/www.ayudemosaunnino.org\/Informate\/novedades\/2023\/01\/14\/solidarizarte-2022-participa-en-la-nueva-edicion-de-nuestro-concurso-nacional-de-dibujo-escolar\/\">p\u00e0gina web de l\u2019ONG.<\/a><\/p>\n<p style=\"text-align: justify;\">A m\u00e9s a m\u00e9s, un dels alumnes de 5\u00e8 de la nostra escola ha estat escollit finalista amb el seu dibuix, es tracta de:<\/p>\n<p style=\"text-align: center;\">STEVEN CASTRO (alumne de 5\u00e8A)<\/p>\n<p style=\"text-align: justify;\">Ens ha alegrat molt rebre aquest reconeixement, tant a l\u2019escola, com a la mestra d\u2019art\u00edstic, com al mateix Steven. Aviat trobareu fotos seves a la p\u00e0gina web de l&#8217;entitat organitzadora.<\/p>\n<p style=\"text-align: justify;\">Enhorabona a totes les nenes i tots els nens de 5\u00e8!!<\/p>\n<p><img loading=\"lazy\" decoding=\"async\" class=\"aligncenter wp-image-8345\" src=\"https:\/\/agora.xtec.cat\/escolaantoniroig\/wp-content\/uploads\/usu563\/2023\/02\/IMG20230202152630.jpg\" alt=\"\" width=\"377\" height=\"503\" srcset=\"https:\/\/agora.xtec.cat\/escolaantoniroig\/wp-content\/uploads\/usu563\/2023\/02\/IMG20230202152630.jpg 480w, https:\/\/agora.xtec.cat\/escolaantoniroig\/wp-content\/uploads\/usu563\/2023\/02\/IMG20230202152630-225x300.jpg 225w\" sizes=\"auto, (max-width: 377px) 100vw, 377px\" \/><\/p>\n<p><img loading=\"lazy\" decoding=\"async\" class=\"aligncenter wp-image-8346\" src=\"https:\/\/agora.xtec.cat\/escolaantoniroig\/wp-content\/uploads\/usu563\/2023\/02\/IMG20230202152608.jpg\" alt=\"\" width=\"376\" height=\"501\" srcset=\"https:\/\/agora.xtec.cat\/escolaantoniroig\/wp-content\/uploads\/usu563\/2023\/02\/IMG20230202152608.jpg 480w, https:\/\/agora.xtec.cat\/escolaantoniroig\/wp-content\/uploads\/usu563\/2023\/02\/IMG20230202152608-225x300.jpg 225w\" sizes=\"auto, (max-width: 376px) 100vw, 376px\" \/><\/p>\n","protected":false},"excerpt":{"rendered":"<p>El passat mes de desembre l\u2019alumnat de 5\u00e8 va participar en un concurs de dibuix organitzat per l\u2019ONG AYUDEMOS A [&hellip;]<\/p>\n","protected":false},"author":1,"featured_media":8345,"comment_status":"open","ping_status":"closed","sticky":false,"template":"","format":"standard","meta":{"_bbp_topic_count":0,"_bbp_reply_count":0,"_bbp_total_topic_count":0,"_bbp_total_reply_count":0,"_bbp_voice_count":0,"_bbp_anonymous_reply_count":0,"_bbp_topic_count_hidden":0,"_bbp_reply_count_hidden":0,"_bbp_forum_subforum_count":0,"site-sidebar-layout":"default","site-content-layout":"","ast-site-content-layout":"","site-content-style":"default","site-sidebar-style":"default","ast-global-header-display":"","ast-banner-title-visibility":"","ast-main-header-display":"","ast-hfb-above-header-display":"","ast-hfb-below-header-display":"","ast-hfb-mobile-header-display":"","site-post-title":"","ast-breadcrumbs-content":"","ast-featured-img":"","footer-sml-layout":"","theme-transparent-header-meta":"","adv-header-id-meta":"","stick-header-meta":"","header-above-stick-meta":"","header-main-stick-meta":"","header-below-stick-meta":"","astra-migrate-meta-layouts":"default","ast-page-background-enabled":"default","ast-page-background-meta":{"desktop":{"background-color":"var(--ast-global-color-4)","background-image":"","background-repeat":"repeat","background-position":"center center","background-size":"auto","background-attachment":"scroll","background-type":"","background-media":"","overlay-type":"","overlay-color":"","overlay-opacity":"","overlay-gradient":""},"tablet":{"background-color":"","background-image":"","background-repeat":"repeat","background-position":"center center","background-size":"auto","background-attachment":"scroll","background-type":"","background-media":"","overlay-type":"","overlay-color":"","overlay-opacity":"","overlay-gradient":""},"mobile":{"background-color":"","background-image":"","background-repeat":"repeat","background-position":"center center","background-size":"auto","background-attachment":"scroll","background-type":"","background-media":"","overlay-type":"","overlay-color":"","overlay-opacity":"","overlay-gradient":""}},"ast-content-background-meta":{"desktop":{"background-color":"var(--ast-global-color-5)","background-image":"","background-repeat":"repeat","background-position":"center center","background-size":"auto","background-attachment":"scroll","background-type":"","background-media":"","overlay-type":"","overlay-color":"","overlay-opacity":"","overlay-gradient":""},"tablet":{"background-color":"var(--ast-global-color-5)","background-image":"","background-repeat":"repeat","background-position":"center center","background-size":"auto","background-attachment":"scroll","background-type":"","background-media":"","overlay-type":"","overlay-color":"","overlay-opacity":"","overlay-gradient":""},"mobile":{"background-color":"var(--ast-global-color-5)","background-image":"","background-repeat":"repeat","background-position":"center center","background-size":"auto","background-attachment":"scroll","background-type":"","background-media":"","overlay-type":"","overlay-color":"","overlay-opacity":"","overlay-gradient":""}},"footnotes":""},"categories":[32,211,170,1,4],"tags":[39,105,116,141],"class_list":["post-8312","post","type-post","status-publish","format-standard","has-post-thumbnail","hentry","category-cs","category-curs-2022-2023","category-educacio-artistica","category-general","category-portada","tag-cicle-superior","tag-concursos","tag-ed-artistica","tag-premis"],"post_mailing_queue_ids":[],"_links":{"self":[{"href":"https:\/\/agora.xtec.cat\/escolaantoniroig\/wp-json\/wp\/v2\/posts\/8312","targetHints":{"allow":["GET"]}}],"collection":[{"href":"https:\/\/agora.xtec.cat\/escolaantoniroig\/wp-json\/wp\/v2\/posts"}],"about":[{"href":"https:\/\/agora.xtec.cat\/escolaantoniroig\/wp-json\/wp\/v2\/types\/post"}],"author":[{"embeddable":true,"href":"https:\/\/agora.xtec.cat\/escolaantoniroig\/wp-json\/wp\/v2\/users\/1"}],"replies":[{"embeddable":true,"href":"https:\/\/agora.xtec.cat\/escolaantoniroig\/wp-json\/wp\/v2\/comments?post=8312"}],"version-history":[{"count":3,"href":"https:\/\/agora.xtec.cat\/escolaantoniroig\/wp-json\/wp\/v2\/posts\/8312\/revisions"}],"predecessor-version":[{"id":8348,"href":"https:\/\/agora.xtec.cat\/escolaantoniroig\/wp-json\/wp\/v2\/posts\/8312\/revisions\/8348"}],"wp:featuredmedia":[{"embeddable":true,"href":"https:\/\/agora.xtec.cat\/escolaantoniroig\/wp-json\/wp\/v2\/media\/8345"}],"wp:attachment":[{"href":"https:\/\/agora.xtec.cat\/escolaantoniroig\/wp-json\/wp\/v2\/media?parent=8312"}],"wp:term":[{"taxonomy":"category","embeddable":true,"href":"https:\/\/agora.xtec.cat\/escolaantoniroig\/wp-json\/wp\/v2\/categories?post=8312"},{"taxonomy":"post_tag","embeddable":true,"href":"https:\/\/agora.xtec.cat\/escolaantoniroig\/wp-json\/wp\/v2\/tags?post=8312"}],"curies":[{"name":"wp","href":"https:\/\/api.w.org\/{rel}","templated":true}]}}