{"id":8111,"date":"2022-11-14T10:29:21","date_gmt":"2022-11-14T09:29:21","guid":{"rendered":"https:\/\/agora.xtec.cat\/escolaantoniroig\/?p=8111"},"modified":"2022-11-24T15:15:51","modified_gmt":"2022-11-24T14:15:51","slug":"recull-de-contes-basats-en-la-musica-delisabetta-brusa","status":"publish","type":"post","link":"https:\/\/agora.xtec.cat\/escolaantoniroig\/general\/recull-de-contes-basats-en-la-musica-delisabetta-brusa\/","title":{"rendered":"RECULL DE CONTES BASATS EN LA M\u00daSICA D&#8217;ELISABETTA BRUSA"},"content":{"rendered":"<p style=\"text-align: justify;\">Durant la setmana de castanyada a l&#8217;aula de m\u00fasica l&#8217;alumnat de cicle superior va treballar com fer una hist\u00f2ria a partir d&#8217;una m\u00fasica escoltada (activitat extreta de <a href=\"https:\/\/mariajesusmusica.wixsite.com\/imaginacionhalloween\">https:\/\/mariajesusmusica.wixsite.com\/imaginacionhalloween<\/a>).<\/p>\n<p style=\"text-align: justify;\">Es va crear una bastida on cada alumne s&#8217;inventava la seva hist\u00f2ria sempre tenint present la m\u00fasica escoltada de la compositora Elisabetta Brusa. Despr\u00e9s les van compartir amb els altres companys i companyes en veu alta. Finalment, es va treballar un conte col\u00b7laboratiu entre tots amb l&#8217;app Story Jumper.<\/p>\n<p style=\"text-align: justify;\">Va ser una activitat molt enriquidora on tots van aportar moltes idees i costava decidir com avan\u00e7ar en la seva hist\u00f2ria.<\/p>\n<p style=\"text-align: justify;\">Aqu\u00ed us deixem el recull de contes creats.<\/p>\n<div style=\"text-align: center;\">\n<div style=\"margin: 8px 0px 4px;\"><a href=\"https:\/\/www.calameo.com\/books\/005081749ecc636689e57\" target=\"_blank\" rel=\"noopener\">Recull de contes basats en la m\u00fasica d&#8217;Elisabetta Brusa<\/a><\/div>\n<p><iframe loading=\"lazy\" style=\"margin: 0 auto;\" src=\"\/\/v.calameo.com\/?bkcode=005081749ecc636689e57&amp;mode=mini&amp;showsharemenu=false&amp;clickto=view&amp;clicktarget=_self\" width=\"480\" height=\"300\" frameborder=\"0\" scrolling=\"no\" allowfullscreen=\"allowfullscreen\"><\/iframe><\/p>\n<div style=\"margin: 4px 0px 8px;\"><\/div>\n<\/div>\n<p>&nbsp;<\/p>\n","protected":false},"excerpt":{"rendered":"<p>Durant la setmana de castanyada a l&#8217;aula de m\u00fasica l&#8217;alumnat de cicle superior va treballar com fer una hist\u00f2ria a [&hellip;]<\/p>\n","protected":false},"author":1,"featured_media":0,"comment_status":"open","ping_status":"closed","sticky":false,"template":"","format":"standard","meta":{"_bbp_topic_count":0,"_bbp_reply_count":0,"_bbp_total_topic_count":0,"_bbp_total_reply_count":0,"_bbp_voice_count":0,"_bbp_anonymous_reply_count":0,"_bbp_topic_count_hidden":0,"_bbp_reply_count_hidden":0,"_bbp_forum_subforum_count":0,"site-sidebar-layout":"default","site-content-layout":"","ast-site-content-layout":"","site-content-style":"default","site-sidebar-style":"default","ast-global-header-display":"","ast-banner-title-visibility":"","ast-main-header-display":"","ast-hfb-above-header-display":"","ast-hfb-below-header-display":"","ast-hfb-mobile-header-display":"","site-post-title":"","ast-breadcrumbs-content":"","ast-featured-img":"","footer-sml-layout":"","theme-transparent-header-meta":"","adv-header-id-meta":"","stick-header-meta":"","header-above-stick-meta":"","header-main-stick-meta":"","header-below-stick-meta":"","astra-migrate-meta-layouts":"default","ast-page-background-enabled":"default","ast-page-background-meta":{"desktop":{"background-color":"var(--ast-global-color-4)","background-image":"","background-repeat":"repeat","background-position":"center center","background-size":"auto","background-attachment":"scroll","background-type":"","background-media":"","overlay-type":"","overlay-color":"","overlay-opacity":"","overlay-gradient":""},"tablet":{"background-color":"","background-image":"","background-repeat":"repeat","background-position":"center center","background-size":"auto","background-attachment":"scroll","background-type":"","background-media":"","overlay-type":"","overlay-color":"","overlay-opacity":"","overlay-gradient":""},"mobile":{"background-color":"","background-image":"","background-repeat":"repeat","background-position":"center center","background-size":"auto","background-attachment":"scroll","background-type":"","background-media":"","overlay-type":"","overlay-color":"","overlay-opacity":"","overlay-gradient":""}},"ast-content-background-meta":{"desktop":{"background-color":"var(--ast-global-color-5)","background-image":"","background-repeat":"repeat","background-position":"center center","background-size":"auto","background-attachment":"scroll","background-type":"","background-media":"","overlay-type":"","overlay-color":"","overlay-opacity":"","overlay-gradient":""},"tablet":{"background-color":"var(--ast-global-color-5)","background-image":"","background-repeat":"repeat","background-position":"center center","background-size":"auto","background-attachment":"scroll","background-type":"","background-media":"","overlay-type":"","overlay-color":"","overlay-opacity":"","overlay-gradient":""},"mobile":{"background-color":"var(--ast-global-color-5)","background-image":"","background-repeat":"repeat","background-position":"center center","background-size":"auto","background-attachment":"scroll","background-type":"","background-media":"","overlay-type":"","overlay-color":"","overlay-opacity":"","overlay-gradient":""}},"footnotes":""},"categories":[32,211,170,1,4],"tags":[39,116,146],"class_list":["post-8111","post","type-post","status-publish","format-standard","hentry","category-cs","category-curs-2022-2023","category-educacio-artistica","category-general","category-portada","tag-cicle-superior","tag-ed-artistica","tag-educacio-artistica"],"post_mailing_queue_ids":[],"_links":{"self":[{"href":"https:\/\/agora.xtec.cat\/escolaantoniroig\/wp-json\/wp\/v2\/posts\/8111","targetHints":{"allow":["GET"]}}],"collection":[{"href":"https:\/\/agora.xtec.cat\/escolaantoniroig\/wp-json\/wp\/v2\/posts"}],"about":[{"href":"https:\/\/agora.xtec.cat\/escolaantoniroig\/wp-json\/wp\/v2\/types\/post"}],"author":[{"embeddable":true,"href":"https:\/\/agora.xtec.cat\/escolaantoniroig\/wp-json\/wp\/v2\/users\/1"}],"replies":[{"embeddable":true,"href":"https:\/\/agora.xtec.cat\/escolaantoniroig\/wp-json\/wp\/v2\/comments?post=8111"}],"version-history":[{"count":3,"href":"https:\/\/agora.xtec.cat\/escolaantoniroig\/wp-json\/wp\/v2\/posts\/8111\/revisions"}],"predecessor-version":[{"id":8124,"href":"https:\/\/agora.xtec.cat\/escolaantoniroig\/wp-json\/wp\/v2\/posts\/8111\/revisions\/8124"}],"wp:attachment":[{"href":"https:\/\/agora.xtec.cat\/escolaantoniroig\/wp-json\/wp\/v2\/media?parent=8111"}],"wp:term":[{"taxonomy":"category","embeddable":true,"href":"https:\/\/agora.xtec.cat\/escolaantoniroig\/wp-json\/wp\/v2\/categories?post=8111"},{"taxonomy":"post_tag","embeddable":true,"href":"https:\/\/agora.xtec.cat\/escolaantoniroig\/wp-json\/wp\/v2\/tags?post=8111"}],"curies":[{"name":"wp","href":"https:\/\/api.w.org\/{rel}","templated":true}]}}