{"id":7705,"date":"2022-04-25T09:59:00","date_gmt":"2022-04-25T07:59:00","guid":{"rendered":"https:\/\/agora.xtec.cat\/escolaantoniroig\/?p=7705"},"modified":"2022-04-25T09:59:00","modified_gmt":"2022-04-25T07:59:00","slug":"sant-jordi-a-cicle-mitja","status":"publish","type":"post","link":"https:\/\/agora.xtec.cat\/escolaantoniroig\/general\/sant-jordi-a-cicle-mitja\/","title":{"rendered":"SANT JORDI A CICLE MITJ\u00c0"},"content":{"rendered":"<p style=\"text-align: justify;\">A cicle mitj\u00e0 ens vam engrescar molt celebrant la diada de Sant Jordi.<\/p>\n<p style=\"text-align: justify;\">El mat\u00ed el vam dedicar a l&#8217;escriptura. Vam fer creacions liter\u00e0ries molt boniques. L&#8217;alumnat de 3r va escriure el conte d&#8217;Al\u00edcia en el pa\u00eds de les meravelles, canviant la hist\u00f2ria i els personatges.\u00a0 I el de 4t va escriure de forma col\u00b7lectiva la llegenda de Sant Jordi amb personatges de la vida actual. Tamb\u00e9 van crear acr\u00f2stics i cal\u00b7ligrames, treballats a biblioteca. A m\u00e9s m\u00e9s, vam fer una exposici\u00f3 de les creacions liter\u00e0ries a un rac\u00f3 del passad\u00eds de la nostra escola.<\/p>\n<p style=\"text-align: justify;\">Despr\u00e9s del pati vam poder gaudir d&#8217;una obra de teatre representada pels mestres de l&#8217;escola, estrenant una nova zona de joc al pati: el teatre de l&#8217;Antoni Roig.<\/p>\n<p style=\"text-align: justify;\">A la tarda vam a fer roses i una postal-teatret amb els personatges de la llegenda.<\/p>\n<p><img loading=\"lazy\" decoding=\"async\" class=\"aligncenter size-full wp-image-7708\" src=\"https:\/\/agora.xtec.cat\/escolaantoniroig\/wp-content\/uploads\/usu563\/2022\/04\/sant-jordi-cm.jpg\" alt=\"\" width=\"692\" height=\"416\" srcset=\"https:\/\/agora.xtec.cat\/escolaantoniroig\/wp-content\/uploads\/usu563\/2022\/04\/sant-jordi-cm.jpg 692w, https:\/\/agora.xtec.cat\/escolaantoniroig\/wp-content\/uploads\/usu563\/2022\/04\/sant-jordi-cm-300x180.jpg 300w\" sizes=\"auto, (max-width: 692px) 100vw, 692px\" \/><\/p>\n<p>&nbsp;<\/p>\n<p>Podeu veure m\u00e9s fotografies\u00a0<strong><a href=\"https:\/\/agora.xtec.cat\/escolaantoniroig\/fotos\/\">clicant aqu\u00ed\u00a0<img loading=\"lazy\" decoding=\"async\" class=\" wp-image-600 alignnone\" src=\"https:\/\/agora.xtec.cat\/escolaantoniroig\/wp-content\/uploads\/usu563\/2015\/11\/Cartoon_Camera_clip_art_small.png\" alt=\"\" width=\"36\" height=\"24\" \/><\/a><\/strong><\/p>\n","protected":false},"excerpt":{"rendered":"<p>A cicle mitj\u00e0 ens vam engrescar molt celebrant la diada de Sant Jordi. El mat\u00ed el vam dedicar a l&#8217;escriptura. [&hellip;]<\/p>\n","protected":false},"author":1,"featured_media":7708,"comment_status":"open","ping_status":"closed","sticky":false,"template":"","format":"standard","meta":{"_bbp_topic_count":0,"_bbp_reply_count":0,"_bbp_total_topic_count":0,"_bbp_total_reply_count":0,"_bbp_voice_count":0,"_bbp_anonymous_reply_count":0,"_bbp_topic_count_hidden":0,"_bbp_reply_count_hidden":0,"_bbp_forum_subforum_count":0,"site-sidebar-layout":"default","site-content-layout":"","ast-site-content-layout":"","site-content-style":"default","site-sidebar-style":"default","ast-global-header-display":"","ast-banner-title-visibility":"","ast-main-header-display":"","ast-hfb-above-header-display":"","ast-hfb-below-header-display":"","ast-hfb-mobile-header-display":"","site-post-title":"","ast-breadcrumbs-content":"","ast-featured-img":"","footer-sml-layout":"","theme-transparent-header-meta":"","adv-header-id-meta":"","stick-header-meta":"","header-above-stick-meta":"","header-main-stick-meta":"","header-below-stick-meta":"","astra-migrate-meta-layouts":"default","ast-page-background-enabled":"default","ast-page-background-meta":{"desktop":{"background-color":"var(--ast-global-color-4)","background-image":"","background-repeat":"repeat","background-position":"center center","background-size":"auto","background-attachment":"scroll","background-type":"","background-media":"","overlay-type":"","overlay-color":"","overlay-opacity":"","overlay-gradient":""},"tablet":{"background-color":"","background-image":"","background-repeat":"repeat","background-position":"center center","background-size":"auto","background-attachment":"scroll","background-type":"","background-media":"","overlay-type":"","overlay-color":"","overlay-opacity":"","overlay-gradient":""},"mobile":{"background-color":"","background-image":"","background-repeat":"repeat","background-position":"center center","background-size":"auto","background-attachment":"scroll","background-type":"","background-media":"","overlay-type":"","overlay-color":"","overlay-opacity":"","overlay-gradient":""}},"ast-content-background-meta":{"desktop":{"background-color":"var(--ast-global-color-5)","background-image":"","background-repeat":"repeat","background-position":"center center","background-size":"auto","background-attachment":"scroll","background-type":"","background-media":"","overlay-type":"","overlay-color":"","overlay-opacity":"","overlay-gradient":""},"tablet":{"background-color":"var(--ast-global-color-5)","background-image":"","background-repeat":"repeat","background-position":"center center","background-size":"auto","background-attachment":"scroll","background-type":"","background-media":"","overlay-type":"","overlay-color":"","overlay-opacity":"","overlay-gradient":""},"mobile":{"background-color":"var(--ast-global-color-5)","background-image":"","background-repeat":"repeat","background-position":"center center","background-size":"auto","background-attachment":"scroll","background-type":"","background-media":"","overlay-type":"","overlay-color":"","overlay-opacity":"","overlay-gradient":""}},"footnotes":""},"categories":[31,197,1,4],"tags":[43,57,55,114,164],"class_list":["post-7705","post","type-post","status-publish","format-standard","has-post-thumbnail","hentry","category-cm","category-curs-2021-2022","category-general","category-portada","tag-celebracions","tag-cicle-mitja","tag-sant-jordi","tag-tallers","tag-teatre"],"post_mailing_queue_ids":[],"_links":{"self":[{"href":"https:\/\/agora.xtec.cat\/escolaantoniroig\/wp-json\/wp\/v2\/posts\/7705","targetHints":{"allow":["GET"]}}],"collection":[{"href":"https:\/\/agora.xtec.cat\/escolaantoniroig\/wp-json\/wp\/v2\/posts"}],"about":[{"href":"https:\/\/agora.xtec.cat\/escolaantoniroig\/wp-json\/wp\/v2\/types\/post"}],"author":[{"embeddable":true,"href":"https:\/\/agora.xtec.cat\/escolaantoniroig\/wp-json\/wp\/v2\/users\/1"}],"replies":[{"embeddable":true,"href":"https:\/\/agora.xtec.cat\/escolaantoniroig\/wp-json\/wp\/v2\/comments?post=7705"}],"version-history":[{"count":2,"href":"https:\/\/agora.xtec.cat\/escolaantoniroig\/wp-json\/wp\/v2\/posts\/7705\/revisions"}],"predecessor-version":[{"id":7709,"href":"https:\/\/agora.xtec.cat\/escolaantoniroig\/wp-json\/wp\/v2\/posts\/7705\/revisions\/7709"}],"wp:featuredmedia":[{"embeddable":true,"href":"https:\/\/agora.xtec.cat\/escolaantoniroig\/wp-json\/wp\/v2\/media\/7708"}],"wp:attachment":[{"href":"https:\/\/agora.xtec.cat\/escolaantoniroig\/wp-json\/wp\/v2\/media?parent=7705"}],"wp:term":[{"taxonomy":"category","embeddable":true,"href":"https:\/\/agora.xtec.cat\/escolaantoniroig\/wp-json\/wp\/v2\/categories?post=7705"},{"taxonomy":"post_tag","embeddable":true,"href":"https:\/\/agora.xtec.cat\/escolaantoniroig\/wp-json\/wp\/v2\/tags?post=7705"}],"curies":[{"name":"wp","href":"https:\/\/api.w.org\/{rel}","templated":true}]}}