{"id":768,"date":"2016-02-01T16:11:57","date_gmt":"2016-02-01T15:11:57","guid":{"rendered":"http:\/\/agora.xtec.cat\/escolaantoniroig\/?p=768"},"modified":"2016-05-30T11:23:21","modified_gmt":"2016-05-30T10:23:21","slug":"el-rei-carnestoltes-ja-es-aqui","status":"publish","type":"post","link":"https:\/\/agora.xtec.cat\/escolaantoniroig\/general\/el-rei-carnestoltes-ja-es-aqui\/","title":{"rendered":"El rei Carnestoltes ja \u00e9s aqu\u00ed!"},"content":{"rendered":"<p style=\"text-align: justify;\"><a href=\"http:\/\/agora.xtec.cat\/escolaantoniroig\/wp-content\/uploads\/usu563\/2016\/02\/IMG_20160201_123539108.jpg\"><img loading=\"lazy\" decoding=\"async\" class=\"aligncenter size-large wp-image-769\" src=\"http:\/\/agora.xtec.cat\/escolaantoniroig\/wp-content\/uploads\/usu563\/2016\/02\/IMG_20160201_123539108-1024x576.jpg\" alt=\"IMG_20160201_123539108\" width=\"1024\" height=\"576\" srcset=\"https:\/\/agora.xtec.cat\/escolaantoniroig\/wp-content\/uploads\/usu563\/2016\/02\/IMG_20160201_123539108-1024x576.jpg 1024w, https:\/\/agora.xtec.cat\/escolaantoniroig\/wp-content\/uploads\/usu563\/2016\/02\/IMG_20160201_123539108-300x169.jpg 300w\" sizes=\"auto, (max-width: 1024px) 100vw, 1024px\" \/><\/a> Ja ha arribat el Rei Carnestoltes, el m\u00e9s gran dels pocasoltes!<\/p>\n<p style=\"text-align: justify;\">Ha vingut des del m\u00f3n mar\u00ed per donar inici a les celebracions del carnaval a la nostra escola.<\/p>\n<p style=\"text-align: justify;\">Els alumnes de sis\u00e8 l&#8217;han ajudat i han informat a tots els seus companys de les ordres que ens ha donat.<\/p>\n<h2 style=\"text-align: center;\">MISSATGE DEL REI CARNESTOLTES<\/h2>\n<p style=\"text-align: center;\">Quan arriba el Carnestoltes<br \/>\ntots sortim a passejar.<br \/>\nEns posem una disfressa<br \/>\nper saltar, cantar i ballar.<\/p>\n<p style=\"text-align: center;\">Aquesta setmana celebrem<br \/>\nl\u2019arribada del Carnaval<br \/>\ni per aix\u00f2 <span style=\"text-decoration: underline;\">cada dia vindrem<\/span><br \/>\n<span style=\"text-decoration: underline;\">amb un detall especial.<\/span><\/p>\n<p style=\"text-align: center;\">Les ordres a seguir s\u00f3n aquestes,<br \/>\ntant per alumnes com per mestres:<\/p>\n<p style=\"text-align: center;\">Dimarts durant tot el dia<br \/>\n<strong>ulleres haur\u00e0s de dur,<\/strong><br \/>\n<strong>de sol, busseig, de piscina<\/strong>\u2026<br \/>\nNo se les traur\u00e0 ning\u00fa.<\/p>\n<p style=\"text-align: center;\">Dimecres haur\u00e0s de portar<br \/>\n<strong>unes pantufles per caminar.<\/strong><br \/>\nPer\u00f2 a l\u2019hora del pati cal<br \/>\nportar vambes per no fer-te mal.<\/p>\n<p style=\"text-align: center;\">Dijous portarem <strong>camisa<\/strong><br \/>\n<strong>o un jersei que sigui gran.<\/strong><br \/>\n<strong>El llacet o la corbata<\/strong><br \/>\nens far\u00e0 m\u00e9s elegant.<\/p>\n<p style=\"text-align: center;\"><span style=\"text-decoration: underline;\">Haureu de complir les normes<\/span><br \/>\n<span style=\"text-decoration: underline;\">o us vindran a pintar el nas<\/span><br \/>\nuns vigilants poca-soltes<br \/>\nsi a les ordres no feu cas.<\/p>\n<p style=\"text-align: center;\"><a href=\"http:\/\/agora.xtec.cat\/escolaantoniroig\/wp-content\/uploads\/usu563\/2016\/02\/002-Occhialini-Adulto.jpg\">\u00a0\u00a0 <img loading=\"lazy\" decoding=\"async\" class=\"  wp-image-773 alignleft\" src=\"http:\/\/agora.xtec.cat\/escolaantoniroig\/wp-content\/uploads\/usu563\/2016\/02\/002-Occhialini-Adulto-1024x778.jpg\" alt=\"002-Occhialini-Adulto\" width=\"153\" height=\"116\" srcset=\"https:\/\/agora.xtec.cat\/escolaantoniroig\/wp-content\/uploads\/usu563\/2016\/02\/002-Occhialini-Adulto-1024x778.jpg 1024w, https:\/\/agora.xtec.cat\/escolaantoniroig\/wp-content\/uploads\/usu563\/2016\/02\/002-Occhialini-Adulto-300x228.jpg 300w, https:\/\/agora.xtec.cat\/escolaantoniroig\/wp-content\/uploads\/usu563\/2016\/02\/002-Occhialini-Adulto-200x150.jpg 200w, https:\/\/agora.xtec.cat\/escolaantoniroig\/wp-content\/uploads\/usu563\/2016\/02\/002-Occhialini-Adulto.jpg 1600w\" sizes=\"auto, (max-width: 153px) 100vw, 153px\" \/> <\/a><\/p>\n<h2 style=\"text-align: left;\"><a href=\"http:\/\/agora.xtec.cat\/escolaantoniroig\/wp-content\/uploads\/usu563\/2016\/02\/sabatilles.jpg\"><img loading=\"lazy\" decoding=\"async\" class=\"  wp-image-772 alignleft\" src=\"http:\/\/agora.xtec.cat\/escolaantoniroig\/wp-content\/uploads\/usu563\/2016\/02\/sabatilles.jpg\" alt=\"sabatilles\" width=\"110\" height=\"77\" \/><\/a><a href=\"http:\/\/agora.xtec.cat\/escolaantoniroig\/wp-content\/uploads\/usu563\/2016\/02\/clothes-too-big-201x300.png\"><img loading=\"lazy\" decoding=\"async\" class=\"  wp-image-774 alignnone\" src=\"http:\/\/agora.xtec.cat\/escolaantoniroig\/wp-content\/uploads\/usu563\/2016\/02\/clothes-too-big-201x300.png\" alt=\"clothes-too-big-201x300\" width=\"101\" height=\"151\" \/><\/a><\/h2>\n<h6>Donem les gr\u00e0cies als pares i mares que tan amablement ens han ajudat.<\/h6>\n<p><a href=\"http:\/\/agora.xtec.cat\/escolaantoniroig\/wp-content\/uploads\/usu563\/2016\/02\/SANY1035.jpg\"><img loading=\"lazy\" decoding=\"async\" class=\" wp-image-803 aligncenter\" src=\"http:\/\/agora.xtec.cat\/escolaantoniroig\/wp-content\/uploads\/usu563\/2016\/02\/SANY1035-1024x766.jpg\" alt=\"SANYO DIGITAL CAMERA\" width=\"176\" height=\"132\" srcset=\"https:\/\/agora.xtec.cat\/escolaantoniroig\/wp-content\/uploads\/usu563\/2016\/02\/SANY1035-1024x766.jpg 1024w, https:\/\/agora.xtec.cat\/escolaantoniroig\/wp-content\/uploads\/usu563\/2016\/02\/SANY1035-300x224.jpg 300w, https:\/\/agora.xtec.cat\/escolaantoniroig\/wp-content\/uploads\/usu563\/2016\/02\/SANY1035-200x150.jpg 200w\" sizes=\"auto, (max-width: 176px) 100vw, 176px\" \/><\/a><\/p>\n<p>Podeu veure m\u00e9s imatges de la seva col\u00b7laboraci\u00f3 clicant <a href=\"https:\/\/picasaweb.google.com\/107230842595841786038\/ColLaboracioMaresIParesCarnaval?authuser=0&amp;feat=directlink\">aqu\u00ed <img loading=\"lazy\" decoding=\"async\" class=\"alignnone  wp-image-600\" src=\"http:\/\/agora.xtec.cat\/escolaantoniroig\/wp-content\/uploads\/usu563\/2015\/11\/Cartoon_Camera_clip_art_small.png\" alt=\"Cartoon_Camera_clip_art_small\" width=\"32\" height=\"21\" \/><\/a><\/p>\n<p>&nbsp;<\/p>\n","protected":false},"excerpt":{"rendered":"<p>Ja ha arribat el Rei Carnestoltes, el m\u00e9s gran dels pocasoltes! Ha vingut des del m\u00f3n mar\u00ed per donar inici [&hellip;]<\/p>\n","protected":false},"author":1,"featured_media":769,"comment_status":"open","ping_status":"open","sticky":false,"template":"","format":"standard","meta":{"_bbp_topic_count":0,"_bbp_reply_count":0,"_bbp_total_topic_count":0,"_bbp_total_reply_count":0,"_bbp_voice_count":0,"_bbp_anonymous_reply_count":0,"_bbp_topic_count_hidden":0,"_bbp_reply_count_hidden":0,"_bbp_forum_subforum_count":0,"site-sidebar-layout":"default","site-content-layout":"","ast-site-content-layout":"","site-content-style":"default","site-sidebar-style":"default","ast-global-header-display":"","ast-banner-title-visibility":"","ast-main-header-display":"","ast-hfb-above-header-display":"","ast-hfb-below-header-display":"","ast-hfb-mobile-header-display":"","site-post-title":"","ast-breadcrumbs-content":"","ast-featured-img":"","footer-sml-layout":"","theme-transparent-header-meta":"","adv-header-id-meta":"","stick-header-meta":"","header-above-stick-meta":"","header-main-stick-meta":"","header-below-stick-meta":"","astra-migrate-meta-layouts":"default","ast-page-background-enabled":"default","ast-page-background-meta":{"desktop":{"background-color":"var(--ast-global-color-4)","background-image":"","background-repeat":"repeat","background-position":"center center","background-size":"auto","background-attachment":"scroll","background-type":"","background-media":"","overlay-type":"","overlay-color":"","overlay-opacity":"","overlay-gradient":""},"tablet":{"background-color":"","background-image":"","background-repeat":"repeat","background-position":"center center","background-size":"auto","background-attachment":"scroll","background-type":"","background-media":"","overlay-type":"","overlay-color":"","overlay-opacity":"","overlay-gradient":""},"mobile":{"background-color":"","background-image":"","background-repeat":"repeat","background-position":"center center","background-size":"auto","background-attachment":"scroll","background-type":"","background-media":"","overlay-type":"","overlay-color":"","overlay-opacity":"","overlay-gradient":""}},"ast-content-background-meta":{"desktop":{"background-color":"var(--ast-global-color-5)","background-image":"","background-repeat":"repeat","background-position":"center center","background-size":"auto","background-attachment":"scroll","background-type":"","background-media":"","overlay-type":"","overlay-color":"","overlay-opacity":"","overlay-gradient":""},"tablet":{"background-color":"var(--ast-global-color-5)","background-image":"","background-repeat":"repeat","background-position":"center center","background-size":"auto","background-attachment":"scroll","background-type":"","background-media":"","overlay-type":"","overlay-color":"","overlay-opacity":"","overlay-gradient":""},"mobile":{"background-color":"var(--ast-global-color-5)","background-image":"","background-repeat":"repeat","background-position":"center center","background-size":"auto","background-attachment":"scroll","background-type":"","background-media":"","overlay-type":"","overlay-color":"","overlay-opacity":"","overlay-gradient":""}},"footnotes":""},"categories":[30,31,32,75,29,1,4],"tags":[58,43],"class_list":["post-768","post","type-post","status-publish","format-standard","has-post-thumbnail","hentry","category-ci","category-cm","category-cs","category-curs2015-2016","category-edinf","category-general","category-portada","tag-carnaval","tag-celebracions"],"post_mailing_queue_ids":[],"_links":{"self":[{"href":"https:\/\/agora.xtec.cat\/escolaantoniroig\/wp-json\/wp\/v2\/posts\/768","targetHints":{"allow":["GET"]}}],"collection":[{"href":"https:\/\/agora.xtec.cat\/escolaantoniroig\/wp-json\/wp\/v2\/posts"}],"about":[{"href":"https:\/\/agora.xtec.cat\/escolaantoniroig\/wp-json\/wp\/v2\/types\/post"}],"author":[{"embeddable":true,"href":"https:\/\/agora.xtec.cat\/escolaantoniroig\/wp-json\/wp\/v2\/users\/1"}],"replies":[{"embeddable":true,"href":"https:\/\/agora.xtec.cat\/escolaantoniroig\/wp-json\/wp\/v2\/comments?post=768"}],"version-history":[{"count":2,"href":"https:\/\/agora.xtec.cat\/escolaantoniroig\/wp-json\/wp\/v2\/posts\/768\/revisions"}],"predecessor-version":[{"id":805,"href":"https:\/\/agora.xtec.cat\/escolaantoniroig\/wp-json\/wp\/v2\/posts\/768\/revisions\/805"}],"wp:featuredmedia":[{"embeddable":true,"href":"https:\/\/agora.xtec.cat\/escolaantoniroig\/wp-json\/wp\/v2\/media\/769"}],"wp:attachment":[{"href":"https:\/\/agora.xtec.cat\/escolaantoniroig\/wp-json\/wp\/v2\/media?parent=768"}],"wp:term":[{"taxonomy":"category","embeddable":true,"href":"https:\/\/agora.xtec.cat\/escolaantoniroig\/wp-json\/wp\/v2\/categories?post=768"},{"taxonomy":"post_tag","embeddable":true,"href":"https:\/\/agora.xtec.cat\/escolaantoniroig\/wp-json\/wp\/v2\/tags?post=768"}],"curies":[{"name":"wp","href":"https:\/\/api.w.org\/{rel}","templated":true}]}}