{"id":7311,"date":"2021-12-14T20:31:11","date_gmt":"2021-12-14T19:31:11","guid":{"rendered":"https:\/\/agora.xtec.cat\/escolaantoniroig\/?p=7311"},"modified":"2021-12-14T20:31:11","modified_gmt":"2021-12-14T19:31:11","slug":"enregistrem-una-canco","status":"publish","type":"post","link":"https:\/\/agora.xtec.cat\/escolaantoniroig\/portada\/enregistrem-una-canco\/","title":{"rendered":"ENREGISTREM UNA CAN\u00c7\u00d3"},"content":{"rendered":"<p><img loading=\"lazy\" decoding=\"async\" class=\"size-large wp-image-7315\" src=\"https:\/\/agora.xtec.cat\/escolaantoniroig\/wp-content\/uploads\/usu563\/2021\/12\/IMG_20211125_092828-1024x768.jpg\" alt=\"\" width=\"1024\" height=\"768\" srcset=\"https:\/\/agora.xtec.cat\/escolaantoniroig\/wp-content\/uploads\/usu563\/2021\/12\/IMG_20211125_092828-1024x768.jpg 1024w, https:\/\/agora.xtec.cat\/escolaantoniroig\/wp-content\/uploads\/usu563\/2021\/12\/IMG_20211125_092828-300x225.jpg 300w, https:\/\/agora.xtec.cat\/escolaantoniroig\/wp-content\/uploads\/usu563\/2021\/12\/IMG_20211125_092828-768x576.jpg 768w, https:\/\/agora.xtec.cat\/escolaantoniroig\/wp-content\/uploads\/usu563\/2021\/12\/IMG_20211125_092828-1536x1152.jpg 1536w, https:\/\/agora.xtec.cat\/escolaantoniroig\/wp-content\/uploads\/usu563\/2021\/12\/IMG_20211125_092828-2048x1536.jpg 2048w, https:\/\/agora.xtec.cat\/escolaantoniroig\/wp-content\/uploads\/usu563\/2021\/12\/IMG_20211125_092828-200x150.jpg 200w\" sizes=\"auto, (max-width: 1024px) 100vw, 1024px\" \/><\/p>\n<p style=\"text-align: justify;\"><span style=\"font-weight: 400;\">L\u2019alumnat de sis\u00e8 ha treballat durant aquest primer trimestre la m\u00fasica enllaunada i tots els elements que hi formen part com dissenyadors, il\u00b7lustradors, m\u00fasics, t\u00e8cnics de so, productors, entre altres. Per aquesta ra\u00f3 han realitzat treballs art\u00edstics de collage i dibuix d\u2019artistes contemporanis i m\u00fasiques que formen part de la Cantata La veu de la Terra. I finalment han enregistrat la can\u00e7\u00f3 i han creat la seva car\u00e0tula.<\/span><\/p>\n<p><span style=\"font-weight: 400;\">Ja podeu veure el resultat final!!<\/span><\/p>\n<p><a href=\"https:\/\/cdapaucasals.com\/releases\/escola-antoni-roig-2021-22\/\"><span style=\"font-weight: 400;\">https:\/\/cdapaucasals.com\/releases\/escola-antoni-roig-2021-22\/<\/span><\/a><\/p>\n<p><span style=\"font-weight: 400;\">I aqu\u00ed podeu veure les il\u00b7lustracions guanyadores de cada classe:<\/span><\/p>\n<p><img loading=\"lazy\" decoding=\"async\" class=\"aligncenter size-full wp-image-7312\" src=\"https:\/\/agora.xtec.cat\/escolaantoniroig\/wp-content\/uploads\/usu563\/2021\/12\/Captura-e1639509316454.png\" alt=\"\" width=\"608\" height=\"613\" srcset=\"https:\/\/agora.xtec.cat\/escolaantoniroig\/wp-content\/uploads\/usu563\/2021\/12\/Captura-e1639509316454.png 608w, https:\/\/agora.xtec.cat\/escolaantoniroig\/wp-content\/uploads\/usu563\/2021\/12\/Captura-e1639509316454-298x300.png 298w, https:\/\/agora.xtec.cat\/escolaantoniroig\/wp-content\/uploads\/usu563\/2021\/12\/Captura-e1639509316454-150x150.png 150w\" sizes=\"auto, (max-width: 608px) 100vw, 608px\" \/><\/p>\n<p>Podeu veure m\u00e9s fotografies d&#8217;aquesta activitat<a href=\"https:\/\/agora.xtec.cat\/escolaantoniroig\/fotos\/\"><strong> clicant aqu\u00ed <img loading=\"lazy\" decoding=\"async\" class=\" wp-image-600 alignnone\" src=\"https:\/\/agora.xtec.cat\/escolaantoniroig\/wp-content\/uploads\/usu563\/2015\/11\/Cartoon_Camera_clip_art_small.png\" alt=\"\" width=\"43\" height=\"29\" \/><\/strong><\/a><\/p>\n","protected":false},"excerpt":{"rendered":"<p>L\u2019alumnat de sis\u00e8 ha treballat durant aquest primer trimestre la m\u00fasica enllaunada i tots els elements que hi formen part [&hellip;]<\/p>\n","protected":false},"author":1,"featured_media":7315,"comment_status":"open","ping_status":"closed","sticky":false,"template":"","format":"standard","meta":{"_bbp_topic_count":0,"_bbp_reply_count":0,"_bbp_total_topic_count":0,"_bbp_total_reply_count":0,"_bbp_voice_count":0,"_bbp_anonymous_reply_count":0,"_bbp_topic_count_hidden":0,"_bbp_reply_count_hidden":0,"_bbp_forum_subforum_count":0,"site-sidebar-layout":"default","site-content-layout":"","ast-site-content-layout":"","site-content-style":"default","site-sidebar-style":"default","ast-global-header-display":"","ast-banner-title-visibility":"","ast-main-header-display":"","ast-hfb-above-header-display":"","ast-hfb-below-header-display":"","ast-hfb-mobile-header-display":"","site-post-title":"","ast-breadcrumbs-content":"","ast-featured-img":"","footer-sml-layout":"","theme-transparent-header-meta":"","adv-header-id-meta":"","stick-header-meta":"","header-above-stick-meta":"","header-main-stick-meta":"","header-below-stick-meta":"","astra-migrate-meta-layouts":"default","ast-page-background-enabled":"default","ast-page-background-meta":{"desktop":{"background-color":"var(--ast-global-color-4)","background-image":"","background-repeat":"repeat","background-position":"center center","background-size":"auto","background-attachment":"scroll","background-type":"","background-media":"","overlay-type":"","overlay-color":"","overlay-opacity":"","overlay-gradient":""},"tablet":{"background-color":"","background-image":"","background-repeat":"repeat","background-position":"center center","background-size":"auto","background-attachment":"scroll","background-type":"","background-media":"","overlay-type":"","overlay-color":"","overlay-opacity":"","overlay-gradient":""},"mobile":{"background-color":"","background-image":"","background-repeat":"repeat","background-position":"center center","background-size":"auto","background-attachment":"scroll","background-type":"","background-media":"","overlay-type":"","overlay-color":"","overlay-opacity":"","overlay-gradient":""}},"ast-content-background-meta":{"desktop":{"background-color":"var(--ast-global-color-5)","background-image":"","background-repeat":"repeat","background-position":"center center","background-size":"auto","background-attachment":"scroll","background-type":"","background-media":"","overlay-type":"","overlay-color":"","overlay-opacity":"","overlay-gradient":""},"tablet":{"background-color":"var(--ast-global-color-5)","background-image":"","background-repeat":"repeat","background-position":"center center","background-size":"auto","background-attachment":"scroll","background-type":"","background-media":"","overlay-type":"","overlay-color":"","overlay-opacity":"","overlay-gradient":""},"mobile":{"background-color":"var(--ast-global-color-5)","background-image":"","background-repeat":"repeat","background-position":"center center","background-size":"auto","background-attachment":"scroll","background-type":"","background-media":"","overlay-type":"","overlay-color":"","overlay-opacity":"","overlay-gradient":""}},"footnotes":""},"categories":[32,197,170,36,4],"tags":[39,146,48],"class_list":["post-7311","post","type-post","status-publish","format-standard","has-post-thumbnail","hentry","category-cs","category-curs-2021-2022","category-educacio-artistica","category-musica","category-portada","tag-cicle-superior","tag-educacio-artistica","tag-musica"],"post_mailing_queue_ids":[],"_links":{"self":[{"href":"https:\/\/agora.xtec.cat\/escolaantoniroig\/wp-json\/wp\/v2\/posts\/7311","targetHints":{"allow":["GET"]}}],"collection":[{"href":"https:\/\/agora.xtec.cat\/escolaantoniroig\/wp-json\/wp\/v2\/posts"}],"about":[{"href":"https:\/\/agora.xtec.cat\/escolaantoniroig\/wp-json\/wp\/v2\/types\/post"}],"author":[{"embeddable":true,"href":"https:\/\/agora.xtec.cat\/escolaantoniroig\/wp-json\/wp\/v2\/users\/1"}],"replies":[{"embeddable":true,"href":"https:\/\/agora.xtec.cat\/escolaantoniroig\/wp-json\/wp\/v2\/comments?post=7311"}],"version-history":[{"count":2,"href":"https:\/\/agora.xtec.cat\/escolaantoniroig\/wp-json\/wp\/v2\/posts\/7311\/revisions"}],"predecessor-version":[{"id":7316,"href":"https:\/\/agora.xtec.cat\/escolaantoniroig\/wp-json\/wp\/v2\/posts\/7311\/revisions\/7316"}],"wp:featuredmedia":[{"embeddable":true,"href":"https:\/\/agora.xtec.cat\/escolaantoniroig\/wp-json\/wp\/v2\/media\/7315"}],"wp:attachment":[{"href":"https:\/\/agora.xtec.cat\/escolaantoniroig\/wp-json\/wp\/v2\/media?parent=7311"}],"wp:term":[{"taxonomy":"category","embeddable":true,"href":"https:\/\/agora.xtec.cat\/escolaantoniroig\/wp-json\/wp\/v2\/categories?post=7311"},{"taxonomy":"post_tag","embeddable":true,"href":"https:\/\/agora.xtec.cat\/escolaantoniroig\/wp-json\/wp\/v2\/tags?post=7311"}],"curies":[{"name":"wp","href":"https:\/\/api.w.org\/{rel}","templated":true}]}}