{"id":7240,"date":"2021-11-29T09:06:02","date_gmt":"2021-11-29T08:06:02","guid":{"rendered":"https:\/\/agora.xtec.cat\/escolaantoniroig\/?p=7240"},"modified":"2021-12-14T09:37:20","modified_gmt":"2021-12-14T08:37:20","slug":"setmana-intercultural-a-cicle-mitja","status":"publish","type":"post","link":"https:\/\/agora.xtec.cat\/escolaantoniroig\/portada\/setmana-intercultural-a-cicle-mitja\/","title":{"rendered":"SETMANA INTERCULTURAL A CICLE MITJ\u00c0"},"content":{"rendered":"<p style=\"text-align: justify;\">Durant la setmana intercultural, l\u2019alumnat de cicle mitj\u00e0 ha gaudit i apr\u00e8s molt\u00edssimes coses.<\/p>\n<p style=\"text-align: justify;\">El primer dia vam diferenciar\u00a0invent\u00a0i\u00a0descobriment. Vam treballar uns quants invents que han canviat el m\u00f3n com: la roda, l\u2019arada, la impremta, la nevera i el tel\u00e8fon. Vam aprendre els noms d\u2019aquests invents en la llengua materna dels nostres companys\/es. Vam situar-los a la l\u00ednia del temps i a un planisferi. Tamb\u00e9 vam fer d\u2019inventors, vam dissenyar i construir un invent que millor\u00e9s la classe i el vam exposar.<\/p>\n<p style=\"text-align: justify;\">El segon dia el vam dedicar a les dones cient\u00edfiques, vam con\u00e8ixer les aportacions d\u2019algunes com la Marie Curie i la Sarah Gilbert. Per tancar aquest dia vam tenir la sort de poder fer una entrevista per videoconfer\u00e8ncia a una mare cient\u00edfica de la nostra escola. Ens va explicar com \u00e9s la seva professi\u00f3, com \u00e9s un laboratori i quines investigacions ha fet.<\/p>\n<p style=\"text-align: justify;\">Per la tarda vam simular una\u00a0erupci\u00f3 volc\u00e0nica\u00a0amb un experiment, va ser molt divertit! Tamb\u00e9 vam fabricar paper de papir com els egipcis i per acabar vam escriure el nostre nom en jerogl\u00edfic. Ha estat una setmana molt motivadora i interessant!<\/p>\n<p><img loading=\"lazy\" decoding=\"async\" class=\"aligncenter size-large wp-image-7242\" style=\"text-align: justify;\" src=\"https:\/\/agora.xtec.cat\/escolaantoniroig\/wp-content\/uploads\/usu563\/2021\/11\/1637788446590-COLLAGE-1024x1024.jpg\" alt=\"\" width=\"1024\" height=\"1024\" srcset=\"https:\/\/agora.xtec.cat\/escolaantoniroig\/wp-content\/uploads\/usu563\/2021\/11\/1637788446590-COLLAGE-1024x1024.jpg 1024w, https:\/\/agora.xtec.cat\/escolaantoniroig\/wp-content\/uploads\/usu563\/2021\/11\/1637788446590-COLLAGE-300x300.jpg 300w, https:\/\/agora.xtec.cat\/escolaantoniroig\/wp-content\/uploads\/usu563\/2021\/11\/1637788446590-COLLAGE-150x150.jpg 150w, https:\/\/agora.xtec.cat\/escolaantoniroig\/wp-content\/uploads\/usu563\/2021\/11\/1637788446590-COLLAGE-768x768.jpg 768w, https:\/\/agora.xtec.cat\/escolaantoniroig\/wp-content\/uploads\/usu563\/2021\/11\/1637788446590-COLLAGE-1536x1536.jpg 1536w, https:\/\/agora.xtec.cat\/escolaantoniroig\/wp-content\/uploads\/usu563\/2021\/11\/1637788446590-COLLAGE.jpg 2046w\" sizes=\"auto, (max-width: 1024px) 100vw, 1024px\" \/><\/p>\n<p>Podeu veure m\u00e9s fotografies <a href=\"https:\/\/agora.xtec.cat\/escolaantoniroig\/fotos\/\">clicant aqu\u00ed <img loading=\"lazy\" decoding=\"async\" class=\" wp-image-600 alignnone\" src=\"https:\/\/agora.xtec.cat\/escolaantoniroig\/wp-content\/uploads\/usu563\/2015\/11\/Cartoon_Camera_clip_art_small.png\" alt=\"\" width=\"39\" height=\"26\" \/><\/a><\/p>\n","protected":false},"excerpt":{"rendered":"<p>Durant la setmana intercultural, l\u2019alumnat de cicle mitj\u00e0 ha gaudit i apr\u00e8s molt\u00edssimes coses. El primer dia vam diferenciar\u00a0invent\u00a0i\u00a0descobriment. Vam [&hellip;]<\/p>\n","protected":false},"author":1,"featured_media":7242,"comment_status":"open","ping_status":"closed","sticky":false,"template":"","format":"standard","meta":{"_bbp_topic_count":0,"_bbp_reply_count":0,"_bbp_total_topic_count":0,"_bbp_total_reply_count":0,"_bbp_voice_count":0,"_bbp_anonymous_reply_count":0,"_bbp_topic_count_hidden":0,"_bbp_reply_count_hidden":0,"_bbp_forum_subforum_count":0,"site-sidebar-layout":"default","site-content-layout":"","ast-site-content-layout":"","site-content-style":"default","site-sidebar-style":"default","ast-global-header-display":"","ast-banner-title-visibility":"","ast-main-header-display":"","ast-hfb-above-header-display":"","ast-hfb-below-header-display":"","ast-hfb-mobile-header-display":"","site-post-title":"","ast-breadcrumbs-content":"","ast-featured-img":"","footer-sml-layout":"","theme-transparent-header-meta":"","adv-header-id-meta":"","stick-header-meta":"","header-above-stick-meta":"","header-main-stick-meta":"","header-below-stick-meta":"","astra-migrate-meta-layouts":"default","ast-page-background-enabled":"default","ast-page-background-meta":{"desktop":{"background-color":"var(--ast-global-color-4)","background-image":"","background-repeat":"repeat","background-position":"center center","background-size":"auto","background-attachment":"scroll","background-type":"","background-media":"","overlay-type":"","overlay-color":"","overlay-opacity":"","overlay-gradient":""},"tablet":{"background-color":"","background-image":"","background-repeat":"repeat","background-position":"center center","background-size":"auto","background-attachment":"scroll","background-type":"","background-media":"","overlay-type":"","overlay-color":"","overlay-opacity":"","overlay-gradient":""},"mobile":{"background-color":"","background-image":"","background-repeat":"repeat","background-position":"center center","background-size":"auto","background-attachment":"scroll","background-type":"","background-media":"","overlay-type":"","overlay-color":"","overlay-opacity":"","overlay-gradient":""}},"ast-content-background-meta":{"desktop":{"background-color":"var(--ast-global-color-5)","background-image":"","background-repeat":"repeat","background-position":"center center","background-size":"auto","background-attachment":"scroll","background-type":"","background-media":"","overlay-type":"","overlay-color":"","overlay-opacity":"","overlay-gradient":""},"tablet":{"background-color":"var(--ast-global-color-5)","background-image":"","background-repeat":"repeat","background-position":"center center","background-size":"auto","background-attachment":"scroll","background-type":"","background-media":"","overlay-type":"","overlay-color":"","overlay-opacity":"","overlay-gradient":""},"mobile":{"background-color":"var(--ast-global-color-5)","background-image":"","background-repeat":"repeat","background-position":"center center","background-size":"auto","background-attachment":"scroll","background-type":"","background-media":"","overlay-type":"","overlay-color":"","overlay-opacity":"","overlay-gradient":""}},"footnotes":""},"categories":[31,197,4],"tags":[57,115,40,114],"class_list":["post-7240","post","type-post","status-publish","format-standard","has-post-thumbnail","hentry","category-cm","category-curs-2021-2022","category-portada","tag-cicle-mitja","tag-experimentacio","tag-setmana-intercultural","tag-tallers"],"post_mailing_queue_ids":[],"_links":{"self":[{"href":"https:\/\/agora.xtec.cat\/escolaantoniroig\/wp-json\/wp\/v2\/posts\/7240","targetHints":{"allow":["GET"]}}],"collection":[{"href":"https:\/\/agora.xtec.cat\/escolaantoniroig\/wp-json\/wp\/v2\/posts"}],"about":[{"href":"https:\/\/agora.xtec.cat\/escolaantoniroig\/wp-json\/wp\/v2\/types\/post"}],"author":[{"embeddable":true,"href":"https:\/\/agora.xtec.cat\/escolaantoniroig\/wp-json\/wp\/v2\/users\/1"}],"replies":[{"embeddable":true,"href":"https:\/\/agora.xtec.cat\/escolaantoniroig\/wp-json\/wp\/v2\/comments?post=7240"}],"version-history":[{"count":1,"href":"https:\/\/agora.xtec.cat\/escolaantoniroig\/wp-json\/wp\/v2\/posts\/7240\/revisions"}],"predecessor-version":[{"id":7243,"href":"https:\/\/agora.xtec.cat\/escolaantoniroig\/wp-json\/wp\/v2\/posts\/7240\/revisions\/7243"}],"wp:featuredmedia":[{"embeddable":true,"href":"https:\/\/agora.xtec.cat\/escolaantoniroig\/wp-json\/wp\/v2\/media\/7242"}],"wp:attachment":[{"href":"https:\/\/agora.xtec.cat\/escolaantoniroig\/wp-json\/wp\/v2\/media?parent=7240"}],"wp:term":[{"taxonomy":"category","embeddable":true,"href":"https:\/\/agora.xtec.cat\/escolaantoniroig\/wp-json\/wp\/v2\/categories?post=7240"},{"taxonomy":"post_tag","embeddable":true,"href":"https:\/\/agora.xtec.cat\/escolaantoniroig\/wp-json\/wp\/v2\/tags?post=7240"}],"curies":[{"name":"wp","href":"https:\/\/api.w.org\/{rel}","templated":true}]}}