{"id":7207,"date":"2021-11-15T09:16:44","date_gmt":"2021-11-15T08:16:44","guid":{"rendered":"https:\/\/agora.xtec.cat\/escolaantoniroig\/?p=7207"},"modified":"2021-12-14T09:38:06","modified_gmt":"2021-12-14T08:38:06","slug":"comiat-jesus-molne","status":"publish","type":"post","link":"https:\/\/agora.xtec.cat\/escolaantoniroig\/portada\/comiat-jesus-molne\/","title":{"rendered":"COMIAT JES\u00daS MOLN\u00c9"},"content":{"rendered":"<p style=\"text-align: justify;\">Acomiadem al Jes\u00fas Moln\u00e9 que durant tants anys ens ha acompanyat en l&#8217;Educaci\u00f3 Vial tant a l&#8217;escola com al carrer. Agra\u00efm la feina feta durant tots aquests anys i li desitgem molta felicitat en la seva nova etapa.<\/p>\n<p><img loading=\"lazy\" decoding=\"async\" class=\"aligncenter size-full wp-image-7208\" src=\"https:\/\/agora.xtec.cat\/escolaantoniroig\/wp-content\/uploads\/usu563\/2021\/11\/comiat-e1636964094146.jpg\" alt=\"\" width=\"141\" height=\"252\" \/><\/p>\n<p><img loading=\"lazy\" decoding=\"async\" class=\"aligncenter wp-image-7209 size-full\" src=\"https:\/\/agora.xtec.cat\/escolaantoniroig\/wp-content\/uploads\/usu563\/2021\/11\/IMG_20211111_153011-e1636964114269.jpg\" alt=\"\" width=\"568\" height=\"1010\" srcset=\"https:\/\/agora.xtec.cat\/escolaantoniroig\/wp-content\/uploads\/usu563\/2021\/11\/IMG_20211111_153011-e1636964114269.jpg 568w, https:\/\/agora.xtec.cat\/escolaantoniroig\/wp-content\/uploads\/usu563\/2021\/11\/IMG_20211111_153011-e1636964114269-169x300.jpg 169w\" sizes=\"auto, (max-width: 568px) 100vw, 568px\" \/><\/p>\n<p><img loading=\"lazy\" decoding=\"async\" class=\"aligncenter size-full wp-image-7210\" src=\"https:\/\/agora.xtec.cat\/escolaantoniroig\/wp-content\/uploads\/usu563\/2021\/11\/IMG_20211111_153042-e1636964138336.jpg\" alt=\"\" width=\"1010\" height=\"568\" srcset=\"https:\/\/agora.xtec.cat\/escolaantoniroig\/wp-content\/uploads\/usu563\/2021\/11\/IMG_20211111_153042-e1636964138336.jpg 1010w, https:\/\/agora.xtec.cat\/escolaantoniroig\/wp-content\/uploads\/usu563\/2021\/11\/IMG_20211111_153042-e1636964138336-300x169.jpg 300w, https:\/\/agora.xtec.cat\/escolaantoniroig\/wp-content\/uploads\/usu563\/2021\/11\/IMG_20211111_153042-e1636964138336-768x432.jpg 768w\" sizes=\"auto, (max-width: 1010px) 100vw, 1010px\" \/><\/p>\n","protected":false},"excerpt":{"rendered":"<p>Acomiadem al Jes\u00fas Moln\u00e9 que durant tants anys ens ha acompanyat en l&#8217;Educaci\u00f3 Vial tant a l&#8217;escola com al carrer. [&hellip;]<\/p>\n","protected":false},"author":1,"featured_media":7209,"comment_status":"open","ping_status":"closed","sticky":false,"template":"","format":"standard","meta":{"_bbp_topic_count":0,"_bbp_reply_count":0,"_bbp_total_topic_count":0,"_bbp_total_reply_count":0,"_bbp_voice_count":0,"_bbp_anonymous_reply_count":0,"_bbp_topic_count_hidden":0,"_bbp_reply_count_hidden":0,"_bbp_forum_subforum_count":0,"site-sidebar-layout":"default","site-content-layout":"","ast-site-content-layout":"","site-content-style":"default","site-sidebar-style":"default","ast-global-header-display":"","ast-banner-title-visibility":"","ast-main-header-display":"","ast-hfb-above-header-display":"","ast-hfb-below-header-display":"","ast-hfb-mobile-header-display":"","site-post-title":"","ast-breadcrumbs-content":"","ast-featured-img":"","footer-sml-layout":"","theme-transparent-header-meta":"","adv-header-id-meta":"","stick-header-meta":"","header-above-stick-meta":"","header-main-stick-meta":"","header-below-stick-meta":"","astra-migrate-meta-layouts":"default","ast-page-background-enabled":"default","ast-page-background-meta":{"desktop":{"background-color":"var(--ast-global-color-4)","background-image":"","background-repeat":"repeat","background-position":"center center","background-size":"auto","background-attachment":"scroll","background-type":"","background-media":"","overlay-type":"","overlay-color":"","overlay-opacity":"","overlay-gradient":""},"tablet":{"background-color":"","background-image":"","background-repeat":"repeat","background-position":"center center","background-size":"auto","background-attachment":"scroll","background-type":"","background-media":"","overlay-type":"","overlay-color":"","overlay-opacity":"","overlay-gradient":""},"mobile":{"background-color":"","background-image":"","background-repeat":"repeat","background-position":"center center","background-size":"auto","background-attachment":"scroll","background-type":"","background-media":"","overlay-type":"","overlay-color":"","overlay-opacity":"","overlay-gradient":""}},"ast-content-background-meta":{"desktop":{"background-color":"var(--ast-global-color-5)","background-image":"","background-repeat":"repeat","background-position":"center center","background-size":"auto","background-attachment":"scroll","background-type":"","background-media":"","overlay-type":"","overlay-color":"","overlay-opacity":"","overlay-gradient":""},"tablet":{"background-color":"var(--ast-global-color-5)","background-image":"","background-repeat":"repeat","background-position":"center center","background-size":"auto","background-attachment":"scroll","background-type":"","background-media":"","overlay-type":"","overlay-color":"","overlay-opacity":"","overlay-gradient":""},"mobile":{"background-color":"var(--ast-global-color-5)","background-image":"","background-repeat":"repeat","background-position":"center center","background-size":"auto","background-attachment":"scroll","background-type":"","background-media":"","overlay-type":"","overlay-color":"","overlay-opacity":"","overlay-gradient":""}},"footnotes":""},"categories":[197,4],"tags":[120,61],"class_list":["post-7207","post","type-post","status-publish","format-standard","has-post-thumbnail","hentry","category-curs-2021-2022","category-portada","tag-educacio-vial","tag-reconeixements"],"post_mailing_queue_ids":[],"_links":{"self":[{"href":"https:\/\/agora.xtec.cat\/escolaantoniroig\/wp-json\/wp\/v2\/posts\/7207","targetHints":{"allow":["GET"]}}],"collection":[{"href":"https:\/\/agora.xtec.cat\/escolaantoniroig\/wp-json\/wp\/v2\/posts"}],"about":[{"href":"https:\/\/agora.xtec.cat\/escolaantoniroig\/wp-json\/wp\/v2\/types\/post"}],"author":[{"embeddable":true,"href":"https:\/\/agora.xtec.cat\/escolaantoniroig\/wp-json\/wp\/v2\/users\/1"}],"replies":[{"embeddable":true,"href":"https:\/\/agora.xtec.cat\/escolaantoniroig\/wp-json\/wp\/v2\/comments?post=7207"}],"version-history":[{"count":1,"href":"https:\/\/agora.xtec.cat\/escolaantoniroig\/wp-json\/wp\/v2\/posts\/7207\/revisions"}],"predecessor-version":[{"id":7211,"href":"https:\/\/agora.xtec.cat\/escolaantoniroig\/wp-json\/wp\/v2\/posts\/7207\/revisions\/7211"}],"wp:featuredmedia":[{"embeddable":true,"href":"https:\/\/agora.xtec.cat\/escolaantoniroig\/wp-json\/wp\/v2\/media\/7209"}],"wp:attachment":[{"href":"https:\/\/agora.xtec.cat\/escolaantoniroig\/wp-json\/wp\/v2\/media?parent=7207"}],"wp:term":[{"taxonomy":"category","embeddable":true,"href":"https:\/\/agora.xtec.cat\/escolaantoniroig\/wp-json\/wp\/v2\/categories?post=7207"},{"taxonomy":"post_tag","embeddable":true,"href":"https:\/\/agora.xtec.cat\/escolaantoniroig\/wp-json\/wp\/v2\/tags?post=7207"}],"curies":[{"name":"wp","href":"https:\/\/api.w.org\/{rel}","templated":true}]}}