{"id":7168,"date":"2021-11-04T18:51:30","date_gmt":"2021-11-04T17:51:30","guid":{"rendered":"https:\/\/agora.xtec.cat\/escolaantoniroig\/?p=7168"},"modified":"2021-11-04T18:51:30","modified_gmt":"2021-11-04T17:51:30","slug":"el-curs-fluvial-del-riu-gaia","status":"publish","type":"post","link":"https:\/\/agora.xtec.cat\/escolaantoniroig\/portada\/el-curs-fluvial-del-riu-gaia\/","title":{"rendered":"EL CURS FLUVIAL DEL RIU GAI\u00c0"},"content":{"rendered":"<p style=\"text-align: justify;\"><span style=\"font-weight: 400;\">Aquest dilluns 25 d\u2019octubre, els alumnes de cinqu\u00e8 de l\u2019Escola Antoni Roig han sortit d\u2019excursi\u00f3 a visitar el curs del Riu Gai\u00e0.<\/span><\/p>\n<p style=\"text-align: justify;\"><span style=\"font-weight: 400;\">La primera parada de la sortida ha estat a la poblaci\u00f3 d\u2019Altafulla a la comarca del Tarragon\u00e8s on els alumnes han descobert la desembocadura d\u2019aquest riu i la fauna i la flora que els envolta.<\/span><\/p>\n<p style=\"text-align: justify;\"><span style=\"font-weight: 400;\">La segona parada de la sortida, ha estat a Santes Creus a l\u2019Alt Camp on han pogut descobrir el tram mig del riu Gai\u00e0 i tamb\u00e9 con\u00e8ixer les esp\u00e8cies de flora i fauna aut\u00f2ctones d\u2019aquest indret i comparant els dos entorns amb la recollida de mostres i dades.<\/span><\/p>\n<p><img loading=\"lazy\" decoding=\"async\" class=\"aligncenter size-large wp-image-7170\" src=\"https:\/\/agora.xtec.cat\/escolaantoniroig\/wp-content\/uploads\/usu563\/2021\/11\/1636047811916-576x1024.jpg\" alt=\"\" width=\"576\" height=\"1024\" srcset=\"https:\/\/agora.xtec.cat\/escolaantoniroig\/wp-content\/uploads\/usu563\/2021\/11\/1636047811916-576x1024.jpg 576w, https:\/\/agora.xtec.cat\/escolaantoniroig\/wp-content\/uploads\/usu563\/2021\/11\/1636047811916-169x300.jpg 169w, https:\/\/agora.xtec.cat\/escolaantoniroig\/wp-content\/uploads\/usu563\/2021\/11\/1636047811916-768x1365.jpg 768w, https:\/\/agora.xtec.cat\/escolaantoniroig\/wp-content\/uploads\/usu563\/2021\/11\/1636047811916-864x1536.jpg 864w, https:\/\/agora.xtec.cat\/escolaantoniroig\/wp-content\/uploads\/usu563\/2021\/11\/1636047811916.jpg 1152w\" sizes=\"auto, (max-width: 576px) 100vw, 576px\" \/><\/p>\n<p>Podeu veure m\u00e9s fotografies<a href=\"https:\/\/agora.xtec.cat\/escolaantoniroig\/fotos\/\"><strong> clicant aqu\u00ed <img loading=\"lazy\" decoding=\"async\" class=\" wp-image-600 alignnone\" src=\"https:\/\/agora.xtec.cat\/escolaantoniroig\/wp-content\/uploads\/usu563\/2015\/11\/Cartoon_Camera_clip_art_small.png\" alt=\"\" width=\"40\" height=\"27\" \/><\/strong><\/a><\/p>\n","protected":false},"excerpt":{"rendered":"<p>Aquest dilluns 25 d\u2019octubre, els alumnes de cinqu\u00e8 de l\u2019Escola Antoni Roig han sortit d\u2019excursi\u00f3 a visitar el curs del [&hellip;]<\/p>\n","protected":false},"author":1,"featured_media":7170,"comment_status":"open","ping_status":"closed","sticky":false,"template":"","format":"standard","meta":{"_bbp_topic_count":0,"_bbp_reply_count":0,"_bbp_total_topic_count":0,"_bbp_total_reply_count":0,"_bbp_voice_count":0,"_bbp_anonymous_reply_count":0,"_bbp_topic_count_hidden":0,"_bbp_reply_count_hidden":0,"_bbp_forum_subforum_count":0,"site-sidebar-layout":"default","site-content-layout":"","ast-site-content-layout":"","site-content-style":"default","site-sidebar-style":"default","ast-global-header-display":"","ast-banner-title-visibility":"","ast-main-header-display":"","ast-hfb-above-header-display":"","ast-hfb-below-header-display":"","ast-hfb-mobile-header-display":"","site-post-title":"","ast-breadcrumbs-content":"","ast-featured-img":"","footer-sml-layout":"","theme-transparent-header-meta":"","adv-header-id-meta":"","stick-header-meta":"","header-above-stick-meta":"","header-main-stick-meta":"","header-below-stick-meta":"","astra-migrate-meta-layouts":"default","ast-page-background-enabled":"default","ast-page-background-meta":{"desktop":{"background-color":"var(--ast-global-color-4)","background-image":"","background-repeat":"repeat","background-position":"center center","background-size":"auto","background-attachment":"scroll","background-type":"","background-media":"","overlay-type":"","overlay-color":"","overlay-opacity":"","overlay-gradient":""},"tablet":{"background-color":"","background-image":"","background-repeat":"repeat","background-position":"center center","background-size":"auto","background-attachment":"scroll","background-type":"","background-media":"","overlay-type":"","overlay-color":"","overlay-opacity":"","overlay-gradient":""},"mobile":{"background-color":"","background-image":"","background-repeat":"repeat","background-position":"center center","background-size":"auto","background-attachment":"scroll","background-type":"","background-media":"","overlay-type":"","overlay-color":"","overlay-opacity":"","overlay-gradient":""}},"ast-content-background-meta":{"desktop":{"background-color":"var(--ast-global-color-5)","background-image":"","background-repeat":"repeat","background-position":"center center","background-size":"auto","background-attachment":"scroll","background-type":"","background-media":"","overlay-type":"","overlay-color":"","overlay-opacity":"","overlay-gradient":""},"tablet":{"background-color":"var(--ast-global-color-5)","background-image":"","background-repeat":"repeat","background-position":"center center","background-size":"auto","background-attachment":"scroll","background-type":"","background-media":"","overlay-type":"","overlay-color":"","overlay-opacity":"","overlay-gradient":""},"mobile":{"background-color":"var(--ast-global-color-5)","background-image":"","background-repeat":"repeat","background-position":"center center","background-size":"auto","background-attachment":"scroll","background-type":"","background-media":"","overlay-type":"","overlay-color":"","overlay-opacity":"","overlay-gradient":""}},"footnotes":""},"categories":[32,197,4],"tags":[39,16],"class_list":["post-7168","post","type-post","status-publish","format-standard","has-post-thumbnail","hentry","category-cs","category-curs-2021-2022","category-portada","tag-cicle-superior","tag-sortides"],"post_mailing_queue_ids":[],"_links":{"self":[{"href":"https:\/\/agora.xtec.cat\/escolaantoniroig\/wp-json\/wp\/v2\/posts\/7168","targetHints":{"allow":["GET"]}}],"collection":[{"href":"https:\/\/agora.xtec.cat\/escolaantoniroig\/wp-json\/wp\/v2\/posts"}],"about":[{"href":"https:\/\/agora.xtec.cat\/escolaantoniroig\/wp-json\/wp\/v2\/types\/post"}],"author":[{"embeddable":true,"href":"https:\/\/agora.xtec.cat\/escolaantoniroig\/wp-json\/wp\/v2\/users\/1"}],"replies":[{"embeddable":true,"href":"https:\/\/agora.xtec.cat\/escolaantoniroig\/wp-json\/wp\/v2\/comments?post=7168"}],"version-history":[{"count":1,"href":"https:\/\/agora.xtec.cat\/escolaantoniroig\/wp-json\/wp\/v2\/posts\/7168\/revisions"}],"predecessor-version":[{"id":7171,"href":"https:\/\/agora.xtec.cat\/escolaantoniroig\/wp-json\/wp\/v2\/posts\/7168\/revisions\/7171"}],"wp:featuredmedia":[{"embeddable":true,"href":"https:\/\/agora.xtec.cat\/escolaantoniroig\/wp-json\/wp\/v2\/media\/7170"}],"wp:attachment":[{"href":"https:\/\/agora.xtec.cat\/escolaantoniroig\/wp-json\/wp\/v2\/media?parent=7168"}],"wp:term":[{"taxonomy":"category","embeddable":true,"href":"https:\/\/agora.xtec.cat\/escolaantoniroig\/wp-json\/wp\/v2\/categories?post=7168"},{"taxonomy":"post_tag","embeddable":true,"href":"https:\/\/agora.xtec.cat\/escolaantoniroig\/wp-json\/wp\/v2\/tags?post=7168"}],"curies":[{"name":"wp","href":"https:\/\/api.w.org\/{rel}","templated":true}]}}