{"id":6687,"date":"2021-04-09T09:47:53","date_gmt":"2021-04-09T07:47:53","guid":{"rendered":"http:\/\/agora.xtec.cat\/escolaantoniroig\/?p=6687"},"modified":"2021-04-14T09:03:35","modified_gmt":"2021-04-14T07:03:35","slug":"composicions-musicals","status":"publish","type":"post","link":"https:\/\/agora.xtec.cat\/escolaantoniroig\/portada\/composicions-musicals\/","title":{"rendered":"COMPOSICIONS MUSICALS"},"content":{"rendered":"<p style=\"text-align: justify;\">Aquest segon trimestre amb els alumnes de sis\u00e8 vam visitar virtualment el Museu d\u2019Art Contemporani i Modern de Tarragona. Aquesta visita ens va servir de guia per crear una composici\u00f3 musical.<\/p>\n<p style=\"text-align: justify;\">Vam escollir 10 obres d\u2019art del museu. De cada obra els alumnes vam crear uns versos per poder rapejar. M\u00e9s tard ells van crear una base instrumental per aquests versos i despr\u00e9s vam enregistrar les nostres can\u00e7ons.<\/p>\n<p style=\"text-align: justify;\">Aquest treball ha agrupat les diferents disciplines en qu\u00e8 hem estat treballant per aconseguir un producte final:\u00a0 el taller de rap amb el treball de la paraula, la part pl\u00e0stica i la part musical.<\/p>\n<p style=\"text-align: justify;\">Hem trobat les dificultats que t\u00e9 la composici\u00f3 en relaci\u00f3 a la lletra, la m\u00fasica i la producci\u00f3.<\/p>\n<p>Voleu escoltar-les? Aqu\u00ed les teniu:<\/p>\n<p><a href=\"https:\/\/drive.google.com\/file\/d\/1_oED-rwjw0iR5tRdVqrsS0NGbOHgjxuq\/view?usp=sharing\"><img loading=\"lazy\" decoding=\"async\" class=\"wp-image-1275 alignnone\" src=\"https:\/\/agora.xtec.cat\/escolaantoniroig\/wp-content\/uploads\/usu563\/2016\/06\/audio.jpg\" alt=\"\" width=\"32\" height=\"28\" \/> \u00a0<strong>Grup A<\/strong><\/a><\/p>\n<p><a href=\"https:\/\/drive.google.com\/file\/d\/14QMz_G5Bu9brloKd5xdYEQqlSzB4tvUk\/view?usp=sharing\"><strong> <img loading=\"lazy\" decoding=\"async\" class=\"wp-image-1275 alignnone\" src=\"https:\/\/agora.xtec.cat\/escolaantoniroig\/wp-content\/uploads\/usu563\/2016\/06\/audio.jpg\" alt=\"\" width=\"32\" height=\"28\" \/> <\/strong><strong>Grup B<\/strong><\/a><\/p>\n<p><a href=\"https:\/\/drive.google.com\/file\/d\/1zfMwCang6mz_zYKOJ-nChVK81o5HSETC\/view?usp=sharing\"><strong><img loading=\"lazy\" decoding=\"async\" class=\"wp-image-1275 alignnone\" src=\"https:\/\/agora.xtec.cat\/escolaantoniroig\/wp-content\/uploads\/usu563\/2016\/06\/audio.jpg\" alt=\"\" width=\"32\" height=\"28\" \/> Grup C<\/strong><\/a><\/p>\n","protected":false},"excerpt":{"rendered":"<p>Aquest segon trimestre amb els alumnes de sis\u00e8 vam visitar virtualment el Museu d\u2019Art Contemporani i Modern de Tarragona. Aquesta [&hellip;]<\/p>\n","protected":false},"author":1,"featured_media":0,"comment_status":"open","ping_status":"closed","sticky":false,"template":"","format":"standard","meta":{"_bbp_topic_count":0,"_bbp_reply_count":0,"_bbp_total_topic_count":0,"_bbp_total_reply_count":0,"_bbp_voice_count":0,"_bbp_anonymous_reply_count":0,"_bbp_topic_count_hidden":0,"_bbp_reply_count_hidden":0,"_bbp_forum_subforum_count":0,"site-sidebar-layout":"default","site-content-layout":"","ast-site-content-layout":"","site-content-style":"default","site-sidebar-style":"default","ast-global-header-display":"","ast-banner-title-visibility":"","ast-main-header-display":"","ast-hfb-above-header-display":"","ast-hfb-below-header-display":"","ast-hfb-mobile-header-display":"","site-post-title":"","ast-breadcrumbs-content":"","ast-featured-img":"","footer-sml-layout":"","theme-transparent-header-meta":"","adv-header-id-meta":"","stick-header-meta":"","header-above-stick-meta":"","header-main-stick-meta":"","header-below-stick-meta":"","astra-migrate-meta-layouts":"default","ast-page-background-enabled":"default","ast-page-background-meta":{"desktop":{"background-color":"var(--ast-global-color-4)","background-image":"","background-repeat":"repeat","background-position":"center center","background-size":"auto","background-attachment":"scroll","background-type":"","background-media":"","overlay-type":"","overlay-color":"","overlay-opacity":"","overlay-gradient":""},"tablet":{"background-color":"","background-image":"","background-repeat":"repeat","background-position":"center center","background-size":"auto","background-attachment":"scroll","background-type":"","background-media":"","overlay-type":"","overlay-color":"","overlay-opacity":"","overlay-gradient":""},"mobile":{"background-color":"","background-image":"","background-repeat":"repeat","background-position":"center center","background-size":"auto","background-attachment":"scroll","background-type":"","background-media":"","overlay-type":"","overlay-color":"","overlay-opacity":"","overlay-gradient":""}},"ast-content-background-meta":{"desktop":{"background-color":"var(--ast-global-color-5)","background-image":"","background-repeat":"repeat","background-position":"center center","background-size":"auto","background-attachment":"scroll","background-type":"","background-media":"","overlay-type":"","overlay-color":"","overlay-opacity":"","overlay-gradient":""},"tablet":{"background-color":"var(--ast-global-color-5)","background-image":"","background-repeat":"repeat","background-position":"center center","background-size":"auto","background-attachment":"scroll","background-type":"","background-media":"","overlay-type":"","overlay-color":"","overlay-opacity":"","overlay-gradient":""},"mobile":{"background-color":"var(--ast-global-color-5)","background-image":"","background-repeat":"repeat","background-position":"center center","background-size":"auto","background-attachment":"scroll","background-type":"","background-media":"","overlay-type":"","overlay-color":"","overlay-opacity":"","overlay-gradient":""}},"footnotes":""},"categories":[32,170,4],"tags":[39,146,48],"class_list":["post-6687","post","type-post","status-publish","format-standard","hentry","category-cs","category-educacio-artistica","category-portada","tag-cicle-superior","tag-educacio-artistica","tag-musica"],"post_mailing_queue_ids":[],"_links":{"self":[{"href":"https:\/\/agora.xtec.cat\/escolaantoniroig\/wp-json\/wp\/v2\/posts\/6687","targetHints":{"allow":["GET"]}}],"collection":[{"href":"https:\/\/agora.xtec.cat\/escolaantoniroig\/wp-json\/wp\/v2\/posts"}],"about":[{"href":"https:\/\/agora.xtec.cat\/escolaantoniroig\/wp-json\/wp\/v2\/types\/post"}],"author":[{"embeddable":true,"href":"https:\/\/agora.xtec.cat\/escolaantoniroig\/wp-json\/wp\/v2\/users\/1"}],"replies":[{"embeddable":true,"href":"https:\/\/agora.xtec.cat\/escolaantoniroig\/wp-json\/wp\/v2\/comments?post=6687"}],"version-history":[{"count":1,"href":"https:\/\/agora.xtec.cat\/escolaantoniroig\/wp-json\/wp\/v2\/posts\/6687\/revisions"}],"predecessor-version":[{"id":6688,"href":"https:\/\/agora.xtec.cat\/escolaantoniroig\/wp-json\/wp\/v2\/posts\/6687\/revisions\/6688"}],"wp:attachment":[{"href":"https:\/\/agora.xtec.cat\/escolaantoniroig\/wp-json\/wp\/v2\/media?parent=6687"}],"wp:term":[{"taxonomy":"category","embeddable":true,"href":"https:\/\/agora.xtec.cat\/escolaantoniroig\/wp-json\/wp\/v2\/categories?post=6687"},{"taxonomy":"post_tag","embeddable":true,"href":"https:\/\/agora.xtec.cat\/escolaantoniroig\/wp-json\/wp\/v2\/tags?post=6687"}],"curies":[{"name":"wp","href":"https:\/\/api.w.org\/{rel}","templated":true}]}}