{"id":6476,"date":"2021-01-30T19:02:46","date_gmt":"2021-01-30T18:02:46","guid":{"rendered":"http:\/\/agora.xtec.cat\/escolaantoniroig\/?p=6476"},"modified":"2021-02-06T20:53:45","modified_gmt":"2021-02-06T19:53:45","slug":"celebrem-el-dia-de-la-pau-i-la-no-violencia","status":"publish","type":"post","link":"https:\/\/agora.xtec.cat\/escolaantoniroig\/general\/celebrem-el-dia-de-la-pau-i-la-no-violencia\/","title":{"rendered":"CELEBREM EL DIA DE LA PAU I LA NO VIOL\u00c8NCIA"},"content":{"rendered":"<p style=\"text-align: justify;\">Per celebrar el dia de la Pau i la No-viol\u00e8ncia, els nens i les nenes d\u2019Educaci\u00f3 Infantil hem realitzat dues activitats. Primer hem escoltat i visualitzat el conte \u201cEls bons amics\u201d, amb el qual es treballa el valor de l\u2019amistat i l\u2019ajuda als altres.\u00a0 Per acabar, hem confeccionat una targeta per portar a casa.\u00a0A P3 hem fet la targeta amb el s\u00edmbol del colom de la pau fet amb les mans i pintura. A P4 l\u2019hem fet amb el s\u00edmbol de les mans agafades \u00a0(una en blanc i l\u2019altra amb color), i hi hem escrit la paraula \u201cPAU\u201d i resseguit les paraules \u201cEls bons amics\u201d. I a P5 l\u2019hem fet dibuixant el s\u00edmbol del colom de la pau i hi hem escrit paraules boniques a dins.<\/p>\n<p style=\"text-align: justify;\">A cicle inicial hem fet una \u201ccadena de \u00a0la Pau\u201d. Ens hem dibuixat les mans i hem posat una acci\u00f3, un desig o una paraula bonica que hem utilitzat aquesta setmana amb els nostres amics, companys i familiars. Les hem penjades unides formant una cadena. Tamb\u00e9 hem vist un curtmetratge on es treballava l\u2019empatia i hem escoltat unes can\u00e7ons relacionades amb el dia de la Pau.<\/p>\n<p style=\"text-align: justify;\">Les i els alumnes de cicle mitj\u00e0 per fi ens hem pogut donar les mans&#8230; Ho hem fet de manera simb\u00f2lica amb una garlanda feta amb les nostres siluetes.<\/p>\n<p>A cinqu\u00e8 hem treballat la figura de Pau Casals i hem comen\u00e7at a crear el mur de les &#8220;Paraules de pau&#8221;: despr\u00e9s d&#8217;una pluja d&#8217;idees, hem buscat paraules amb cada lletra de l&#8217;alfabet.<\/p>\n<p>I a sis\u00e8 hem recordat viv\u00e8ncies de quan \u00e9rem petits visualitzant el v\u00eddeo &#8220;El m\u00f3n seria&#8221; que vam gravar a l&#8217;escola. I hem creat un passaparaula per la pau, amb verbs que fan la que aquesta sigui m\u00e9s f\u00e0cil i propera.<\/p>\n<p>Hem de continuar creixent junts des de la Pau i en un futur en Pau.<\/p>\n<p><img loading=\"lazy\" decoding=\"async\" class=\"aligncenter size-large wp-image-6485\" src=\"https:\/\/agora.xtec.cat\/escolaantoniroig\/wp-content\/uploads\/usu563\/2021\/01\/dia-de-la-pau-collage-1024x486.jpg\" alt=\"\" width=\"1024\" height=\"486\" srcset=\"https:\/\/agora.xtec.cat\/escolaantoniroig\/wp-content\/uploads\/usu563\/2021\/01\/dia-de-la-pau-collage-1024x486.jpg 1024w, https:\/\/agora.xtec.cat\/escolaantoniroig\/wp-content\/uploads\/usu563\/2021\/01\/dia-de-la-pau-collage-300x142.jpg 300w, https:\/\/agora.xtec.cat\/escolaantoniroig\/wp-content\/uploads\/usu563\/2021\/01\/dia-de-la-pau-collage-768x364.jpg 768w, https:\/\/agora.xtec.cat\/escolaantoniroig\/wp-content\/uploads\/usu563\/2021\/01\/dia-de-la-pau-collage.jpg 1366w\" sizes=\"auto, (max-width: 1024px) 100vw, 1024px\" \/><\/p>\n<p>Podeu veure m\u00e9s fotografies <a href=\"https:\/\/agora.xtec.cat\/escolaantoniroig\/fotos\/\"><strong>clicant aqu\u00ed <img loading=\"lazy\" decoding=\"async\" class=\" wp-image-600 alignnone\" src=\"https:\/\/agora.xtec.cat\/escolaantoniroig\/wp-content\/uploads\/usu563\/2015\/11\/Cartoon_Camera_clip_art_small.png\" alt=\"\" width=\"37\" height=\"25\" \/><\/strong><\/a><\/p>\n","protected":false},"excerpt":{"rendered":"<p>Per celebrar el dia de la Pau i la No-viol\u00e8ncia, els nens i les nenes d\u2019Educaci\u00f3 Infantil hem realitzat dues [&hellip;]<\/p>\n","protected":false},"author":1,"featured_media":6485,"comment_status":"open","ping_status":"closed","sticky":false,"template":"","format":"standard","meta":{"_bbp_topic_count":0,"_bbp_reply_count":0,"_bbp_total_topic_count":0,"_bbp_total_reply_count":0,"_bbp_voice_count":0,"_bbp_anonymous_reply_count":0,"_bbp_topic_count_hidden":0,"_bbp_reply_count_hidden":0,"_bbp_forum_subforum_count":0,"site-sidebar-layout":"default","site-content-layout":"","ast-site-content-layout":"","site-content-style":"default","site-sidebar-style":"default","ast-global-header-display":"","ast-banner-title-visibility":"","ast-main-header-display":"","ast-hfb-above-header-display":"","ast-hfb-below-header-display":"","ast-hfb-mobile-header-display":"","site-post-title":"","ast-breadcrumbs-content":"","ast-featured-img":"","footer-sml-layout":"","theme-transparent-header-meta":"","adv-header-id-meta":"","stick-header-meta":"","header-above-stick-meta":"","header-main-stick-meta":"","header-below-stick-meta":"","astra-migrate-meta-layouts":"default","ast-page-background-enabled":"default","ast-page-background-meta":{"desktop":{"background-color":"var(--ast-global-color-4)","background-image":"","background-repeat":"repeat","background-position":"center center","background-size":"auto","background-attachment":"scroll","background-type":"","background-media":"","overlay-type":"","overlay-color":"","overlay-opacity":"","overlay-gradient":""},"tablet":{"background-color":"","background-image":"","background-repeat":"repeat","background-position":"center center","background-size":"auto","background-attachment":"scroll","background-type":"","background-media":"","overlay-type":"","overlay-color":"","overlay-opacity":"","overlay-gradient":""},"mobile":{"background-color":"","background-image":"","background-repeat":"repeat","background-position":"center center","background-size":"auto","background-attachment":"scroll","background-type":"","background-media":"","overlay-type":"","overlay-color":"","overlay-opacity":"","overlay-gradient":""}},"ast-content-background-meta":{"desktop":{"background-color":"var(--ast-global-color-5)","background-image":"","background-repeat":"repeat","background-position":"center center","background-size":"auto","background-attachment":"scroll","background-type":"","background-media":"","overlay-type":"","overlay-color":"","overlay-opacity":"","overlay-gradient":""},"tablet":{"background-color":"var(--ast-global-color-5)","background-image":"","background-repeat":"repeat","background-position":"center center","background-size":"auto","background-attachment":"scroll","background-type":"","background-media":"","overlay-type":"","overlay-color":"","overlay-opacity":"","overlay-gradient":""},"mobile":{"background-color":"var(--ast-global-color-5)","background-image":"","background-repeat":"repeat","background-position":"center center","background-size":"auto","background-attachment":"scroll","background-type":"","background-media":"","overlay-type":"","overlay-color":"","overlay-opacity":"","overlay-gradient":""}},"footnotes":""},"categories":[30,31,32,29,1,4],"tags":[43,65],"class_list":["post-6476","post","type-post","status-publish","format-standard","has-post-thumbnail","hentry","category-ci","category-cm","category-cs","category-edinf","category-general","category-portada","tag-celebracions","tag-pau"],"post_mailing_queue_ids":[],"_links":{"self":[{"href":"https:\/\/agora.xtec.cat\/escolaantoniroig\/wp-json\/wp\/v2\/posts\/6476","targetHints":{"allow":["GET"]}}],"collection":[{"href":"https:\/\/agora.xtec.cat\/escolaantoniroig\/wp-json\/wp\/v2\/posts"}],"about":[{"href":"https:\/\/agora.xtec.cat\/escolaantoniroig\/wp-json\/wp\/v2\/types\/post"}],"author":[{"embeddable":true,"href":"https:\/\/agora.xtec.cat\/escolaantoniroig\/wp-json\/wp\/v2\/users\/1"}],"replies":[{"embeddable":true,"href":"https:\/\/agora.xtec.cat\/escolaantoniroig\/wp-json\/wp\/v2\/comments?post=6476"}],"version-history":[{"count":3,"href":"https:\/\/agora.xtec.cat\/escolaantoniroig\/wp-json\/wp\/v2\/posts\/6476\/revisions"}],"predecessor-version":[{"id":6486,"href":"https:\/\/agora.xtec.cat\/escolaantoniroig\/wp-json\/wp\/v2\/posts\/6476\/revisions\/6486"}],"wp:featuredmedia":[{"embeddable":true,"href":"https:\/\/agora.xtec.cat\/escolaantoniroig\/wp-json\/wp\/v2\/media\/6485"}],"wp:attachment":[{"href":"https:\/\/agora.xtec.cat\/escolaantoniroig\/wp-json\/wp\/v2\/media?parent=6476"}],"wp:term":[{"taxonomy":"category","embeddable":true,"href":"https:\/\/agora.xtec.cat\/escolaantoniroig\/wp-json\/wp\/v2\/categories?post=6476"},{"taxonomy":"post_tag","embeddable":true,"href":"https:\/\/agora.xtec.cat\/escolaantoniroig\/wp-json\/wp\/v2\/tags?post=6476"}],"curies":[{"name":"wp","href":"https:\/\/api.w.org\/{rel}","templated":true}]}}