{"id":5973,"date":"2020-04-14T17:04:13","date_gmt":"2020-04-14T15:04:13","guid":{"rendered":"http:\/\/agora.xtec.cat\/escolaantoniroig\/?p=5973"},"modified":"2020-04-14T17:04:25","modified_gmt":"2020-04-14T15:04:25","slug":"ed-artistica-joemquedoacasa-setmana-4","status":"publish","type":"post","link":"https:\/\/agora.xtec.cat\/escolaantoniroig\/portada\/ed-artistica-joemquedoacasa-setmana-4\/","title":{"rendered":"ED. ART\u00cdSTICA #JOEMQUEDOACASA &#8211; SETMANA 4"},"content":{"rendered":"<p style=\"text-align: justify;\">Bona tarda!!!<\/p>\n<p style=\"text-align: justify;\">Avui justament fa un mes que no ens veiem. A alguns de vosaltres us he vist virtualment ja que m&#8217;heu escrit, enviat fotografies, fins i tot\u00a0 m&#8217;heu enviat\u00a0 gravacions cantant i m&#8217;encanta!!!<\/p>\n<p style=\"text-align: justify;\">Aquest calendari t\u00e9 can\u00e7ons per a cada curs, una coreografia per ballar amb la fam\u00edlia o sols, i\u00a0 uns tutorials per aprendre unes can\u00e7onetes amb la flauta dol\u00e7a: <em>Estrellita d\u00f3nde est\u00e1s<\/em>, <em>La primavera<\/em> de Vivaldi i<em> Star Wars<\/em>.<\/p>\n<p style=\"text-align: justify;\">Molt, molt important\u00a0que les can\u00e7ons les aneu\u00a0escoltant i aprenent\u00a0 ja que m\u00e9s endavant\u00a0us demanar\u00e9 coses relacionades amb elles&#8230;quin misteri, veritat?<\/p>\n<p style=\"text-align: justify;\">Comencem el tercer trimestre i una forma nova d&#8217;aprendre junts.<br \/>\nEspero que estigueu tots i totes ben animats i animades en comen\u00e7ar aquesta nova aventura junts.<\/p>\n<p style=\"text-align: justify;\">Abra\u00e7ades,<br \/>\nGraciela Mart\u00ednez<\/p>\n<p><a href=\"https:\/\/agora.xtec.cat\/escolaantoniroig\/wp-content\/uploads\/usu563\/2020\/04\/SETMANA-4-ABRIL-JOEMQUEDOACASA.pdf\"><img loading=\"lazy\" decoding=\"async\" class=\"aligncenter size-large wp-image-5975\" src=\"https:\/\/agora.xtec.cat\/escolaantoniroig\/wp-content\/uploads\/usu563\/2020\/04\/art\u00edstica-4-1024x572.jpg\" alt=\"\" width=\"1024\" height=\"572\" srcset=\"https:\/\/agora.xtec.cat\/escolaantoniroig\/wp-content\/uploads\/usu563\/2020\/04\/art\u00edstica-4-1024x572.jpg 1024w, https:\/\/agora.xtec.cat\/escolaantoniroig\/wp-content\/uploads\/usu563\/2020\/04\/art\u00edstica-4-300x168.jpg 300w, https:\/\/agora.xtec.cat\/escolaantoniroig\/wp-content\/uploads\/usu563\/2020\/04\/art\u00edstica-4-768x429.jpg 768w, https:\/\/agora.xtec.cat\/escolaantoniroig\/wp-content\/uploads\/usu563\/2020\/04\/art\u00edstica-4.jpg 1302w\" sizes=\"auto, (max-width: 1024px) 100vw, 1024px\" \/><\/a><\/p>\n","protected":false},"excerpt":{"rendered":"<p>Bona tarda!!! Avui justament fa un mes que no ens veiem. A alguns de vosaltres us he vist virtualment ja [&hellip;]<\/p>\n","protected":false},"author":1,"featured_media":5975,"comment_status":"open","ping_status":"closed","sticky":false,"template":"","format":"standard","meta":{"_bbp_topic_count":0,"_bbp_reply_count":0,"_bbp_total_topic_count":0,"_bbp_total_reply_count":0,"_bbp_voice_count":0,"_bbp_anonymous_reply_count":0,"_bbp_topic_count_hidden":0,"_bbp_reply_count_hidden":0,"_bbp_forum_subforum_count":0,"site-sidebar-layout":"default","site-content-layout":"","ast-site-content-layout":"","site-content-style":"default","site-sidebar-style":"default","ast-global-header-display":"","ast-banner-title-visibility":"","ast-main-header-display":"","ast-hfb-above-header-display":"","ast-hfb-below-header-display":"","ast-hfb-mobile-header-display":"","site-post-title":"","ast-breadcrumbs-content":"","ast-featured-img":"","footer-sml-layout":"","theme-transparent-header-meta":"","adv-header-id-meta":"","stick-header-meta":"","header-above-stick-meta":"","header-main-stick-meta":"","header-below-stick-meta":"","astra-migrate-meta-layouts":"default","ast-page-background-enabled":"default","ast-page-background-meta":{"desktop":{"background-color":"var(--ast-global-color-4)","background-image":"","background-repeat":"repeat","background-position":"center center","background-size":"auto","background-attachment":"scroll","background-type":"","background-media":"","overlay-type":"","overlay-color":"","overlay-opacity":"","overlay-gradient":""},"tablet":{"background-color":"","background-image":"","background-repeat":"repeat","background-position":"center center","background-size":"auto","background-attachment":"scroll","background-type":"","background-media":"","overlay-type":"","overlay-color":"","overlay-opacity":"","overlay-gradient":""},"mobile":{"background-color":"","background-image":"","background-repeat":"repeat","background-position":"center center","background-size":"auto","background-attachment":"scroll","background-type":"","background-media":"","overlay-type":"","overlay-color":"","overlay-opacity":"","overlay-gradient":""}},"ast-content-background-meta":{"desktop":{"background-color":"var(--ast-global-color-5)","background-image":"","background-repeat":"repeat","background-position":"center center","background-size":"auto","background-attachment":"scroll","background-type":"","background-media":"","overlay-type":"","overlay-color":"","overlay-opacity":"","overlay-gradient":""},"tablet":{"background-color":"var(--ast-global-color-5)","background-image":"","background-repeat":"repeat","background-position":"center center","background-size":"auto","background-attachment":"scroll","background-type":"","background-media":"","overlay-type":"","overlay-color":"","overlay-opacity":"","overlay-gradient":""},"mobile":{"background-color":"var(--ast-global-color-5)","background-image":"","background-repeat":"repeat","background-position":"center center","background-size":"auto","background-attachment":"scroll","background-type":"","background-media":"","overlay-type":"","overlay-color":"","overlay-opacity":"","overlay-gradient":""}},"footnotes":""},"categories":[180,30,31,32,168,170,4],"tags":[179,146],"class_list":["post-5973","post","type-post","status-publish","format-standard","has-post-thumbnail","hentry","category-joemquedoacasa","category-ci","category-cm","category-cs","category-curs-2019-2020","category-educacio-artistica","category-portada","tag-joemquedoacasa","tag-educacio-artistica"],"post_mailing_queue_ids":[],"_links":{"self":[{"href":"https:\/\/agora.xtec.cat\/escolaantoniroig\/wp-json\/wp\/v2\/posts\/5973","targetHints":{"allow":["GET"]}}],"collection":[{"href":"https:\/\/agora.xtec.cat\/escolaantoniroig\/wp-json\/wp\/v2\/posts"}],"about":[{"href":"https:\/\/agora.xtec.cat\/escolaantoniroig\/wp-json\/wp\/v2\/types\/post"}],"author":[{"embeddable":true,"href":"https:\/\/agora.xtec.cat\/escolaantoniroig\/wp-json\/wp\/v2\/users\/1"}],"replies":[{"embeddable":true,"href":"https:\/\/agora.xtec.cat\/escolaantoniroig\/wp-json\/wp\/v2\/comments?post=5973"}],"version-history":[{"count":1,"href":"https:\/\/agora.xtec.cat\/escolaantoniroig\/wp-json\/wp\/v2\/posts\/5973\/revisions"}],"predecessor-version":[{"id":5976,"href":"https:\/\/agora.xtec.cat\/escolaantoniroig\/wp-json\/wp\/v2\/posts\/5973\/revisions\/5976"}],"wp:featuredmedia":[{"embeddable":true,"href":"https:\/\/agora.xtec.cat\/escolaantoniroig\/wp-json\/wp\/v2\/media\/5975"}],"wp:attachment":[{"href":"https:\/\/agora.xtec.cat\/escolaantoniroig\/wp-json\/wp\/v2\/media?parent=5973"}],"wp:term":[{"taxonomy":"category","embeddable":true,"href":"https:\/\/agora.xtec.cat\/escolaantoniroig\/wp-json\/wp\/v2\/categories?post=5973"},{"taxonomy":"post_tag","embeddable":true,"href":"https:\/\/agora.xtec.cat\/escolaantoniroig\/wp-json\/wp\/v2\/tags?post=5973"}],"curies":[{"name":"wp","href":"https:\/\/api.w.org\/{rel}","templated":true}]}}