{"id":5967,"date":"2020-04-06T12:44:19","date_gmt":"2020-04-06T10:44:19","guid":{"rendered":"http:\/\/agora.xtec.cat\/escolaantoniroig\/?p=5967"},"modified":"2020-04-06T12:44:19","modified_gmt":"2020-04-06T10:44:19","slug":"ed-artistica-durant-les-vacances-joemquedoacasa","status":"publish","type":"post","link":"https:\/\/agora.xtec.cat\/escolaantoniroig\/portada\/ed-artistica-durant-les-vacances-joemquedoacasa\/","title":{"rendered":"ED. ART\u00cdSTICA DURANT LES VACANCES  #JOEMQUEDOACASA"},"content":{"rendered":"<p style=\"text-align: justify;\">Bon dia!!!<\/p>\n<p style=\"text-align: justify;\">Aquesta setmana el calendari t\u00e9 una difer\u00e8ncia als anteriors. Com que estem en per\u00edode de vacances de Setmana Santa cada dia \u00e9s un v\u00eddeo o un joc per mirar o fer, sense especificar cap nivell. Tots podeu entrar i xafardejar.<\/p>\n<p style=\"text-align: justify;\">Ens trobeu una mica a faltar? Nosaltres molt\u00edssim!!!!! Per aquesta ra\u00f3 us proposo que feu un dibuix del o de la vostra mestre\/a. Fins i tot podeu dibuixar un rac\u00f3 de l&#8217;escola que trobeu a faltar: la muntanya, la classe, el sorral, el laboratori d&#8217;idiomes, etc.<\/p>\n<p style=\"text-align: justify;\">I per acomiadar-me us he deixat penjada una can\u00e7\u00f3 del grup PeTaCa que podeu cantar tots i totes, es diu &#8220;El nou futur.&#8221;<br \/>\nCanteu, dibuixeu i balleu!!!<\/p>\n<p style=\"text-align: justify;\">Moltes abra\u00e7ades,<br \/>\nGraciela Mart\u00ednez<\/p>\n<p><a href=\"https:\/\/agora.xtec.cat\/escolaantoniroig\/wp-content\/uploads\/usu563\/2020\/04\/SETMANA-3-ABRILJOEMQUEDOACASA.pdf\"><img loading=\"lazy\" decoding=\"async\" class=\"aligncenter size-large wp-image-5969\" src=\"https:\/\/agora.xtec.cat\/escolaantoniroig\/wp-content\/uploads\/usu563\/2020\/04\/artistica-3-1024x577.jpg\" alt=\"\" width=\"1024\" height=\"577\" srcset=\"https:\/\/agora.xtec.cat\/escolaantoniroig\/wp-content\/uploads\/usu563\/2020\/04\/artistica-3-1024x577.jpg 1024w, https:\/\/agora.xtec.cat\/escolaantoniroig\/wp-content\/uploads\/usu563\/2020\/04\/artistica-3-300x169.jpg 300w, https:\/\/agora.xtec.cat\/escolaantoniroig\/wp-content\/uploads\/usu563\/2020\/04\/artistica-3-768x432.jpg 768w, https:\/\/agora.xtec.cat\/escolaantoniroig\/wp-content\/uploads\/usu563\/2020\/04\/artistica-3.jpg 1103w\" sizes=\"auto, (max-width: 1024px) 100vw, 1024px\" \/><\/a><\/p>\n<p>#joemquedoacasa<\/p>\n","protected":false},"excerpt":{"rendered":"<p>Bon dia!!! Aquesta setmana el calendari t\u00e9 una difer\u00e8ncia als anteriors. Com que estem en per\u00edode de vacances de Setmana [&hellip;]<\/p>\n","protected":false},"author":1,"featured_media":5969,"comment_status":"open","ping_status":"closed","sticky":false,"template":"","format":"standard","meta":{"_bbp_topic_count":0,"_bbp_reply_count":0,"_bbp_total_topic_count":0,"_bbp_total_reply_count":0,"_bbp_voice_count":0,"_bbp_anonymous_reply_count":0,"_bbp_topic_count_hidden":0,"_bbp_reply_count_hidden":0,"_bbp_forum_subforum_count":0,"site-sidebar-layout":"default","site-content-layout":"","ast-site-content-layout":"","site-content-style":"default","site-sidebar-style":"default","ast-global-header-display":"","ast-banner-title-visibility":"","ast-main-header-display":"","ast-hfb-above-header-display":"","ast-hfb-below-header-display":"","ast-hfb-mobile-header-display":"","site-post-title":"","ast-breadcrumbs-content":"","ast-featured-img":"","footer-sml-layout":"","theme-transparent-header-meta":"","adv-header-id-meta":"","stick-header-meta":"","header-above-stick-meta":"","header-main-stick-meta":"","header-below-stick-meta":"","astra-migrate-meta-layouts":"default","ast-page-background-enabled":"default","ast-page-background-meta":{"desktop":{"background-color":"var(--ast-global-color-4)","background-image":"","background-repeat":"repeat","background-position":"center center","background-size":"auto","background-attachment":"scroll","background-type":"","background-media":"","overlay-type":"","overlay-color":"","overlay-opacity":"","overlay-gradient":""},"tablet":{"background-color":"","background-image":"","background-repeat":"repeat","background-position":"center center","background-size":"auto","background-attachment":"scroll","background-type":"","background-media":"","overlay-type":"","overlay-color":"","overlay-opacity":"","overlay-gradient":""},"mobile":{"background-color":"","background-image":"","background-repeat":"repeat","background-position":"center center","background-size":"auto","background-attachment":"scroll","background-type":"","background-media":"","overlay-type":"","overlay-color":"","overlay-opacity":"","overlay-gradient":""}},"ast-content-background-meta":{"desktop":{"background-color":"var(--ast-global-color-5)","background-image":"","background-repeat":"repeat","background-position":"center center","background-size":"auto","background-attachment":"scroll","background-type":"","background-media":"","overlay-type":"","overlay-color":"","overlay-opacity":"","overlay-gradient":""},"tablet":{"background-color":"var(--ast-global-color-5)","background-image":"","background-repeat":"repeat","background-position":"center center","background-size":"auto","background-attachment":"scroll","background-type":"","background-media":"","overlay-type":"","overlay-color":"","overlay-opacity":"","overlay-gradient":""},"mobile":{"background-color":"var(--ast-global-color-5)","background-image":"","background-repeat":"repeat","background-position":"center center","background-size":"auto","background-attachment":"scroll","background-type":"","background-media":"","overlay-type":"","overlay-color":"","overlay-opacity":"","overlay-gradient":""}},"footnotes":""},"categories":[180,30,31,32,168,77,4],"tags":[179,42,57,39,116],"class_list":["post-5967","post","type-post","status-publish","format-standard","has-post-thumbnail","hentry","category-joemquedoacasa","category-ci","category-cm","category-cs","category-curs-2019-2020","category-educacio-fisica","category-portada","tag-joemquedoacasa","tag-cicle-inicial","tag-cicle-mitja","tag-cicle-superior","tag-ed-artistica"],"post_mailing_queue_ids":[],"_links":{"self":[{"href":"https:\/\/agora.xtec.cat\/escolaantoniroig\/wp-json\/wp\/v2\/posts\/5967","targetHints":{"allow":["GET"]}}],"collection":[{"href":"https:\/\/agora.xtec.cat\/escolaantoniroig\/wp-json\/wp\/v2\/posts"}],"about":[{"href":"https:\/\/agora.xtec.cat\/escolaantoniroig\/wp-json\/wp\/v2\/types\/post"}],"author":[{"embeddable":true,"href":"https:\/\/agora.xtec.cat\/escolaantoniroig\/wp-json\/wp\/v2\/users\/1"}],"replies":[{"embeddable":true,"href":"https:\/\/agora.xtec.cat\/escolaantoniroig\/wp-json\/wp\/v2\/comments?post=5967"}],"version-history":[{"count":1,"href":"https:\/\/agora.xtec.cat\/escolaantoniroig\/wp-json\/wp\/v2\/posts\/5967\/revisions"}],"predecessor-version":[{"id":5970,"href":"https:\/\/agora.xtec.cat\/escolaantoniroig\/wp-json\/wp\/v2\/posts\/5967\/revisions\/5970"}],"wp:featuredmedia":[{"embeddable":true,"href":"https:\/\/agora.xtec.cat\/escolaantoniroig\/wp-json\/wp\/v2\/media\/5969"}],"wp:attachment":[{"href":"https:\/\/agora.xtec.cat\/escolaantoniroig\/wp-json\/wp\/v2\/media?parent=5967"}],"wp:term":[{"taxonomy":"category","embeddable":true,"href":"https:\/\/agora.xtec.cat\/escolaantoniroig\/wp-json\/wp\/v2\/categories?post=5967"},{"taxonomy":"post_tag","embeddable":true,"href":"https:\/\/agora.xtec.cat\/escolaantoniroig\/wp-json\/wp\/v2\/tags?post=5967"}],"curies":[{"name":"wp","href":"https:\/\/api.w.org\/{rel}","templated":true}]}}