{"id":5746,"date":"2020-02-04T13:29:18","date_gmt":"2020-02-04T12:29:18","guid":{"rendered":"http:\/\/agora.xtec.cat\/escolaantoniroig\/?p=5746"},"modified":"2020-02-04T13:34:55","modified_gmt":"2020-02-04T12:34:55","slug":"taller-de-rap-2","status":"publish","type":"post","link":"https:\/\/agora.xtec.cat\/escolaantoniroig\/general\/taller-de-rap-2\/","title":{"rendered":"TALLER DE RAP"},"content":{"rendered":"<p style=\"text-align: justify;\">Els passats 17 i 24 de gener, els alumnes de 6\u00e8 vam realitzar un taller de rap a l\u2019escola. El Joel (<em>Fetitxe 13<\/em>), un artista i expert en rap, va ser l\u2019encarregat d\u2019ajudar als nostres alumnes a con\u00e8ixer una mica m\u00e9s sobre aquest estil musical i potenciar la seva creativitat art\u00edstica.<\/p>\n<p style=\"text-align: justify;\">Durant la primera part del taller ens va oferir una presentaci\u00f3 improvisada en forma de rap i ens va ensenyar on va sorgir aquest estil, com funcionava i quins eren els elements b\u00e0sics per a composar-la.<\/p>\n<p style=\"text-align: justify;\">La segona part del taller va ser la posada en pr\u00e0ctica i durant la qual, guiats pel Joel, vam composar el nostre primer rap conjunt agafant de base un tema d\u2019inter\u00e8s actual com el masclisme.<\/p>\n<p style=\"text-align: justify;\">Gr\u00e0cies a aquest taller vam poder posar en pr\u00e0ctica la nostra capacitat de reflexi\u00f3 i cr\u00edtica davant situacions de discriminaci\u00f3 a trav\u00e9s de la poesia i la m\u00fasica.<\/p>\n<p>&nbsp;<\/p>\n<p><strong>RAP CREAT PER 6\u00e8A<\/strong><\/p>\n<p>Maltractaments, agressions, insults, violacions<\/p>\n<p>en contra d\u2019aix\u00f2 farem manifestacions.<\/p>\n<p>aqu\u00ed us portem la nostra versi\u00f3:<\/p>\n<p>cantem aquesta can\u00e7\u00f3 per no sentir-nos pitjor<\/p>\n<p>La nostra missi\u00f3 \u00e9s que no tinguem pressi\u00f3<\/p>\n<p>perqu\u00e8 el m\u00f3n es visqui amb passi\u00f3.<\/p>\n<p>Sense discriminaci\u00f3 ens sentirem millor.<\/p>\n<p>Igualem la posici\u00f3 i evitem l\u2019explotaci\u00f3<\/p>\n<p>&nbsp;<\/p>\n<p><strong>RAP CREAT PER 6\u00e8B<\/strong><\/p>\n<p>Volem que la dona tingui els mateixos drets<\/p>\n<p>Que no s\u2019ocultin els fets i que no siguin tan freds els homes,<\/p>\n<p>que tamb\u00e9 puguin plorar<\/p>\n<p>Expressar els sentiments, que no s\u2019hagin d\u2019amagar.<\/p>\n<p>Volem! Que hi hagi igualtat!<\/p>\n<p>Volem que les dones no nom\u00e9s freguin els plats.<\/p>\n<p>Volem un m\u00f3n en pau, cap societat dolenta.<\/p>\n<p>Volem que la mama sigui la presidenta.<\/p>\n<p>&nbsp;<\/p>\n<p><strong>RAP CREAT PER 6\u00e8C<\/strong><\/p>\n<p>Diuen que alguns homes tenen m\u00e9s autoritat<\/p>\n<p>I que les dones s\u00f3n de la seva propietat.<\/p>\n<p>La prioritat \u00e9s aturar els assassinats.<\/p>\n<p>No anar amb por pel carrer de les ciutats.<\/p>\n<p>Prou \u00e9s prou, no \u00e9s no<\/p>\n<p>Prou \u00e9s prou, no \u00e9s no<\/p>\n<p>Prou \u00e9s prou, no \u00e9s no<\/p>\n<p>Prou \u00e9s prou, no \u00e9s no<\/p>\n<div class=\"ast-oembed-container \" style=\"height: 100%;\"><iframe loading=\"lazy\" title=\"RAP 6\u00e8 A\" width=\"500\" height=\"281\" src=\"https:\/\/www.youtube.com\/embed\/b_VYg1nkj6k?feature=oembed\" frameborder=\"0\" allow=\"accelerometer; autoplay; clipboard-write; encrypted-media; gyroscope; picture-in-picture; web-share\" referrerpolicy=\"strict-origin-when-cross-origin\" allowfullscreen><\/iframe><\/div>\n<div class=\"ast-oembed-container \" style=\"height: 100%;\"><iframe loading=\"lazy\" title=\"RAP 6\u00e8 B\" width=\"500\" height=\"281\" src=\"https:\/\/www.youtube.com\/embed\/RrfSLQfcHew?feature=oembed\" frameborder=\"0\" allow=\"accelerometer; autoplay; clipboard-write; encrypted-media; gyroscope; picture-in-picture; web-share\" referrerpolicy=\"strict-origin-when-cross-origin\" allowfullscreen><\/iframe><\/div>\n<p>Podeu veure les fotografies d&#8217;aquesta activitat <a href=\"https:\/\/agora.xtec.cat\/escolaantoniroig\/fotos\/\">clicant aqu\u00ed <img loading=\"lazy\" decoding=\"async\" class=\" wp-image-600 alignnone\" src=\"https:\/\/agora.xtec.cat\/escolaantoniroig\/wp-content\/uploads\/usu563\/2015\/11\/Cartoon_Camera_clip_art_small.png\" alt=\"\" width=\"36\" height=\"24\" \/><\/a><\/p>\n","protected":false},"excerpt":{"rendered":"<p>Els passats 17 i 24 de gener, els alumnes de 6\u00e8 vam realitzar un taller de rap a l\u2019escola. El [&hellip;]<\/p>\n","protected":false},"author":1,"featured_media":5755,"comment_status":"open","ping_status":"closed","sticky":false,"template":"","format":"standard","meta":{"_bbp_topic_count":0,"_bbp_reply_count":0,"_bbp_total_topic_count":0,"_bbp_total_reply_count":0,"_bbp_voice_count":0,"_bbp_anonymous_reply_count":0,"_bbp_topic_count_hidden":0,"_bbp_reply_count_hidden":0,"_bbp_forum_subforum_count":0,"site-sidebar-layout":"default","site-content-layout":"","ast-site-content-layout":"","site-content-style":"default","site-sidebar-style":"default","ast-global-header-display":"","ast-banner-title-visibility":"","ast-main-header-display":"","ast-hfb-above-header-display":"","ast-hfb-below-header-display":"","ast-hfb-mobile-header-display":"","site-post-title":"","ast-breadcrumbs-content":"","ast-featured-img":"","footer-sml-layout":"","theme-transparent-header-meta":"","adv-header-id-meta":"","stick-header-meta":"","header-above-stick-meta":"","header-main-stick-meta":"","header-below-stick-meta":"","astra-migrate-meta-layouts":"default","ast-page-background-enabled":"default","ast-page-background-meta":{"desktop":{"background-color":"var(--ast-global-color-4)","background-image":"","background-repeat":"repeat","background-position":"center center","background-size":"auto","background-attachment":"scroll","background-type":"","background-media":"","overlay-type":"","overlay-color":"","overlay-opacity":"","overlay-gradient":""},"tablet":{"background-color":"","background-image":"","background-repeat":"repeat","background-position":"center center","background-size":"auto","background-attachment":"scroll","background-type":"","background-media":"","overlay-type":"","overlay-color":"","overlay-opacity":"","overlay-gradient":""},"mobile":{"background-color":"","background-image":"","background-repeat":"repeat","background-position":"center center","background-size":"auto","background-attachment":"scroll","background-type":"","background-media":"","overlay-type":"","overlay-color":"","overlay-opacity":"","overlay-gradient":""}},"ast-content-background-meta":{"desktop":{"background-color":"var(--ast-global-color-5)","background-image":"","background-repeat":"repeat","background-position":"center center","background-size":"auto","background-attachment":"scroll","background-type":"","background-media":"","overlay-type":"","overlay-color":"","overlay-opacity":"","overlay-gradient":""},"tablet":{"background-color":"var(--ast-global-color-5)","background-image":"","background-repeat":"repeat","background-position":"center center","background-size":"auto","background-attachment":"scroll","background-type":"","background-media":"","overlay-type":"","overlay-color":"","overlay-opacity":"","overlay-gradient":""},"mobile":{"background-color":"var(--ast-global-color-5)","background-image":"","background-repeat":"repeat","background-position":"center center","background-size":"auto","background-attachment":"scroll","background-type":"","background-media":"","overlay-type":"","overlay-color":"","overlay-opacity":"","overlay-gradient":""}},"footnotes":""},"categories":[32,168,1,4],"tags":[39,114],"class_list":["post-5746","post","type-post","status-publish","format-standard","has-post-thumbnail","hentry","category-cs","category-curs-2019-2020","category-general","category-portada","tag-cicle-superior","tag-tallers"],"post_mailing_queue_ids":[],"_links":{"self":[{"href":"https:\/\/agora.xtec.cat\/escolaantoniroig\/wp-json\/wp\/v2\/posts\/5746","targetHints":{"allow":["GET"]}}],"collection":[{"href":"https:\/\/agora.xtec.cat\/escolaantoniroig\/wp-json\/wp\/v2\/posts"}],"about":[{"href":"https:\/\/agora.xtec.cat\/escolaantoniroig\/wp-json\/wp\/v2\/types\/post"}],"author":[{"embeddable":true,"href":"https:\/\/agora.xtec.cat\/escolaantoniroig\/wp-json\/wp\/v2\/users\/1"}],"replies":[{"embeddable":true,"href":"https:\/\/agora.xtec.cat\/escolaantoniroig\/wp-json\/wp\/v2\/comments?post=5746"}],"version-history":[{"count":3,"href":"https:\/\/agora.xtec.cat\/escolaantoniroig\/wp-json\/wp\/v2\/posts\/5746\/revisions"}],"predecessor-version":[{"id":5758,"href":"https:\/\/agora.xtec.cat\/escolaantoniroig\/wp-json\/wp\/v2\/posts\/5746\/revisions\/5758"}],"wp:featuredmedia":[{"embeddable":true,"href":"https:\/\/agora.xtec.cat\/escolaantoniroig\/wp-json\/wp\/v2\/media\/5755"}],"wp:attachment":[{"href":"https:\/\/agora.xtec.cat\/escolaantoniroig\/wp-json\/wp\/v2\/media?parent=5746"}],"wp:term":[{"taxonomy":"category","embeddable":true,"href":"https:\/\/agora.xtec.cat\/escolaantoniroig\/wp-json\/wp\/v2\/categories?post=5746"},{"taxonomy":"post_tag","embeddable":true,"href":"https:\/\/agora.xtec.cat\/escolaantoniroig\/wp-json\/wp\/v2\/tags?post=5746"}],"curies":[{"name":"wp","href":"https:\/\/api.w.org\/{rel}","templated":true}]}}