{"id":5704,"date":"2020-01-24T12:35:26","date_gmt":"2020-01-24T11:35:26","guid":{"rendered":"http:\/\/agora.xtec.cat\/escolaantoniroig\/?p=5704"},"modified":"2020-02-04T13:30:31","modified_gmt":"2020-02-04T12:30:31","slug":"trobada-de-tennis-taula","status":"publish","type":"post","link":"https:\/\/agora.xtec.cat\/escolaantoniroig\/general\/trobada-de-tennis-taula\/","title":{"rendered":"TROBADA DE TENNIS TAULA"},"content":{"rendered":"<p style=\"text-align: justify;\">El passat dissabte 17 de gener alguns alumnes de sis\u00e8 van participar a la primer trobada de tennis taula de l&#8217;escola Antoni Roig.<\/p>\n<p style=\"text-align: justify;\">L&#8217;activitat es va dur a terme al gimn\u00e0s de l&#8217;escola i tots i totes van gaudir d&#8217;una magn\u00edfica jornada esportiva. Cada grup s&#8217;organitzava de manera que un dels participants feia de jutge. Aix\u00ed van aprendre a fer les actes i es van preparar per participar al XIV Torneig Sant Sebasti\u00e0 Tennis Taula que tindr\u00e0 lloc dissabte 25 de gener a Campclar.<\/p>\n<p><a href=\"https:\/\/agora.xtec.cat\/escolaantoniroig\/wp-content\/uploads\/usu563\/2020\/01\/trobada-tennis-taula.png\"><img loading=\"lazy\" decoding=\"async\" class=\"aligncenter size-full wp-image-5712\" src=\"https:\/\/agora.xtec.cat\/escolaantoniroig\/wp-content\/uploads\/usu563\/2020\/01\/trobada-tennis-taula.png\" alt=\"\" width=\"771\" height=\"595\" srcset=\"https:\/\/agora.xtec.cat\/escolaantoniroig\/wp-content\/uploads\/usu563\/2020\/01\/trobada-tennis-taula.png 771w, https:\/\/agora.xtec.cat\/escolaantoniroig\/wp-content\/uploads\/usu563\/2020\/01\/trobada-tennis-taula-300x232.png 300w, https:\/\/agora.xtec.cat\/escolaantoniroig\/wp-content\/uploads\/usu563\/2020\/01\/trobada-tennis-taula-768x593.png 768w\" sizes=\"auto, (max-width: 771px) 100vw, 771px\" \/><\/a><\/p>\n<p>Podeu veure m\u00e9s fotografies<a href=\"https:\/\/agora.xtec.cat\/escolaantoniroig\/fotos\/\"> clicant aqu\u00ed <img loading=\"lazy\" decoding=\"async\" class=\" wp-image-600 alignnone\" src=\"https:\/\/agora.xtec.cat\/escolaantoniroig\/wp-content\/uploads\/usu563\/2015\/11\/Cartoon_Camera_clip_art_small.png\" alt=\"\" width=\"37\" height=\"25\" \/><\/a><\/p>\n","protected":false},"excerpt":{"rendered":"<p>El passat dissabte 17 de gener alguns alumnes de sis\u00e8 van participar a la primer trobada de tennis taula de [&hellip;]<\/p>\n","protected":false},"author":1,"featured_media":5712,"comment_status":"open","ping_status":"closed","sticky":false,"template":"","format":"standard","meta":{"_bbp_topic_count":0,"_bbp_reply_count":0,"_bbp_total_topic_count":0,"_bbp_total_reply_count":0,"_bbp_voice_count":0,"_bbp_anonymous_reply_count":0,"_bbp_topic_count_hidden":0,"_bbp_reply_count_hidden":0,"_bbp_forum_subforum_count":0,"site-sidebar-layout":"default","site-content-layout":"","ast-site-content-layout":"","site-content-style":"default","site-sidebar-style":"default","ast-global-header-display":"","ast-banner-title-visibility":"","ast-main-header-display":"","ast-hfb-above-header-display":"","ast-hfb-below-header-display":"","ast-hfb-mobile-header-display":"","site-post-title":"","ast-breadcrumbs-content":"","ast-featured-img":"","footer-sml-layout":"","theme-transparent-header-meta":"","adv-header-id-meta":"","stick-header-meta":"","header-above-stick-meta":"","header-main-stick-meta":"","header-below-stick-meta":"","astra-migrate-meta-layouts":"default","ast-page-background-enabled":"default","ast-page-background-meta":{"desktop":{"background-color":"var(--ast-global-color-4)","background-image":"","background-repeat":"repeat","background-position":"center center","background-size":"auto","background-attachment":"scroll","background-type":"","background-media":"","overlay-type":"","overlay-color":"","overlay-opacity":"","overlay-gradient":""},"tablet":{"background-color":"","background-image":"","background-repeat":"repeat","background-position":"center center","background-size":"auto","background-attachment":"scroll","background-type":"","background-media":"","overlay-type":"","overlay-color":"","overlay-opacity":"","overlay-gradient":""},"mobile":{"background-color":"","background-image":"","background-repeat":"repeat","background-position":"center center","background-size":"auto","background-attachment":"scroll","background-type":"","background-media":"","overlay-type":"","overlay-color":"","overlay-opacity":"","overlay-gradient":""}},"ast-content-background-meta":{"desktop":{"background-color":"var(--ast-global-color-5)","background-image":"","background-repeat":"repeat","background-position":"center center","background-size":"auto","background-attachment":"scroll","background-type":"","background-media":"","overlay-type":"","overlay-color":"","overlay-opacity":"","overlay-gradient":""},"tablet":{"background-color":"var(--ast-global-color-5)","background-image":"","background-repeat":"repeat","background-position":"center center","background-size":"auto","background-attachment":"scroll","background-type":"","background-media":"","overlay-type":"","overlay-color":"","overlay-opacity":"","overlay-gradient":""},"mobile":{"background-color":"var(--ast-global-color-5)","background-image":"","background-repeat":"repeat","background-position":"center center","background-size":"auto","background-attachment":"scroll","background-type":"","background-media":"","overlay-type":"","overlay-color":"","overlay-opacity":"","overlay-gradient":""}},"footnotes":""},"categories":[32,168,77,1,4],"tags":[39,135,117,176],"class_list":["post-5704","post","type-post","status-publish","format-standard","has-post-thumbnail","hentry","category-cs","category-curs-2019-2020","category-educacio-fisica","category-general","category-portada","tag-cicle-superior","tag-educacio-fisica","tag-projecte-patis","tag-trobades"],"post_mailing_queue_ids":[],"_links":{"self":[{"href":"https:\/\/agora.xtec.cat\/escolaantoniroig\/wp-json\/wp\/v2\/posts\/5704","targetHints":{"allow":["GET"]}}],"collection":[{"href":"https:\/\/agora.xtec.cat\/escolaantoniroig\/wp-json\/wp\/v2\/posts"}],"about":[{"href":"https:\/\/agora.xtec.cat\/escolaantoniroig\/wp-json\/wp\/v2\/types\/post"}],"author":[{"embeddable":true,"href":"https:\/\/agora.xtec.cat\/escolaantoniroig\/wp-json\/wp\/v2\/users\/1"}],"replies":[{"embeddable":true,"href":"https:\/\/agora.xtec.cat\/escolaantoniroig\/wp-json\/wp\/v2\/comments?post=5704"}],"version-history":[{"count":3,"href":"https:\/\/agora.xtec.cat\/escolaantoniroig\/wp-json\/wp\/v2\/posts\/5704\/revisions"}],"predecessor-version":[{"id":5713,"href":"https:\/\/agora.xtec.cat\/escolaantoniroig\/wp-json\/wp\/v2\/posts\/5704\/revisions\/5713"}],"wp:featuredmedia":[{"embeddable":true,"href":"https:\/\/agora.xtec.cat\/escolaantoniroig\/wp-json\/wp\/v2\/media\/5712"}],"wp:attachment":[{"href":"https:\/\/agora.xtec.cat\/escolaantoniroig\/wp-json\/wp\/v2\/media?parent=5704"}],"wp:term":[{"taxonomy":"category","embeddable":true,"href":"https:\/\/agora.xtec.cat\/escolaantoniroig\/wp-json\/wp\/v2\/categories?post=5704"},{"taxonomy":"post_tag","embeddable":true,"href":"https:\/\/agora.xtec.cat\/escolaantoniroig\/wp-json\/wp\/v2\/tags?post=5704"}],"curies":[{"name":"wp","href":"https:\/\/api.w.org\/{rel}","templated":true}]}}