{"id":5499,"date":"2019-11-14T10:30:00","date_gmt":"2019-11-14T09:30:00","guid":{"rendered":"http:\/\/agora.xtec.cat\/escolaantoniroig\/?p=5499"},"modified":"2019-11-18T10:55:20","modified_gmt":"2019-11-18T09:55:20","slug":"educacio-artistica","status":"publish","type":"post","link":"https:\/\/agora.xtec.cat\/escolaantoniroig\/portada\/educacio-artistica\/","title":{"rendered":"EDUCACI\u00d3 ART\u00cdSTICA"},"content":{"rendered":"<p style=\"text-align: justify;\">Els i les alumnes de sis\u00e8, com els darrers anys, estan preparant unes can\u00e7ons per enregistrar-les al CdA Pau Casals\u00a0 i posteriorment fer-ne un lipdub, flashmob o videoclip&#8230; (no us ho direm encara).<\/p>\n<p style=\"text-align: justify;\">La veritat \u00e9s que cada any demanem drets d&#8217;autor per\u00f2 no sempre tenim resposta dels artistes. Per\u00f2&#8230; aquest any s\u00ed!! I estem\u00a0 molt contents!!!<\/p>\n<p style=\"text-align: justify;\">Aqu\u00ed us deixem el correu que vam escriure al grup i la seva resposta!!!<\/p>\n<p style=\"text-align: justify;\"><em>Benvolgudes Maced\u00f2nia:<\/em><\/p>\n<p style=\"text-align: justify;\"><em>Som els i les alumnes de Sis\u00e8 de l&#8217;escola Antoni Roig de Torredembarra. Ens agraden tant les vostres can\u00e7ons que volem cantar-les i tamb\u00e9 enregistrar-les aquest desembre al Cda Pau Casals del Vendrell. Per aquesta ra\u00f3 us volem demanar drets d&#8217;autor per utilitzar les vostres bases.<\/em><\/p>\n<p style=\"text-align: justify;\"><em>Sabem que teniu moltes m\u00e9s opcions que mirar aquest mail per\u00f2 tenim l&#8217;esperan\u00e7a de que ens contesteu i aix\u00ed intercanviar alguns correus.<\/em><br \/>\n<em>Moltes gr\u00e0cies!<\/em><\/p>\n<p style=\"text-align: justify;\"><em>Atentament,<\/em><\/p>\n<p style=\"text-align: justify;\"><em>Alumnes de Sis\u00e8 A, B i C.<\/em><\/p>\n<p style=\"text-align: justify;\"><span style=\"text-decoration: underline;\">RESPOSTA<\/span><\/p>\n<p style=\"text-align: justify;\"><em>Bon dia!<\/em><\/p>\n<p style=\"text-align: justify;\"><em>S\u00f3c en Dani Coma, el director musical del grup Maced\u00f2nia.\u00a0<\/em><\/p>\n<p style=\"text-align: justify;\"><em>Uo, que b\u00e9! Per nosaltres, que hi hagi gent que vulgui cantar les nostres can\u00e7ons, \u00e9s el millor que ens pot passar. Les fem per aix\u00f2.<\/em><\/p>\n<p style=\"text-align: justify;\"><em>Per tant, s\u00ed! I tant! Podeu comptar amb el nostres perm\u00eds per fer-les servir.\u00a0<\/em><\/p>\n<p style=\"text-align: justify;\"><em>Moltes gr\u00e0cies a vosaltres per cantar les nostres can\u00e7ons!<\/em><\/p>\n","protected":false},"excerpt":{"rendered":"<p>Els i les alumnes de sis\u00e8, com els darrers anys, estan preparant unes can\u00e7ons per enregistrar-les al CdA Pau Casals\u00a0 [&hellip;]<\/p>\n","protected":false},"author":1,"featured_media":0,"comment_status":"open","ping_status":"closed","sticky":false,"template":"","format":"standard","meta":{"_bbp_topic_count":0,"_bbp_reply_count":0,"_bbp_total_topic_count":0,"_bbp_total_reply_count":0,"_bbp_voice_count":0,"_bbp_anonymous_reply_count":0,"_bbp_topic_count_hidden":0,"_bbp_reply_count_hidden":0,"_bbp_forum_subforum_count":0,"site-sidebar-layout":"default","site-content-layout":"","ast-site-content-layout":"","site-content-style":"default","site-sidebar-style":"default","ast-global-header-display":"","ast-banner-title-visibility":"","ast-main-header-display":"","ast-hfb-above-header-display":"","ast-hfb-below-header-display":"","ast-hfb-mobile-header-display":"","site-post-title":"","ast-breadcrumbs-content":"","ast-featured-img":"","footer-sml-layout":"","theme-transparent-header-meta":"","adv-header-id-meta":"","stick-header-meta":"","header-above-stick-meta":"","header-main-stick-meta":"","header-below-stick-meta":"","astra-migrate-meta-layouts":"default","ast-page-background-enabled":"default","ast-page-background-meta":{"desktop":{"background-color":"var(--ast-global-color-4)","background-image":"","background-repeat":"repeat","background-position":"center center","background-size":"auto","background-attachment":"scroll","background-type":"","background-media":"","overlay-type":"","overlay-color":"","overlay-opacity":"","overlay-gradient":""},"tablet":{"background-color":"","background-image":"","background-repeat":"repeat","background-position":"center center","background-size":"auto","background-attachment":"scroll","background-type":"","background-media":"","overlay-type":"","overlay-color":"","overlay-opacity":"","overlay-gradient":""},"mobile":{"background-color":"","background-image":"","background-repeat":"repeat","background-position":"center center","background-size":"auto","background-attachment":"scroll","background-type":"","background-media":"","overlay-type":"","overlay-color":"","overlay-opacity":"","overlay-gradient":""}},"ast-content-background-meta":{"desktop":{"background-color":"var(--ast-global-color-5)","background-image":"","background-repeat":"repeat","background-position":"center center","background-size":"auto","background-attachment":"scroll","background-type":"","background-media":"","overlay-type":"","overlay-color":"","overlay-opacity":"","overlay-gradient":""},"tablet":{"background-color":"var(--ast-global-color-5)","background-image":"","background-repeat":"repeat","background-position":"center center","background-size":"auto","background-attachment":"scroll","background-type":"","background-media":"","overlay-type":"","overlay-color":"","overlay-opacity":"","overlay-gradient":""},"mobile":{"background-color":"var(--ast-global-color-5)","background-image":"","background-repeat":"repeat","background-position":"center center","background-size":"auto","background-attachment":"scroll","background-type":"","background-media":"","overlay-type":"","overlay-color":"","overlay-opacity":"","overlay-gradient":""}},"footnotes":""},"categories":[32,168,4],"tags":[39,146],"class_list":["post-5499","post","type-post","status-publish","format-standard","hentry","category-cs","category-curs-2019-2020","category-portada","tag-cicle-superior","tag-educacio-artistica"],"post_mailing_queue_ids":[],"_links":{"self":[{"href":"https:\/\/agora.xtec.cat\/escolaantoniroig\/wp-json\/wp\/v2\/posts\/5499","targetHints":{"allow":["GET"]}}],"collection":[{"href":"https:\/\/agora.xtec.cat\/escolaantoniroig\/wp-json\/wp\/v2\/posts"}],"about":[{"href":"https:\/\/agora.xtec.cat\/escolaantoniroig\/wp-json\/wp\/v2\/types\/post"}],"author":[{"embeddable":true,"href":"https:\/\/agora.xtec.cat\/escolaantoniroig\/wp-json\/wp\/v2\/users\/1"}],"replies":[{"embeddable":true,"href":"https:\/\/agora.xtec.cat\/escolaantoniroig\/wp-json\/wp\/v2\/comments?post=5499"}],"version-history":[{"count":2,"href":"https:\/\/agora.xtec.cat\/escolaantoniroig\/wp-json\/wp\/v2\/posts\/5499\/revisions"}],"predecessor-version":[{"id":5549,"href":"https:\/\/agora.xtec.cat\/escolaantoniroig\/wp-json\/wp\/v2\/posts\/5499\/revisions\/5549"}],"wp:attachment":[{"href":"https:\/\/agora.xtec.cat\/escolaantoniroig\/wp-json\/wp\/v2\/media?parent=5499"}],"wp:term":[{"taxonomy":"category","embeddable":true,"href":"https:\/\/agora.xtec.cat\/escolaantoniroig\/wp-json\/wp\/v2\/categories?post=5499"},{"taxonomy":"post_tag","embeddable":true,"href":"https:\/\/agora.xtec.cat\/escolaantoniroig\/wp-json\/wp\/v2\/tags?post=5499"}],"curies":[{"name":"wp","href":"https:\/\/api.w.org\/{rel}","templated":true}]}}