{"id":5484,"date":"2019-11-14T10:00:44","date_gmt":"2019-11-14T09:00:44","guid":{"rendered":"http:\/\/agora.xtec.cat\/escolaantoniroig\/?p=5484"},"modified":"2019-11-18T10:55:58","modified_gmt":"2019-11-18T09:55:58","slug":"taller-de-jocs-reciclats","status":"publish","type":"post","link":"https:\/\/agora.xtec.cat\/escolaantoniroig\/general\/taller-de-jocs-reciclats\/","title":{"rendered":"TALLER DE JOCS RECICLATS"},"content":{"rendered":"<p style=\"text-align: justify;\">Aquesta setmana estem treballant en un tema que ens preocupa a tots\/es: El nostre planeta.<\/p>\n<p style=\"text-align: justify;\">El mal \u00fas i l\u2019exc\u00e9s d\u2019embolcalls i residus ens est\u00e0 portant canvis molt significatius que fan perillar el m\u00f3n tal i com el coneixem.<\/p>\n<p style=\"text-align: justify;\">Buscant un punt de reflexi\u00f3 i sobretot cooperaci\u00f3, a cicle mitj\u00e0 hem treballat amb material reciclat ( taps, tetrabricks, papers sobrants&#8230;) i fent una gran feina d\u2019equip.\u00a0 Hem constru\u00eft jocs de taula, jocs pel pati i unes manualitats mon\u00edssimes per vendre a la marat\u00f3 de tv3!<\/p>\n<p style=\"text-align: justify;\">Est\u00e0 clar que aquesta setmana \u00e9s m\u00e9s que productiva, \u00e9s molt conscienciativa! Gr\u00e0cies per tots els materials que ens heu portat!!<\/p>\n<p style=\"text-align: justify;\">Mireu que b\u00e9 que ens han quedat les dames (ratolins vs gats).<\/p>\n<p><a href=\"https:\/\/agora.xtec.cat\/escolaantoniroig\/wp-content\/uploads\/usu563\/2019\/11\/IMG_2825.jpg\"><img loading=\"lazy\" decoding=\"async\" class=\"aligncenter wp-image-5486 size-full\" src=\"https:\/\/agora.xtec.cat\/escolaantoniroig\/wp-content\/uploads\/usu563\/2019\/11\/IMG_2825-e1573656327165.jpg\" alt=\"\" width=\"480\" height=\"465\" srcset=\"https:\/\/agora.xtec.cat\/escolaantoniroig\/wp-content\/uploads\/usu563\/2019\/11\/IMG_2825-e1573656327165.jpg 480w, https:\/\/agora.xtec.cat\/escolaantoniroig\/wp-content\/uploads\/usu563\/2019\/11\/IMG_2825-e1573656327165-300x291.jpg 300w\" sizes=\"auto, (max-width: 480px) 100vw, 480px\" \/><\/a><\/p>\n<p>Podeu veure m\u00e9s fotografies <a href=\"https:\/\/agora.xtec.cat\/escolaantoniroig\/fotos\/\">clicant aqu\u00ed <img loading=\"lazy\" decoding=\"async\" class=\" wp-image-600 alignnone\" src=\"https:\/\/agora.xtec.cat\/escolaantoniroig\/wp-content\/uploads\/usu563\/2015\/11\/Cartoon_Camera_clip_art_small.png\" alt=\"\" width=\"36\" height=\"24\" \/><\/a><\/p>\n<p>&nbsp;<\/p>\n","protected":false},"excerpt":{"rendered":"<p>Aquesta setmana estem treballant en un tema que ens preocupa a tots\/es: El nostre planeta. El mal \u00fas i l\u2019exc\u00e9s [&hellip;]<\/p>\n","protected":false},"author":1,"featured_media":5486,"comment_status":"open","ping_status":"closed","sticky":false,"template":"","format":"standard","meta":{"_bbp_topic_count":0,"_bbp_reply_count":0,"_bbp_total_topic_count":0,"_bbp_total_reply_count":0,"_bbp_voice_count":0,"_bbp_anonymous_reply_count":0,"_bbp_topic_count_hidden":0,"_bbp_reply_count_hidden":0,"_bbp_forum_subforum_count":0,"site-sidebar-layout":"default","site-content-layout":"","ast-site-content-layout":"","site-content-style":"default","site-sidebar-style":"default","ast-global-header-display":"","ast-banner-title-visibility":"","ast-main-header-display":"","ast-hfb-above-header-display":"","ast-hfb-below-header-display":"","ast-hfb-mobile-header-display":"","site-post-title":"","ast-breadcrumbs-content":"","ast-featured-img":"","footer-sml-layout":"","theme-transparent-header-meta":"","adv-header-id-meta":"","stick-header-meta":"","header-above-stick-meta":"","header-main-stick-meta":"","header-below-stick-meta":"","astra-migrate-meta-layouts":"default","ast-page-background-enabled":"default","ast-page-background-meta":{"desktop":{"background-color":"var(--ast-global-color-4)","background-image":"","background-repeat":"repeat","background-position":"center center","background-size":"auto","background-attachment":"scroll","background-type":"","background-media":"","overlay-type":"","overlay-color":"","overlay-opacity":"","overlay-gradient":""},"tablet":{"background-color":"","background-image":"","background-repeat":"repeat","background-position":"center center","background-size":"auto","background-attachment":"scroll","background-type":"","background-media":"","overlay-type":"","overlay-color":"","overlay-opacity":"","overlay-gradient":""},"mobile":{"background-color":"","background-image":"","background-repeat":"repeat","background-position":"center center","background-size":"auto","background-attachment":"scroll","background-type":"","background-media":"","overlay-type":"","overlay-color":"","overlay-opacity":"","overlay-gradient":""}},"ast-content-background-meta":{"desktop":{"background-color":"var(--ast-global-color-5)","background-image":"","background-repeat":"repeat","background-position":"center center","background-size":"auto","background-attachment":"scroll","background-type":"","background-media":"","overlay-type":"","overlay-color":"","overlay-opacity":"","overlay-gradient":""},"tablet":{"background-color":"var(--ast-global-color-5)","background-image":"","background-repeat":"repeat","background-position":"center center","background-size":"auto","background-attachment":"scroll","background-type":"","background-media":"","overlay-type":"","overlay-color":"","overlay-opacity":"","overlay-gradient":""},"mobile":{"background-color":"var(--ast-global-color-5)","background-image":"","background-repeat":"repeat","background-position":"center center","background-size":"auto","background-attachment":"scroll","background-type":"","background-media":"","overlay-type":"","overlay-color":"","overlay-opacity":"","overlay-gradient":""}},"footnotes":""},"categories":[31,168,1,4],"tags":[57,73,174,114],"class_list":["post-5484","post","type-post","status-publish","format-standard","has-post-thumbnail","hentry","category-cm","category-curs-2019-2020","category-general","category-portada","tag-cicle-mitja","tag-escoles-verdes","tag-setmana-cultural","tag-tallers"],"post_mailing_queue_ids":[],"_links":{"self":[{"href":"https:\/\/agora.xtec.cat\/escolaantoniroig\/wp-json\/wp\/v2\/posts\/5484","targetHints":{"allow":["GET"]}}],"collection":[{"href":"https:\/\/agora.xtec.cat\/escolaantoniroig\/wp-json\/wp\/v2\/posts"}],"about":[{"href":"https:\/\/agora.xtec.cat\/escolaantoniroig\/wp-json\/wp\/v2\/types\/post"}],"author":[{"embeddable":true,"href":"https:\/\/agora.xtec.cat\/escolaantoniroig\/wp-json\/wp\/v2\/users\/1"}],"replies":[{"embeddable":true,"href":"https:\/\/agora.xtec.cat\/escolaantoniroig\/wp-json\/wp\/v2\/comments?post=5484"}],"version-history":[{"count":3,"href":"https:\/\/agora.xtec.cat\/escolaantoniroig\/wp-json\/wp\/v2\/posts\/5484\/revisions"}],"predecessor-version":[{"id":5501,"href":"https:\/\/agora.xtec.cat\/escolaantoniroig\/wp-json\/wp\/v2\/posts\/5484\/revisions\/5501"}],"wp:featuredmedia":[{"embeddable":true,"href":"https:\/\/agora.xtec.cat\/escolaantoniroig\/wp-json\/wp\/v2\/media\/5486"}],"wp:attachment":[{"href":"https:\/\/agora.xtec.cat\/escolaantoniroig\/wp-json\/wp\/v2\/media?parent=5484"}],"wp:term":[{"taxonomy":"category","embeddable":true,"href":"https:\/\/agora.xtec.cat\/escolaantoniroig\/wp-json\/wp\/v2\/categories?post=5484"},{"taxonomy":"post_tag","embeddable":true,"href":"https:\/\/agora.xtec.cat\/escolaantoniroig\/wp-json\/wp\/v2\/tags?post=5484"}],"curies":[{"name":"wp","href":"https:\/\/api.w.org\/{rel}","templated":true}]}}