{"id":4821,"date":"2019-03-29T12:37:19","date_gmt":"2019-03-29T11:37:19","guid":{"rendered":"http:\/\/agora.xtec.cat\/escolaantoniroig\/?p=4821"},"modified":"2021-11-19T11:56:06","modified_gmt":"2021-11-19T10:56:06","slug":"instal%c2%b7lacions-artistiques-de-5e","status":"publish","type":"post","link":"https:\/\/agora.xtec.cat\/escolaantoniroig\/general\/instal%c2%b7lacions-artistiques-de-5e\/","title":{"rendered":"INSTAL\u00b7LACIONS ART\u00cdSTIQUES DE 5\u00e8"},"content":{"rendered":"<p style=\"text-align: justify;\">Les classes de 5\u00e8 han treballat les Instal\u00b7lacions a Ed. Art\u00edstica amb la Graciela. \u00c9s un element art\u00edstic ef\u00edmer on el p\u00fablic forma part de l&#8217;obra d&#8217;art.<\/p>\n<p style=\"text-align: justify;\">Han realitzat tres instal\u00b7lacions\u00a0 amb dos elements comuns: Joan Brossa i la dansa. La m\u00fasica, el moviment i la paraula, unides en una mateixa expressi\u00f3 art\u00edstica, on les lletres s\u00f3n l&#8217;element b\u00e0sic. Les variacions depenen dels diferents projectes treballats per cada classe.<\/p>\n<p style=\"text-align: justify;\">La instal\u00b7laci\u00f3 realitzada per l&#8217;alumnat de 5\u00e8 A es basa en la <strong>lletra A<\/strong>. Joan Brossa li dona molta import\u00e0ncia a aquesta lletra, que considera la porta d&#8217;entrada al m\u00f3n de les lletres i la literatura i que a m\u00e9s \u00e9s la m\u00e9s utilitzada en la nostra llengua. El projecte treballat per aquesta classe \u00e9s el <strong>DIBUIX<\/strong>, per aix\u00f2 les lletres s\u00f3n m\u00e9s surrealistes i tenen m\u00e9s colors. Tanmateix, la producci\u00f3 \u00e9s una met\u00e0fora de la Primavera; \u00e9s una obra que s&#8217;expandeix i creix, tal i com ho fa la natura en aquesta \u00e8poca de l&#8217;any. La lletra A \u00e9s l&#8217;inici de tot.<\/p>\n<p style=\"text-align: justify;\"><a href=\"https:\/\/agora.xtec.cat\/escolaantoniroig\/wp-content\/uploads\/usu563\/2019\/03\/5\u00e8-A-Dibuix-1.jpg\"><img loading=\"lazy\" decoding=\"async\" class=\"alignnone size-large wp-image-4822\" src=\"https:\/\/agora.xtec.cat\/escolaantoniroig\/wp-content\/uploads\/usu563\/2019\/03\/5\u00e8-A-Dibuix-1-576x1024.jpg\" alt=\"\" width=\"576\" height=\"1024\" srcset=\"https:\/\/agora.xtec.cat\/escolaantoniroig\/wp-content\/uploads\/usu563\/2019\/03\/5\u00e8-A-Dibuix-1-576x1024.jpg 576w, https:\/\/agora.xtec.cat\/escolaantoniroig\/wp-content\/uploads\/usu563\/2019\/03\/5\u00e8-A-Dibuix-1-169x300.jpg 169w, https:\/\/agora.xtec.cat\/escolaantoniroig\/wp-content\/uploads\/usu563\/2019\/03\/5\u00e8-A-Dibuix-1-768x1365.jpg 768w, https:\/\/agora.xtec.cat\/escolaantoniroig\/wp-content\/uploads\/usu563\/2019\/03\/5\u00e8-A-Dibuix-1.jpg 900w\" sizes=\"auto, (max-width: 576px) 100vw, 576px\" \/><\/a> <a href=\"https:\/\/agora.xtec.cat\/escolaantoniroig\/wp-content\/uploads\/usu563\/2019\/03\/5\u00e8-A-Dibuix-2.jpg\"><img loading=\"lazy\" decoding=\"async\" class=\"alignnone size-large wp-image-4823\" src=\"https:\/\/agora.xtec.cat\/escolaantoniroig\/wp-content\/uploads\/usu563\/2019\/03\/5\u00e8-A-Dibuix-2-1024x576.jpg\" alt=\"\" width=\"1024\" height=\"576\" srcset=\"https:\/\/agora.xtec.cat\/escolaantoniroig\/wp-content\/uploads\/usu563\/2019\/03\/5\u00e8-A-Dibuix-2-1024x576.jpg 1024w, https:\/\/agora.xtec.cat\/escolaantoniroig\/wp-content\/uploads\/usu563\/2019\/03\/5\u00e8-A-Dibuix-2-300x169.jpg 300w, https:\/\/agora.xtec.cat\/escolaantoniroig\/wp-content\/uploads\/usu563\/2019\/03\/5\u00e8-A-Dibuix-2-768x432.jpg 768w, https:\/\/agora.xtec.cat\/escolaantoniroig\/wp-content\/uploads\/usu563\/2019\/03\/5\u00e8-A-Dibuix-2.jpg 1600w\" sizes=\"auto, (max-width: 1024px) 100vw, 1024px\" \/><\/a> <a href=\"https:\/\/agora.xtec.cat\/escolaantoniroig\/wp-content\/uploads\/usu563\/2019\/03\/5\u00e8-A-Dibuix-3.jpg\"><img loading=\"lazy\" decoding=\"async\" class=\"alignnone size-large wp-image-4824\" src=\"https:\/\/agora.xtec.cat\/escolaantoniroig\/wp-content\/uploads\/usu563\/2019\/03\/5\u00e8-A-Dibuix-3-576x1024.jpg\" alt=\"\" width=\"576\" height=\"1024\" srcset=\"https:\/\/agora.xtec.cat\/escolaantoniroig\/wp-content\/uploads\/usu563\/2019\/03\/5\u00e8-A-Dibuix-3-576x1024.jpg 576w, https:\/\/agora.xtec.cat\/escolaantoniroig\/wp-content\/uploads\/usu563\/2019\/03\/5\u00e8-A-Dibuix-3-169x300.jpg 169w, https:\/\/agora.xtec.cat\/escolaantoniroig\/wp-content\/uploads\/usu563\/2019\/03\/5\u00e8-A-Dibuix-3-768x1365.jpg 768w, https:\/\/agora.xtec.cat\/escolaantoniroig\/wp-content\/uploads\/usu563\/2019\/03\/5\u00e8-A-Dibuix-3.jpg 900w\" sizes=\"auto, (max-width: 576px) 100vw, 576px\" \/><\/a><\/p>\n<p style=\"text-align: justify;\">La segona instal\u00b7laci\u00f3, creada per l&#8217;alumnat de 5\u00e8 B, representa el<strong> m\u00f3n en decad\u00e8ncia<\/strong>. Aquest grup ha treballat <strong>L&#8217;ESCALFAMENT GLOBAL<\/strong>. El color marr\u00f3 s&#8217;identifica amb la vellesa. El m\u00f3n s&#8217;est\u00e0 desfent per culpa de la contaminaci\u00f3 i la cadira representa la humanitat, que \u00e9s la culpable d&#8217;aquest inici de la fi, per\u00f2 que al mateix temps \u00e9s l&#8217;\u00fanica que pot donar la soluci\u00f3, a partir del pensament cr\u00edtic. Les lletres i el color vermell tamb\u00e9 estan relacionats amb Joan Brossa; \u00e9s aquest un color molt utilitzat en els poemes visuals del poeta.<\/p>\n<p style=\"text-align: justify;\"><a href=\"https:\/\/agora.xtec.cat\/escolaantoniroig\/wp-content\/uploads\/usu563\/2019\/03\/5\u00e8-B-Escalfament-global-1.jpg\"><img loading=\"lazy\" decoding=\"async\" class=\"alignnone size-large wp-image-4825\" src=\"https:\/\/agora.xtec.cat\/escolaantoniroig\/wp-content\/uploads\/usu563\/2019\/03\/5\u00e8-B-Escalfament-global-1-576x1024.jpg\" alt=\"\" width=\"576\" height=\"1024\" srcset=\"https:\/\/agora.xtec.cat\/escolaantoniroig\/wp-content\/uploads\/usu563\/2019\/03\/5\u00e8-B-Escalfament-global-1-576x1024.jpg 576w, https:\/\/agora.xtec.cat\/escolaantoniroig\/wp-content\/uploads\/usu563\/2019\/03\/5\u00e8-B-Escalfament-global-1-169x300.jpg 169w, https:\/\/agora.xtec.cat\/escolaantoniroig\/wp-content\/uploads\/usu563\/2019\/03\/5\u00e8-B-Escalfament-global-1-768x1365.jpg 768w, https:\/\/agora.xtec.cat\/escolaantoniroig\/wp-content\/uploads\/usu563\/2019\/03\/5\u00e8-B-Escalfament-global-1.jpg 900w\" sizes=\"auto, (max-width: 576px) 100vw, 576px\" \/><\/a> <a href=\"https:\/\/agora.xtec.cat\/escolaantoniroig\/wp-content\/uploads\/usu563\/2019\/03\/5\u00e8-B-Escalfament-global-2.jpg\"><img loading=\"lazy\" decoding=\"async\" class=\"alignnone size-large wp-image-4826\" src=\"https:\/\/agora.xtec.cat\/escolaantoniroig\/wp-content\/uploads\/usu563\/2019\/03\/5\u00e8-B-Escalfament-global-2-1024x576.jpg\" alt=\"\" width=\"1024\" height=\"576\" srcset=\"https:\/\/agora.xtec.cat\/escolaantoniroig\/wp-content\/uploads\/usu563\/2019\/03\/5\u00e8-B-Escalfament-global-2-1024x576.jpg 1024w, https:\/\/agora.xtec.cat\/escolaantoniroig\/wp-content\/uploads\/usu563\/2019\/03\/5\u00e8-B-Escalfament-global-2-300x169.jpg 300w, https:\/\/agora.xtec.cat\/escolaantoniroig\/wp-content\/uploads\/usu563\/2019\/03\/5\u00e8-B-Escalfament-global-2-768x432.jpg 768w, https:\/\/agora.xtec.cat\/escolaantoniroig\/wp-content\/uploads\/usu563\/2019\/03\/5\u00e8-B-Escalfament-global-2.jpg 1600w\" sizes=\"auto, (max-width: 1024px) 100vw, 1024px\" \/><\/a><\/p>\n<p style=\"text-align: justify;\">La tercera instal\u00b7laci\u00f3 representa la <strong>pluja \u00e0cida<\/strong>, un dels elements que formen part del projecte treballat:\u00a0<strong>LA CONTAMINACI\u00d3<\/strong>. L&#8217;alumnat de 5\u00e8 C ha jugat amb diferents colors; b\u00e0sicament el blau i altres que podem identificar amb aigua contaminada (platejat, verd&#8230;). Les lletres cauen del cel a mode de met\u00e0fora.<\/p>\n<p style=\"text-align: justify;\"><a href=\"https:\/\/agora.xtec.cat\/escolaantoniroig\/wp-content\/uploads\/usu563\/2019\/03\/5\u00e8-C-Contaminaci\u00f3-1.jpg\"><img loading=\"lazy\" decoding=\"async\" class=\"alignnone size-large wp-image-4829\" src=\"https:\/\/agora.xtec.cat\/escolaantoniroig\/wp-content\/uploads\/usu563\/2019\/03\/5\u00e8-C-Contaminaci\u00f3-1-1024x768.jpg\" alt=\"\" width=\"1024\" height=\"768\" srcset=\"https:\/\/agora.xtec.cat\/escolaantoniroig\/wp-content\/uploads\/usu563\/2019\/03\/5\u00e8-C-Contaminaci\u00f3-1-1024x768.jpg 1024w, https:\/\/agora.xtec.cat\/escolaantoniroig\/wp-content\/uploads\/usu563\/2019\/03\/5\u00e8-C-Contaminaci\u00f3-1-300x225.jpg 300w, https:\/\/agora.xtec.cat\/escolaantoniroig\/wp-content\/uploads\/usu563\/2019\/03\/5\u00e8-C-Contaminaci\u00f3-1-768x576.jpg 768w, https:\/\/agora.xtec.cat\/escolaantoniroig\/wp-content\/uploads\/usu563\/2019\/03\/5\u00e8-C-Contaminaci\u00f3-1-200x150.jpg 200w, https:\/\/agora.xtec.cat\/escolaantoniroig\/wp-content\/uploads\/usu563\/2019\/03\/5\u00e8-C-Contaminaci\u00f3-1.jpg 1600w\" sizes=\"auto, (max-width: 1024px) 100vw, 1024px\" \/><\/a> <a href=\"https:\/\/agora.xtec.cat\/escolaantoniroig\/wp-content\/uploads\/usu563\/2019\/03\/5\u00e8-C-Contaminaci\u00f3-2.jpg\"><img loading=\"lazy\" decoding=\"async\" class=\"alignnone size-large wp-image-4830\" src=\"https:\/\/agora.xtec.cat\/escolaantoniroig\/wp-content\/uploads\/usu563\/2019\/03\/5\u00e8-C-Contaminaci\u00f3-2-1024x768.jpg\" alt=\"\" width=\"1024\" height=\"768\" srcset=\"https:\/\/agora.xtec.cat\/escolaantoniroig\/wp-content\/uploads\/usu563\/2019\/03\/5\u00e8-C-Contaminaci\u00f3-2-1024x768.jpg 1024w, https:\/\/agora.xtec.cat\/escolaantoniroig\/wp-content\/uploads\/usu563\/2019\/03\/5\u00e8-C-Contaminaci\u00f3-2-300x225.jpg 300w, https:\/\/agora.xtec.cat\/escolaantoniroig\/wp-content\/uploads\/usu563\/2019\/03\/5\u00e8-C-Contaminaci\u00f3-2-768x576.jpg 768w, https:\/\/agora.xtec.cat\/escolaantoniroig\/wp-content\/uploads\/usu563\/2019\/03\/5\u00e8-C-Contaminaci\u00f3-2-200x150.jpg 200w, https:\/\/agora.xtec.cat\/escolaantoniroig\/wp-content\/uploads\/usu563\/2019\/03\/5\u00e8-C-Contaminaci\u00f3-2.jpg 1600w\" sizes=\"auto, (max-width: 1024px) 100vw, 1024px\" \/><\/a> <a href=\"https:\/\/agora.xtec.cat\/escolaantoniroig\/wp-content\/uploads\/usu563\/2019\/03\/5\u00e8-C-Contaminaci\u00f3-3.jpg\"><img loading=\"lazy\" decoding=\"async\" class=\"alignnone size-large wp-image-4831\" src=\"https:\/\/agora.xtec.cat\/escolaantoniroig\/wp-content\/uploads\/usu563\/2019\/03\/5\u00e8-C-Contaminaci\u00f3-3-768x1024.jpg\" alt=\"\" width=\"768\" height=\"1024\" srcset=\"https:\/\/agora.xtec.cat\/escolaantoniroig\/wp-content\/uploads\/usu563\/2019\/03\/5\u00e8-C-Contaminaci\u00f3-3-768x1024.jpg 768w, https:\/\/agora.xtec.cat\/escolaantoniroig\/wp-content\/uploads\/usu563\/2019\/03\/5\u00e8-C-Contaminaci\u00f3-3-225x300.jpg 225w, https:\/\/agora.xtec.cat\/escolaantoniroig\/wp-content\/uploads\/usu563\/2019\/03\/5\u00e8-C-Contaminaci\u00f3-3.jpg 1200w\" sizes=\"auto, (max-width: 768px) 100vw, 768px\" \/><\/a> <a href=\"https:\/\/agora.xtec.cat\/escolaantoniroig\/wp-content\/uploads\/usu563\/2019\/03\/5\u00e8-C-Contaminaci\u00f3-4.jpg\"><img loading=\"lazy\" decoding=\"async\" class=\"alignnone size-large wp-image-4832\" src=\"https:\/\/agora.xtec.cat\/escolaantoniroig\/wp-content\/uploads\/usu563\/2019\/03\/5\u00e8-C-Contaminaci\u00f3-4-1024x768.jpg\" alt=\"\" width=\"1024\" height=\"768\" srcset=\"https:\/\/agora.xtec.cat\/escolaantoniroig\/wp-content\/uploads\/usu563\/2019\/03\/5\u00e8-C-Contaminaci\u00f3-4-1024x768.jpg 1024w, https:\/\/agora.xtec.cat\/escolaantoniroig\/wp-content\/uploads\/usu563\/2019\/03\/5\u00e8-C-Contaminaci\u00f3-4-300x225.jpg 300w, https:\/\/agora.xtec.cat\/escolaantoniroig\/wp-content\/uploads\/usu563\/2019\/03\/5\u00e8-C-Contaminaci\u00f3-4-768x576.jpg 768w, https:\/\/agora.xtec.cat\/escolaantoniroig\/wp-content\/uploads\/usu563\/2019\/03\/5\u00e8-C-Contaminaci\u00f3-4-200x150.jpg 200w, https:\/\/agora.xtec.cat\/escolaantoniroig\/wp-content\/uploads\/usu563\/2019\/03\/5\u00e8-C-Contaminaci\u00f3-4.jpg 1600w\" sizes=\"auto, (max-width: 1024px) 100vw, 1024px\" \/><\/a><\/p>\n<p style=\"text-align: justify;\">Aquestes intal\u00b7lacions estan exposades a l&#8217;entrada principal de l&#8217;escola. Us convidem a que ens visiteu per observar-les. Esperem que us agradin!!<\/p>\n","protected":false},"excerpt":{"rendered":"<p>Les classes de 5\u00e8 han treballat les Instal\u00b7lacions a Ed. Art\u00edstica amb la Graciela. \u00c9s un element art\u00edstic ef\u00edmer on [&hellip;]<\/p>\n","protected":false},"author":3,"featured_media":4826,"comment_status":"open","ping_status":"closed","sticky":false,"template":"","format":"standard","meta":{"_bbp_topic_count":0,"_bbp_reply_count":0,"_bbp_total_topic_count":0,"_bbp_total_reply_count":0,"_bbp_voice_count":0,"_bbp_anonymous_reply_count":0,"_bbp_topic_count_hidden":0,"_bbp_reply_count_hidden":0,"_bbp_forum_subforum_count":0,"site-sidebar-layout":"default","site-content-layout":"","ast-site-content-layout":"","site-content-style":"default","site-sidebar-style":"default","ast-global-header-display":"","ast-banner-title-visibility":"","ast-main-header-display":"","ast-hfb-above-header-display":"","ast-hfb-below-header-display":"","ast-hfb-mobile-header-display":"","site-post-title":"","ast-breadcrumbs-content":"","ast-featured-img":"","footer-sml-layout":"","theme-transparent-header-meta":"","adv-header-id-meta":"","stick-header-meta":"","header-above-stick-meta":"","header-main-stick-meta":"","header-below-stick-meta":"","astra-migrate-meta-layouts":"default","ast-page-background-enabled":"default","ast-page-background-meta":{"desktop":{"background-color":"var(--ast-global-color-4)","background-image":"","background-repeat":"repeat","background-position":"center center","background-size":"auto","background-attachment":"scroll","background-type":"","background-media":"","overlay-type":"","overlay-color":"","overlay-opacity":"","overlay-gradient":""},"tablet":{"background-color":"","background-image":"","background-repeat":"repeat","background-position":"center center","background-size":"auto","background-attachment":"scroll","background-type":"","background-media":"","overlay-type":"","overlay-color":"","overlay-opacity":"","overlay-gradient":""},"mobile":{"background-color":"","background-image":"","background-repeat":"repeat","background-position":"center center","background-size":"auto","background-attachment":"scroll","background-type":"","background-media":"","overlay-type":"","overlay-color":"","overlay-opacity":"","overlay-gradient":""}},"ast-content-background-meta":{"desktop":{"background-color":"var(--ast-global-color-5)","background-image":"","background-repeat":"repeat","background-position":"center center","background-size":"auto","background-attachment":"scroll","background-type":"","background-media":"","overlay-type":"","overlay-color":"","overlay-opacity":"","overlay-gradient":""},"tablet":{"background-color":"var(--ast-global-color-5)","background-image":"","background-repeat":"repeat","background-position":"center center","background-size":"auto","background-attachment":"scroll","background-type":"","background-media":"","overlay-type":"","overlay-color":"","overlay-opacity":"","overlay-gradient":""},"mobile":{"background-color":"var(--ast-global-color-5)","background-image":"","background-repeat":"repeat","background-position":"center center","background-size":"auto","background-attachment":"scroll","background-type":"","background-media":"","overlay-type":"","overlay-color":"","overlay-opacity":"","overlay-gradient":""}},"footnotes":""},"categories":[32,170,1,36,4],"tags":[39,146,48],"class_list":["post-4821","post","type-post","status-publish","format-standard","has-post-thumbnail","hentry","category-cs","category-educacio-artistica","category-general","category-musica","category-portada","tag-cicle-superior","tag-educacio-artistica","tag-musica"],"post_mailing_queue_ids":[],"_links":{"self":[{"href":"https:\/\/agora.xtec.cat\/escolaantoniroig\/wp-json\/wp\/v2\/posts\/4821","targetHints":{"allow":["GET"]}}],"collection":[{"href":"https:\/\/agora.xtec.cat\/escolaantoniroig\/wp-json\/wp\/v2\/posts"}],"about":[{"href":"https:\/\/agora.xtec.cat\/escolaantoniroig\/wp-json\/wp\/v2\/types\/post"}],"author":[{"embeddable":true,"href":"https:\/\/agora.xtec.cat\/escolaantoniroig\/wp-json\/wp\/v2\/users\/3"}],"replies":[{"embeddable":true,"href":"https:\/\/agora.xtec.cat\/escolaantoniroig\/wp-json\/wp\/v2\/comments?post=4821"}],"version-history":[{"count":3,"href":"https:\/\/agora.xtec.cat\/escolaantoniroig\/wp-json\/wp\/v2\/posts\/4821\/revisions"}],"predecessor-version":[{"id":4836,"href":"https:\/\/agora.xtec.cat\/escolaantoniroig\/wp-json\/wp\/v2\/posts\/4821\/revisions\/4836"}],"wp:featuredmedia":[{"embeddable":true,"href":"https:\/\/agora.xtec.cat\/escolaantoniroig\/wp-json\/wp\/v2\/media\/4826"}],"wp:attachment":[{"href":"https:\/\/agora.xtec.cat\/escolaantoniroig\/wp-json\/wp\/v2\/media?parent=4821"}],"wp:term":[{"taxonomy":"category","embeddable":true,"href":"https:\/\/agora.xtec.cat\/escolaantoniroig\/wp-json\/wp\/v2\/categories?post=4821"},{"taxonomy":"post_tag","embeddable":true,"href":"https:\/\/agora.xtec.cat\/escolaantoniroig\/wp-json\/wp\/v2\/tags?post=4821"}],"curies":[{"name":"wp","href":"https:\/\/api.w.org\/{rel}","templated":true}]}}