{"id":4686,"date":"2019-03-05T10:23:21","date_gmt":"2019-03-05T09:23:21","guid":{"rendered":"http:\/\/agora.xtec.cat\/escolaantoniroig\/?p=4686"},"modified":"2021-11-19T11:59:29","modified_gmt":"2021-11-19T10:59:29","slug":"carnaval-2019-joan-brossa","status":"publish","type":"post","link":"https:\/\/agora.xtec.cat\/escolaantoniroig\/general\/carnaval-2019-joan-brossa\/","title":{"rendered":"CARNAVAL 2019 &#8211; JOAN BROSSA"},"content":{"rendered":"<p style=\"text-align: justify;\">Aquest any per Carnaval l&#8217;alumnat d&#8217;Educaci\u00f3 Infantil ha volgut dedicar aquest acte festiu al centenari del poeta Joan Brossa.<\/p>\n<p style=\"text-align: justify;\">Durant tota la setmana s&#8217;ha treballat la vida i obra d&#8217;aquest artista. Cada curs ha treballat un poema visual diferent. I a partir de les obres originals han fet la seva pr\u00f2pia interpretaci\u00f3.<\/p>\n<ul style=\"text-align: justify;\">\n<li>P3 A (\u00c0liga) i P3 B (Mulassa): amb el poema &#8221; De la A a la Z&#8221; han fet una versi\u00f3 deiferent amb la primera i la \u00faltima lletra del nom de cada infant.<\/li>\n<li>P4 B (Gegant Joan) i P4 A (Geganta rosalia): amb el poema visual\u00a0 &#8220;Lletres amb barrets&#8221; han fet una versi\u00f3 diferent amb les lletres del nom de cada infant.<\/li>\n<li>P5A (Diables) i P5 B (Virgilieta): amb el poema visual &#8220;Elegia al che&#8221; han fet dues versions diferents de l&#8217;abecedari (P5 A lletres amb diferents grafismes i P5B lletres amb notes musicals)<\/li>\n<\/ul>\n<p style=\"text-align: justify;\">Al darrere de cada disfressa podreu veure l&#8217;obra original en la que s&#8217;han inspirat.<\/p>\n<div class=\"ast-oembed-container \" style=\"height: 100%;\"><iframe loading=\"lazy\" title=\"Carnaval Joan Brossa (2019)\" width=\"500\" height=\"375\" src=\"https:\/\/www.youtube.com\/embed\/yii3I2EISHQ?feature=oembed\" frameborder=\"0\" allow=\"accelerometer; autoplay; clipboard-write; encrypted-media; gyroscope; picture-in-picture; web-share\" referrerpolicy=\"strict-origin-when-cross-origin\" allowfullscreen><\/iframe><\/div>\n","protected":false},"excerpt":{"rendered":"<p>Aquest any per Carnaval l&#8217;alumnat d&#8217;Educaci\u00f3 Infantil ha volgut dedicar aquest acte festiu al centenari del poeta Joan Brossa. Durant [&hellip;]<\/p>\n","protected":false},"author":1,"featured_media":0,"comment_status":"open","ping_status":"closed","sticky":false,"template":"","format":"standard","meta":{"_bbp_topic_count":0,"_bbp_reply_count":0,"_bbp_total_topic_count":0,"_bbp_total_reply_count":0,"_bbp_voice_count":0,"_bbp_anonymous_reply_count":0,"_bbp_topic_count_hidden":0,"_bbp_reply_count_hidden":0,"_bbp_forum_subforum_count":0,"site-sidebar-layout":"default","site-content-layout":"","ast-site-content-layout":"","site-content-style":"default","site-sidebar-style":"default","ast-global-header-display":"","ast-banner-title-visibility":"","ast-main-header-display":"","ast-hfb-above-header-display":"","ast-hfb-below-header-display":"","ast-hfb-mobile-header-display":"","site-post-title":"","ast-breadcrumbs-content":"","ast-featured-img":"","footer-sml-layout":"","theme-transparent-header-meta":"","adv-header-id-meta":"","stick-header-meta":"","header-above-stick-meta":"","header-main-stick-meta":"","header-below-stick-meta":"","astra-migrate-meta-layouts":"default","ast-page-background-enabled":"default","ast-page-background-meta":{"desktop":{"background-color":"var(--ast-global-color-4)","background-image":"","background-repeat":"repeat","background-position":"center center","background-size":"auto","background-attachment":"scroll","background-type":"","background-media":"","overlay-type":"","overlay-color":"","overlay-opacity":"","overlay-gradient":""},"tablet":{"background-color":"","background-image":"","background-repeat":"repeat","background-position":"center center","background-size":"auto","background-attachment":"scroll","background-type":"","background-media":"","overlay-type":"","overlay-color":"","overlay-opacity":"","overlay-gradient":""},"mobile":{"background-color":"","background-image":"","background-repeat":"repeat","background-position":"center center","background-size":"auto","background-attachment":"scroll","background-type":"","background-media":"","overlay-type":"","overlay-color":"","overlay-opacity":"","overlay-gradient":""}},"ast-content-background-meta":{"desktop":{"background-color":"var(--ast-global-color-5)","background-image":"","background-repeat":"repeat","background-position":"center center","background-size":"auto","background-attachment":"scroll","background-type":"","background-media":"","overlay-type":"","overlay-color":"","overlay-opacity":"","overlay-gradient":""},"tablet":{"background-color":"var(--ast-global-color-5)","background-image":"","background-repeat":"repeat","background-position":"center center","background-size":"auto","background-attachment":"scroll","background-type":"","background-media":"","overlay-type":"","overlay-color":"","overlay-opacity":"","overlay-gradient":""},"mobile":{"background-color":"var(--ast-global-color-5)","background-image":"","background-repeat":"repeat","background-position":"center center","background-size":"auto","background-attachment":"scroll","background-type":"","background-media":"","overlay-type":"","overlay-color":"","overlay-opacity":"","overlay-gradient":""}},"footnotes":""},"categories":[156,170,29,1,36,4],"tags":[58,43,46,48],"class_list":["post-4686","post","type-post","status-publish","format-standard","hentry","category-curs-20182019","category-educacio-artistica","category-edinf","category-general","category-musica","category-portada","tag-carnaval","tag-celebracions","tag-ed-infantil","tag-musica"],"post_mailing_queue_ids":[],"_links":{"self":[{"href":"https:\/\/agora.xtec.cat\/escolaantoniroig\/wp-json\/wp\/v2\/posts\/4686","targetHints":{"allow":["GET"]}}],"collection":[{"href":"https:\/\/agora.xtec.cat\/escolaantoniroig\/wp-json\/wp\/v2\/posts"}],"about":[{"href":"https:\/\/agora.xtec.cat\/escolaantoniroig\/wp-json\/wp\/v2\/types\/post"}],"author":[{"embeddable":true,"href":"https:\/\/agora.xtec.cat\/escolaantoniroig\/wp-json\/wp\/v2\/users\/1"}],"replies":[{"embeddable":true,"href":"https:\/\/agora.xtec.cat\/escolaantoniroig\/wp-json\/wp\/v2\/comments?post=4686"}],"version-history":[{"count":3,"href":"https:\/\/agora.xtec.cat\/escolaantoniroig\/wp-json\/wp\/v2\/posts\/4686\/revisions"}],"predecessor-version":[{"id":4699,"href":"https:\/\/agora.xtec.cat\/escolaantoniroig\/wp-json\/wp\/v2\/posts\/4686\/revisions\/4699"}],"wp:attachment":[{"href":"https:\/\/agora.xtec.cat\/escolaantoniroig\/wp-json\/wp\/v2\/media?parent=4686"}],"wp:term":[{"taxonomy":"category","embeddable":true,"href":"https:\/\/agora.xtec.cat\/escolaantoniroig\/wp-json\/wp\/v2\/categories?post=4686"},{"taxonomy":"post_tag","embeddable":true,"href":"https:\/\/agora.xtec.cat\/escolaantoniroig\/wp-json\/wp\/v2\/tags?post=4686"}],"curies":[{"name":"wp","href":"https:\/\/api.w.org\/{rel}","templated":true}]}}