{"id":453,"date":"2014-06-01T23:05:50","date_gmt":"2014-06-01T22:05:50","guid":{"rendered":"http:\/\/agora.xtec.cat\/escolaantoniroig\/?p=453"},"modified":"2021-11-19T12:30:05","modified_gmt":"2021-11-19T11:30:05","slug":"dona-la-nota","status":"publish","type":"post","link":"https:\/\/agora.xtec.cat\/escolaantoniroig\/general\/dona-la-nota\/","title":{"rendered":"D\u00f3na la nota"},"content":{"rendered":"<p><img loading=\"lazy\" decoding=\"async\" class=\" alignleft\" src=\"http:\/\/www.escolaantoniroig.com\/site\/EAR5tYup65\/userfiles\/images\/dona_la_nota_detail.jpg\" alt=\"\" width=\"133\" height=\"89\" \/><\/p>\n<p style=\"text-align: justify;\">Des del CDA Pau Casals s\u2019est\u00e0 duent a terme un projecte en qu\u00e8 han demanat la participaci\u00f3 de tots els \u00a0centres educatius de Catalunya. Creiem que la m\u00fasica \u00e9s un element important\u00edssim i b\u00e0sic per a l\u2019educaci\u00f3 dels nostres alumnes.<\/p>\n<p style=\"text-align: justify;\">La intenci\u00f3 \u00e9s explicar al m\u00f3n que estimem la m\u00fasica, que \u00e9s indispensable pel nostre dia a dia, que ens acompanya en molts moments importants de la nostra vida i que volem que continu\u00ef sent indispensable en l&#8217;educaci\u00f3 dels nostres infants.<\/p>\n<p style=\"text-align: justify;\">Per aquest motiu ens hem unit a la proposta i el proper dia <strong>6 de juny de 2014 a les 11 del mat\u00ed<\/strong> tots els nens i nenes de l&#8217;escola ens trobarem al pati per a cantar la can\u00e7\u00f3 <em>\u201cMirall de Pau\u201d<\/em> (composada per a l&#8217;ocasi\u00f3) de manera simult\u00e0nia amb la resta d&#8217;escoles i instituts de Catalunya.<a href=\"http:\/\/www.cdapaucasals.com\/donalanota\" target=\"_blank\" rel=\"noopener noreferrer\"><img decoding=\"async\" class=\" alignright\" src=\"http:\/\/www.escolaantoniroig.com\/site\/EAR5tYup65\/userfiles\/images\/turu%20musica.jpg\" alt=\"\" \/><\/a><\/p>\n<p style=\"text-align: justify;\">Si voleu m\u00e9s informaci\u00f3, escoltar la can\u00e7\u00f3 o descarregar-la gratu\u00eftament :<\/p>\n<p><a href=\"http:\/\/www.cdapaucasals.com\/donalanota\" target=\"_blank\" rel=\"noopener noreferrer\">www.cdapaucasals.com\/donalanota<\/a><\/p>\n<p>Twitter: @dona_la_nota<\/p>\n<p>Facebook:\u00a0 <a href=\"http:\/\/www.facebook.com\/donalanotaambmusica\" target=\"_blank\" rel=\"noopener noreferrer\">www.facebook.com\/donalanotaambmusica<\/a><\/p>\n<p><strong>Aqu\u00ed teniu el v\u00eddeo<\/strong>:<\/p>\n<p><iframe loading=\"lazy\" src=\"https:\/\/www.youtube.com\/embed\/PW0pdRKJJ5Q\" width=\"480\" height=\"270\" frameborder=\"0\" allowfullscreen=\"allowfullscreen\"><\/iframe><\/p>\n","protected":false},"excerpt":{"rendered":"<p>Des del CDA Pau Casals s\u2019est\u00e0 duent a terme un projecte en qu\u00e8 han demanat la participaci\u00f3 de tots els [&hellip;]<\/p>\n","protected":false},"author":1,"featured_media":0,"comment_status":"closed","ping_status":"closed","sticky":false,"template":"","format":"standard","meta":{"_bbp_topic_count":0,"_bbp_reply_count":0,"_bbp_total_topic_count":0,"_bbp_total_reply_count":0,"_bbp_voice_count":0,"_bbp_anonymous_reply_count":0,"_bbp_topic_count_hidden":0,"_bbp_reply_count_hidden":0,"_bbp_forum_subforum_count":0,"site-sidebar-layout":"default","site-content-layout":"","ast-site-content-layout":"","site-content-style":"default","site-sidebar-style":"default","ast-global-header-display":"","ast-banner-title-visibility":"","ast-main-header-display":"","ast-hfb-above-header-display":"","ast-hfb-below-header-display":"","ast-hfb-mobile-header-display":"","site-post-title":"","ast-breadcrumbs-content":"","ast-featured-img":"","footer-sml-layout":"","theme-transparent-header-meta":"","adv-header-id-meta":"","stick-header-meta":"","header-above-stick-meta":"","header-main-stick-meta":"","header-below-stick-meta":"","astra-migrate-meta-layouts":"default","ast-page-background-enabled":"default","ast-page-background-meta":{"desktop":{"background-color":"var(--ast-global-color-4)","background-image":"","background-repeat":"repeat","background-position":"center center","background-size":"auto","background-attachment":"scroll","background-type":"","background-media":"","overlay-type":"","overlay-color":"","overlay-opacity":"","overlay-gradient":""},"tablet":{"background-color":"","background-image":"","background-repeat":"repeat","background-position":"center center","background-size":"auto","background-attachment":"scroll","background-type":"","background-media":"","overlay-type":"","overlay-color":"","overlay-opacity":"","overlay-gradient":""},"mobile":{"background-color":"","background-image":"","background-repeat":"repeat","background-position":"center center","background-size":"auto","background-attachment":"scroll","background-type":"","background-media":"","overlay-type":"","overlay-color":"","overlay-opacity":"","overlay-gradient":""}},"ast-content-background-meta":{"desktop":{"background-color":"var(--ast-global-color-5)","background-image":"","background-repeat":"repeat","background-position":"center center","background-size":"auto","background-attachment":"scroll","background-type":"","background-media":"","overlay-type":"","overlay-color":"","overlay-opacity":"","overlay-gradient":""},"tablet":{"background-color":"var(--ast-global-color-5)","background-image":"","background-repeat":"repeat","background-position":"center center","background-size":"auto","background-attachment":"scroll","background-type":"","background-media":"","overlay-type":"","overlay-color":"","overlay-opacity":"","overlay-gradient":""},"mobile":{"background-color":"var(--ast-global-color-5)","background-image":"","background-repeat":"repeat","background-position":"center center","background-size":"auto","background-attachment":"scroll","background-type":"","background-media":"","overlay-type":"","overlay-color":"","overlay-opacity":"","overlay-gradient":""}},"footnotes":""},"categories":[30,31,32,76,170,29,1,36,4],"tags":[148,48],"class_list":["post-453","post","type-post","status-publish","format-standard","hentry","category-ci","category-cm","category-cs","category-curs2014-2015","category-educacio-artistica","category-edinf","category-general","category-musica","category-portada","tag-dona-la-nota","tag-musica"],"post_mailing_queue_ids":[],"_links":{"self":[{"href":"https:\/\/agora.xtec.cat\/escolaantoniroig\/wp-json\/wp\/v2\/posts\/453","targetHints":{"allow":["GET"]}}],"collection":[{"href":"https:\/\/agora.xtec.cat\/escolaantoniroig\/wp-json\/wp\/v2\/posts"}],"about":[{"href":"https:\/\/agora.xtec.cat\/escolaantoniroig\/wp-json\/wp\/v2\/types\/post"}],"author":[{"embeddable":true,"href":"https:\/\/agora.xtec.cat\/escolaantoniroig\/wp-json\/wp\/v2\/users\/1"}],"replies":[{"embeddable":true,"href":"https:\/\/agora.xtec.cat\/escolaantoniroig\/wp-json\/wp\/v2\/comments?post=453"}],"version-history":[{"count":3,"href":"https:\/\/agora.xtec.cat\/escolaantoniroig\/wp-json\/wp\/v2\/posts\/453\/revisions"}],"predecessor-version":[{"id":3529,"href":"https:\/\/agora.xtec.cat\/escolaantoniroig\/wp-json\/wp\/v2\/posts\/453\/revisions\/3529"}],"wp:attachment":[{"href":"https:\/\/agora.xtec.cat\/escolaantoniroig\/wp-json\/wp\/v2\/media?parent=453"}],"wp:term":[{"taxonomy":"category","embeddable":true,"href":"https:\/\/agora.xtec.cat\/escolaantoniroig\/wp-json\/wp\/v2\/categories?post=453"},{"taxonomy":"post_tag","embeddable":true,"href":"https:\/\/agora.xtec.cat\/escolaantoniroig\/wp-json\/wp\/v2\/tags?post=453"}],"curies":[{"name":"wp","href":"https:\/\/api.w.org\/{rel}","templated":true}]}}