{"id":4529,"date":"2019-01-20T15:20:38","date_gmt":"2019-01-20T14:20:38","guid":{"rendered":"http:\/\/agora.xtec.cat\/escolaantoniroig\/?p=4529"},"modified":"2019-01-28T09:02:23","modified_gmt":"2019-01-28T08:02:23","slug":"els-mes-petits-ballem-un-vals","status":"publish","type":"post","link":"https:\/\/agora.xtec.cat\/escolaantoniroig\/general\/els-mes-petits-ballem-un-vals\/","title":{"rendered":"ELS M\u00c9S PETITS BALLEM UN VALS"},"content":{"rendered":"<p style=\"text-align: justify;\">Aquest inici de trimestre els nens i nenes d\u2019infantil hem apr\u00e8s el nom d\u2019un compositor molt important: <strong>Johann Strauss<\/strong>.<\/p>\n<p style=\"text-align: justify;\">Hem vist com una orquestra interpretava el \u201c<em><u>Danubi blau<\/u><\/em>\u201d i hem ballat en parelles.<\/p>\n<p style=\"text-align: justify;\">Aprendre, divertir-se i gaudir de la m\u00fasica s\u00f3n tres elements que van de la m\u00e0.<\/p>\n<p style=\"text-align: justify;\">Us animeu a ballar amb nosaltres?<\/p>\n<div id=\"24E14\" style=\"width: 600px; height: 400px; display: none;\"><img decoding=\"async\" src=\"https:\/\/lh3.googleusercontent.com\/mYVCgnaa_q6RBYpT7uQp69yHVK8VeFGHTQgVE4maMOZD8wD9AXy-xvVGnbC_IWsPbawdFZ6uEFJ7-S-NV-68hFLrLthJ9S876E_r10SeEJ3PkORVen4ej_zjv1zv1qjxqMNGnYiaCURgaU-x2ucopeJhd4JT4anM40t5RaZvMnwo2at4fkJEwMku5VsE-Ct5T2E9SE4ORqNStHY22BYYpxST-EgmNTX8ik74d7BMMh9nJncFaNnF_rfUa67guzLwOc6gyHYcgMjb25ri01sUjl0zpeeQUQj0Lz3IqM1XzoVaP6ofRPGCrX-xe64ggVaWTpAgXvruFzEPxoCHzAQ0QGB3E61-Oqn5Pt7cAV_NqXfNk2EClNVZ1-P1Ec4hzJKBpSJwJWPo3rAbCxt_IpRjh43kmlGNzeInOElNffUlu-HbDJwlpR4cis2Ef5vX8irjcXbo0UQd4ZFHLqfkY5ProhsEBSHeT7pc9v1Mni-0TXgizEDlkCBgERFcOXMVd_HY3NKhj9mbcuTNbr00MaF3wU1AlA7s8PoC7aPK3vIjHjC6zFUOcCOqgC-tQPUzhpaVXMRVbrfVmXo3_QI5e2cCGULgnZsUUftPfh6K_U4hnzrGekkh61k_UZZAc2H2jeRj66c8Y_tofIkvjgfv_rnhZUg-fibICySE9LDJ53EFJ-mkfsFeAS_QQ43uMrfXezRyjMUNkNier1eLBdSrGsw=w800-h600-no\" data-link=\"https:\/\/photos.google.com\/share\/AF1QipPYr9t6g76-9OhNppT14Fq1pT4fE1426GEw_L41dQY3idH54_aLM20ZeOaooNWTww\/photo\/AF1QipM_-TTHn87oGd2iah8mmzptSjzFRZgjeLt0jAeG?key=NEt4aHVjMi1pWk1hbFJEaVUxcS1qZ2QzTHdUZ3Fn\" \/><br \/>\n<img decoding=\"async\" src=\"https:\/\/lh3.googleusercontent.com\/bhtEF4kbbpW3c-GKqRAuAM9jhQ6C2M-rzM53N-Qnxwyp_dKMtOl3iIcM4mJ4KgphGqb-IWyVXRUiQ_eygKt4k1EOGbxJo6ARVrobakVoKYGnbVCreZoBgUTIIY9vFuGSHffpkmfaSLZbapscjTLPn3ZYi5dx3Ou-04wdy8_AfKueeud7O8mN7uxYucniU9aGRJ8mRquZEFYuxrj8WqrotBYUzaPBIgMFLk1EpGx9jUIvA1Ju8hFvos7GY8ULkRIThsW9uvnjv5sYwxHGwnPr8bz3jGfA77ISW1oawZjRdjy8GTNwmj3UksD1paW2pDJXslNI3x1mqTvP4yLox44QDQHA-DhVKfwPkibompJdrPdjjtTAXN9hu4LXH06sMbE7WZInKe0qPvBb3uUjnyY2qsiiqh9zUn9tjbraLT9DoWssRdlBUog5mTYqVd04EljyiJvZv9WnmtBfcppzq02XP7hgngokO92HXCZCljfr0zssM7kPXNA53q4WiCF0QUNtIqxMYpwawafCb-vzUdULa__DtSx7lfEgIvls8zHPhlCQ9R2oe42JAC_STcQwbzpHhhoxXU4SCaV04eZ3eDTXDuXxnGYGFqoQBJyyp5qnq3njlWCC2-_gSd97LazNE8v6eOCszIr8NeUJePdaJX6W3J8VpLeZNLvt5aoUjbx1gE49drhiFmro9eP0MLhXFaoMNYKwoAx8ELWFy5DJ5UU=w800-h600-no\" data-link=\"https:\/\/photos.google.com\/share\/AF1QipPYr9t6g76-9OhNppT14Fq1pT4fE1426GEw_L41dQY3idH54_aLM20ZeOaooNWTww\/photo\/AF1QipMI6kcCOxTVLrYdeFDwSNsnheW9oeD3RkjNKaqV?key=NEt4aHVjMi1pWk1hbFJEaVUxcS1qZ2QzTHdUZ3Fn\" \/><br \/>\n<img decoding=\"async\" src=\"https:\/\/lh3.googleusercontent.com\/F6moyjyeA-RemiLrWVJkTP6-wcItuxa8E64S9PqyH5EUymL6AyruMtJzQ3bLxeV1TlJWjrww6C3eaaD0BuMnjNqVP4y2vs37o0xZo9M5VS46TwiCRxoDf_Ok7_OoyIx_qslSncu-0Mn2dNBHs13KuE9roKAnKeiWKZ4oowQGHSYpne8XixNJOdnvIUmN1_jMmmx2cPWVojH3jbiWPTeDyThZ300qnnrR6wVyjv2XQc2XXr5JdUlt3VhwtxmDrKFz7T3nd0ipd9Dw961TlYGtbo_xcPIdjoFeIE0P_8FakV3Wb1anaLVnlzr-36VLGQ4Jr2YLUUlRWG_S-pN2dZDxenx3d60JJ3t1ZDZHQndZJq712lkHZJnPSUPR7skSDYWAozddLKtpBDBLsxfY0R7PFlnxOq-IbNa4W2UYKMwHpXxN51kMJFGtsLQ9P0qIlZlgJ3NWrjW0FwlwJNXIEKN4EvwInz6eNx3AgxgveMGN99uNrz6h9x-eMHIOyzpyhrPdq_oTOQbI82zhPZ6NEMnVZFOC2IiyTBzhGPYv-HP7BoQESA1zvD0eKST9kpVZjhz17g_eUUodtm9ApkCIF5RYDjHch07-9P8e2guTTOnp5h6vGLyfRdv1ecZU8W-5mXoNbtIaj63qFmWGOGCKq0Wxveu9KmASMnNxt99D_QrCAEpNbtUdmRNN63JD1zyYeIiL_-u7i1_zm6zEv5f_Y-A=w800-h600-no\" data-link=\"https:\/\/photos.google.com\/share\/AF1QipPYr9t6g76-9OhNppT14Fq1pT4fE1426GEw_L41dQY3idH54_aLM20ZeOaooNWTww\/photo\/AF1QipOtD1exqDLXAkuHpf9l8_2A63r64axhD3w8beR0?key=NEt4aHVjMi1pWk1hbFJEaVUxcS1qZ2QzTHdUZ3Fn\" \/><br \/>\n<img decoding=\"async\" src=\"https:\/\/lh3.googleusercontent.com\/4-Oj4mUEeV8qb7QRJQwtVFlpONic0PvSyhDwobdJ9sFmOrSblxxtTZ0kNa-8Wu5rL750BA3qBimjQL7oXRQZsgcfNVU5rY9qz95oCiw8UpPY7Cb_7yziFpeLT3DjOWkmsPoOx1CoV46yKewhQ9UqWn6mzRMpyrQ9SueUCp6Yl6L7P90qy2EkZl9BwH7bZ5cor1Lag_gpozAaHfOLAtIu032spPVO1iz1SAAX_A61I0ezusjI2eQGvJerjDe5bPGlSMLCSYWsHRDkgLJCRzY7S90btdJbZShmsBzguxEBAZzcthrRnVkyitZZ2cUwlyCGx7MCcPZ6M7v_RuoPQm3i4mLl0QSM89L-gjSkFWzwU3w8B7FBM-hp-b6-wTGYiLNSyoUE9yHh6_bL3ef3HzkNhz8KxWsvGWxNtgcYhREoC8Dbuk9lYmWIR4J61WzEecf8Eeyu0kAW11sQn9KZdwaGMizljrZvfvh8kjFo2IODNEAkdjeSq3cMT11ClXchM97SPwwg4pIkNradz62arJRISo1GqkxeH2wHHyiWkcXPI1YbHflM_2hfX6_l1tG3bu65C638S-_PTE3LTRSuPPWoo6iKDRsAdlkLc2G-WllZk7dA7REsoY6pmcLOub1kEkUGjfjWBOD5zojJp8TPPhvm1OXXTFO8PHCv48rXsX7LDpqy31NPxkz97GJ6WWIRa5fZeJYkKcObRmaFS5XaTe4=w800-h600-no\" data-link=\"https:\/\/photos.google.com\/share\/AF1QipPYr9t6g76-9OhNppT14Fq1pT4fE1426GEw_L41dQY3idH54_aLM20ZeOaooNWTww\/photo\/AF1QipPc6OMjck3PUGH4o2zJYNsLE3YamN5qQ1NYxGYP?key=NEt4aHVjMi1pWk1hbFJEaVUxcS1qZ2QzTHdUZ3Fn\" \/><\/div>\n<p><script type=\"text\/javascript\" src=\"https:\/\/cdn.jsdelivr.net\/jquery\/1.12.3\/jquery.min.js\"><\/script><br \/>\n<script>\n (MyGalleries=(typeof MyGalleries === 'undefined' ? [] : MyGalleries)).push({gallId:'#24E14',autoplay:true,lightbox:true,debug:false,popupLinks:true});\n if(typeof GalleryLoaded === 'undefined'){\n  GalleryLoaded = jQuery(function(){\n   jQuery.ajax({url:'https:\/\/cdn.jsdelivr.net\/galleria\/1.4.2\/galleria.min.js',dataType:'script',cache:true}).done(function(){\n    Galleria.loadTheme('https:\/\/cdn.jsdelivr.net\/galleria\/1.4.2\/themes\/classic\/galleria.classic.js');\n    for(var n in MyGalleries){\n     Galleria.run(MyGalleries[n].gallId, MyGalleries[n]);\n     jQuery(MyGalleries[n].gallId).css('display','block');\n    }\n   });\n  });\n }\n<\/script><\/p>\n","protected":false},"excerpt":{"rendered":"<p>Aquest inici de trimestre els nens i nenes d\u2019infantil hem apr\u00e8s el nom d\u2019un compositor molt important: Johann Strauss. Hem [&hellip;]<\/p>\n","protected":false},"author":1,"featured_media":0,"comment_status":"open","ping_status":"closed","sticky":false,"template":"","format":"standard","meta":{"_bbp_topic_count":0,"_bbp_reply_count":0,"_bbp_total_topic_count":0,"_bbp_total_reply_count":0,"_bbp_voice_count":0,"_bbp_anonymous_reply_count":0,"_bbp_topic_count_hidden":0,"_bbp_reply_count_hidden":0,"_bbp_forum_subforum_count":0,"site-sidebar-layout":"default","site-content-layout":"","ast-site-content-layout":"","site-content-style":"default","site-sidebar-style":"default","ast-global-header-display":"","ast-banner-title-visibility":"","ast-main-header-display":"","ast-hfb-above-header-display":"","ast-hfb-below-header-display":"","ast-hfb-mobile-header-display":"","site-post-title":"","ast-breadcrumbs-content":"","ast-featured-img":"","footer-sml-layout":"","theme-transparent-header-meta":"","adv-header-id-meta":"","stick-header-meta":"","header-above-stick-meta":"","header-main-stick-meta":"","header-below-stick-meta":"","astra-migrate-meta-layouts":"default","ast-page-background-enabled":"default","ast-page-background-meta":{"desktop":{"background-color":"var(--ast-global-color-4)","background-image":"","background-repeat":"repeat","background-position":"center center","background-size":"auto","background-attachment":"scroll","background-type":"","background-media":"","overlay-type":"","overlay-color":"","overlay-opacity":"","overlay-gradient":""},"tablet":{"background-color":"","background-image":"","background-repeat":"repeat","background-position":"center center","background-size":"auto","background-attachment":"scroll","background-type":"","background-media":"","overlay-type":"","overlay-color":"","overlay-opacity":"","overlay-gradient":""},"mobile":{"background-color":"","background-image":"","background-repeat":"repeat","background-position":"center center","background-size":"auto","background-attachment":"scroll","background-type":"","background-media":"","overlay-type":"","overlay-color":"","overlay-opacity":"","overlay-gradient":""}},"ast-content-background-meta":{"desktop":{"background-color":"var(--ast-global-color-5)","background-image":"","background-repeat":"repeat","background-position":"center center","background-size":"auto","background-attachment":"scroll","background-type":"","background-media":"","overlay-type":"","overlay-color":"","overlay-opacity":"","overlay-gradient":""},"tablet":{"background-color":"var(--ast-global-color-5)","background-image":"","background-repeat":"repeat","background-position":"center center","background-size":"auto","background-attachment":"scroll","background-type":"","background-media":"","overlay-type":"","overlay-color":"","overlay-opacity":"","overlay-gradient":""},"mobile":{"background-color":"var(--ast-global-color-5)","background-image":"","background-repeat":"repeat","background-position":"center center","background-size":"auto","background-attachment":"scroll","background-type":"","background-media":"","overlay-type":"","overlay-color":"","overlay-opacity":"","overlay-gradient":""}},"footnotes":""},"categories":[156,29,1,36,4],"tags":[150,46,48],"class_list":["post-4529","post","type-post","status-publish","format-standard","hentry","category-curs-20182019","category-edinf","category-general","category-musica","category-portada","tag-dansa","tag-ed-infantil","tag-musica"],"post_mailing_queue_ids":[],"_links":{"self":[{"href":"https:\/\/agora.xtec.cat\/escolaantoniroig\/wp-json\/wp\/v2\/posts\/4529","targetHints":{"allow":["GET"]}}],"collection":[{"href":"https:\/\/agora.xtec.cat\/escolaantoniroig\/wp-json\/wp\/v2\/posts"}],"about":[{"href":"https:\/\/agora.xtec.cat\/escolaantoniroig\/wp-json\/wp\/v2\/types\/post"}],"author":[{"embeddable":true,"href":"https:\/\/agora.xtec.cat\/escolaantoniroig\/wp-json\/wp\/v2\/users\/1"}],"replies":[{"embeddable":true,"href":"https:\/\/agora.xtec.cat\/escolaantoniroig\/wp-json\/wp\/v2\/comments?post=4529"}],"version-history":[{"count":3,"href":"https:\/\/agora.xtec.cat\/escolaantoniroig\/wp-json\/wp\/v2\/posts\/4529\/revisions"}],"predecessor-version":[{"id":4540,"href":"https:\/\/agora.xtec.cat\/escolaantoniroig\/wp-json\/wp\/v2\/posts\/4529\/revisions\/4540"}],"wp:attachment":[{"href":"https:\/\/agora.xtec.cat\/escolaantoniroig\/wp-json\/wp\/v2\/media?parent=4529"}],"wp:term":[{"taxonomy":"category","embeddable":true,"href":"https:\/\/agora.xtec.cat\/escolaantoniroig\/wp-json\/wp\/v2\/categories?post=4529"},{"taxonomy":"post_tag","embeddable":true,"href":"https:\/\/agora.xtec.cat\/escolaantoniroig\/wp-json\/wp\/v2\/tags?post=4529"}],"curies":[{"name":"wp","href":"https:\/\/api.w.org\/{rel}","templated":true}]}}