{"id":3700,"date":"2018-04-23T10:55:10","date_gmt":"2018-04-23T08:55:10","guid":{"rendered":"http:\/\/agora.xtec.cat\/escolaantoniroig\/?p=3700"},"modified":"2018-04-23T10:55:10","modified_gmt":"2018-04-23T08:55:10","slug":"programa-sant-jordi-2018","status":"publish","type":"post","link":"https:\/\/agora.xtec.cat\/escolaantoniroig\/portada\/programa-sant-jordi-2018\/","title":{"rendered":"PROGRAMA SANT JORDI 2018"},"content":{"rendered":"<p style=\"text-align: justify;\"><strong>INFANTIL\u00a0\u00a0\u00a0\u00a0\u00a0\u00a0\u00a0\u00a0\u00a0\u00a0\u00a0\u00a0\u00a0\u00a0\u00a0\u00a0\u00a0\u00a0\u00a0\u00a0\u00a0\u00a0\u00a0\u00a0\u00a0\u00a0\u00a0\u00a0\u00a0\u00a0\u00a0\u00a0\u00a0\u00a0\u00a0\u00a0\u00a0\u00a0\u00a0\u00a0\u00a0\u00a0\u00a0\u00a0\u00a0\u00a0\u00a0\u00a0 <\/strong><\/p>\n<ul style=\"text-align: justify;\">\n<li><u>Durant la setmana<\/u>: P5 inventarem la nostra pr\u00f2pia llegenda, P4 farem un llibret amb els personatges de Sant Jordi i P3 crearem una manualitat. Tots els nens i nenes farem galetes de Sant Jordi.<\/li>\n<\/ul>\n<p style=\"text-align: justify;\">El <u>dijous<\/u> dia 19 els alumnes de P3, P4 i P5 participarem en el Taller internivell\u00a0 d\u2019infantil sobre la Primavera.<\/p>\n<p style=\"text-align: justify;\">El <u>dilluns<\/u> al mat\u00ed els alumnes de P5 assistirem a una representaci\u00f3 de la llegenda de Sant Jordi al bar del Casal.<\/p>\n<p style=\"text-align: justify;\">A la tarda els alumnes de cinqu\u00e8 ens vindran a explicar contes.<\/p>\n<p style=\"text-align: justify;\">El <u>dijous<\/u> dia 26 tindrem muntarem les parades de llibres al passad\u00eds. <strong>Les fam\u00edlies podeu entrar a veure-les a les 12.30h i a les 16.30h<\/strong>.<\/p>\n<p style=\"text-align: justify;\">\n<p style=\"text-align: justify;\"><strong>CICLE INICIAL<\/strong><\/p>\n<ul style=\"text-align: justify;\">\n<li>El <u>dilluns<\/u> els alumnes de primer i segon farem tallers internivells. Realitzarem un punt de llibre. Cada classe escriurem un conte, taller d\u2019escriptura col.lectiva i participarem en el Concurs literari de l\u2019escola amb els textos que hem escrit.<\/li>\n<\/ul>\n<p style=\"text-align: justify;\">Muntarem parades de llibres al passad\u00eds.<\/p>\n<p style=\"text-align: justify;\">A la tarda els alumnes de cinqu\u00e8 ens vindran a explicar contes.<\/p>\n<p><strong>\u00a0<\/strong><\/p>\n<p style=\"text-align: justify;\"><strong>CICLE MITJ\u00c0<\/strong><\/p>\n<ul style=\"text-align: justify;\">\n<li>El <u>dilluns<\/u> els alumnes de 3r i 4t farem tallers internivells. Realitzarem un punt de llibre i un cal.ligrama.<\/li>\n<\/ul>\n<p style=\"text-align: justify;\">Participarem en el Concurs literari de l\u2019escola amb els textos que hem escrit.<\/p>\n<p style=\"text-align: justify;\">\n<p style=\"text-align: justify;\"><strong>CICLE SUPERIOR<\/strong><\/p>\n<ul style=\"text-align: justify;\">\n<li>El <u>dilluns<\/u> els alumnes de 5\u00e8 i 6\u00e8 farem tallers internivells. Treballarem una dansa medieval i farem punts de llibre.<\/li>\n<\/ul>\n<p style=\"text-align: justify;\">A la tarda, els alumnes de 5\u00e8 explicarem contes als alumnes d\u2019infantil i de cicle inicial.<\/p>\n<p style=\"text-align: justify;\">Participarem en el Concurs literari de l\u2019escola amb els textos que hem escrit.<\/p>\n<p style=\"text-align: justify;\">Els alumnes de 6\u00e8 muntarem parades per vendre roses i llibres de segona m\u00e0 al pati de l\u2019escola a les 9h, a les 12.15h, a les 15h i a les 16.15h. <strong>Les fam\u00edlies podeu entrar per visitar les parades i comprar<\/strong>.<\/p>\n<p style=\"text-align: justify;\">El <u>dimecres 25<\/u> els alumnes de 5\u00e8 explicarem els nostres contes als alumnes d\u2019infantil i cicle inicial de l\u2019Escola Mol\u00ed de vent. I el <u>2 de maig<\/u> ho farem als avis i \u00e0vies de la Fundaci\u00f3 Pere Badia.<\/p>\n<p style=\"text-align: justify;\"><strong>BIBLIOTECA <\/strong>Exposici\u00f3 de llibres per a tots els cursos i espais tem\u00e0tics de lectura distribu\u00efts per tota l\u2019escola.<\/p>\n<p style=\"text-align: justify;\"><strong>EXPOSICI\u00d3 DE ROSES <\/strong><strong>amb materials reciclats.<\/strong> <strong>Es podr\u00e0 visitar\u00a0\u00a0\u00a0 dimarts 24 i dimecres 25 a les 12.30h i a les 16.30h.<\/strong><\/p>\n<p><a href=\"http:\/\/agora.xtec.cat\/escolaantoniroig\/wp-content\/uploads\/usu563\/2018\/04\/SANT-JORDI-TURU.jpg\"><img loading=\"lazy\" decoding=\"async\" class=\"aligncenter size-large wp-image-3701\" src=\"http:\/\/agora.xtec.cat\/escolaantoniroig\/wp-content\/uploads\/usu563\/2018\/04\/SANT-JORDI-TURU-1024x604.jpg\" alt=\"\" width=\"1024\" height=\"604\" srcset=\"https:\/\/agora.xtec.cat\/escolaantoniroig\/wp-content\/uploads\/usu563\/2018\/04\/SANT-JORDI-TURU-1024x604.jpg 1024w, https:\/\/agora.xtec.cat\/escolaantoniroig\/wp-content\/uploads\/usu563\/2018\/04\/SANT-JORDI-TURU-300x177.jpg 300w, https:\/\/agora.xtec.cat\/escolaantoniroig\/wp-content\/uploads\/usu563\/2018\/04\/SANT-JORDI-TURU-768x453.jpg 768w, https:\/\/agora.xtec.cat\/escolaantoniroig\/wp-content\/uploads\/usu563\/2018\/04\/SANT-JORDI-TURU.jpg 1030w\" sizes=\"auto, (max-width: 1024px) 100vw, 1024px\" \/><\/a><\/p>\n","protected":false},"excerpt":{"rendered":"<p>INFANTIL\u00a0\u00a0\u00a0\u00a0\u00a0\u00a0\u00a0\u00a0\u00a0\u00a0\u00a0\u00a0\u00a0\u00a0\u00a0\u00a0\u00a0\u00a0\u00a0\u00a0\u00a0\u00a0\u00a0\u00a0\u00a0\u00a0\u00a0\u00a0\u00a0\u00a0\u00a0\u00a0\u00a0\u00a0\u00a0\u00a0\u00a0\u00a0\u00a0\u00a0\u00a0\u00a0\u00a0\u00a0\u00a0\u00a0\u00a0\u00a0 Durant la setmana: P5 inventarem la nostra pr\u00f2pia llegenda, P4 farem un llibret amb els personatges de Sant Jordi [&hellip;]<\/p>\n","protected":false},"author":1,"featured_media":3701,"comment_status":"open","ping_status":"closed","sticky":false,"template":"","format":"standard","meta":{"_bbp_topic_count":0,"_bbp_reply_count":0,"_bbp_total_topic_count":0,"_bbp_total_reply_count":0,"_bbp_voice_count":0,"_bbp_anonymous_reply_count":0,"_bbp_topic_count_hidden":0,"_bbp_reply_count_hidden":0,"_bbp_forum_subforum_count":0,"site-sidebar-layout":"default","site-content-layout":"","ast-site-content-layout":"","site-content-style":"default","site-sidebar-style":"default","ast-global-header-display":"","ast-banner-title-visibility":"","ast-main-header-display":"","ast-hfb-above-header-display":"","ast-hfb-below-header-display":"","ast-hfb-mobile-header-display":"","site-post-title":"","ast-breadcrumbs-content":"","ast-featured-img":"","footer-sml-layout":"","theme-transparent-header-meta":"","adv-header-id-meta":"","stick-header-meta":"","header-above-stick-meta":"","header-main-stick-meta":"","header-below-stick-meta":"","astra-migrate-meta-layouts":"default","ast-page-background-enabled":"default","ast-page-background-meta":{"desktop":{"background-color":"var(--ast-global-color-4)","background-image":"","background-repeat":"repeat","background-position":"center center","background-size":"auto","background-attachment":"scroll","background-type":"","background-media":"","overlay-type":"","overlay-color":"","overlay-opacity":"","overlay-gradient":""},"tablet":{"background-color":"","background-image":"","background-repeat":"repeat","background-position":"center center","background-size":"auto","background-attachment":"scroll","background-type":"","background-media":"","overlay-type":"","overlay-color":"","overlay-opacity":"","overlay-gradient":""},"mobile":{"background-color":"","background-image":"","background-repeat":"repeat","background-position":"center center","background-size":"auto","background-attachment":"scroll","background-type":"","background-media":"","overlay-type":"","overlay-color":"","overlay-opacity":"","overlay-gradient":""}},"ast-content-background-meta":{"desktop":{"background-color":"var(--ast-global-color-5)","background-image":"","background-repeat":"repeat","background-position":"center center","background-size":"auto","background-attachment":"scroll","background-type":"","background-media":"","overlay-type":"","overlay-color":"","overlay-opacity":"","overlay-gradient":""},"tablet":{"background-color":"var(--ast-global-color-5)","background-image":"","background-repeat":"repeat","background-position":"center center","background-size":"auto","background-attachment":"scroll","background-type":"","background-media":"","overlay-type":"","overlay-color":"","overlay-opacity":"","overlay-gradient":""},"mobile":{"background-color":"var(--ast-global-color-5)","background-image":"","background-repeat":"repeat","background-position":"center center","background-size":"auto","background-attachment":"scroll","background-type":"","background-media":"","overlay-type":"","overlay-color":"","overlay-opacity":"","overlay-gradient":""}},"footnotes":""},"categories":[128,4],"tags":[43,55],"class_list":["post-3700","post","type-post","status-publish","format-standard","has-post-thumbnail","hentry","category-curs-20172018","category-portada","tag-celebracions","tag-sant-jordi"],"post_mailing_queue_ids":[],"_links":{"self":[{"href":"https:\/\/agora.xtec.cat\/escolaantoniroig\/wp-json\/wp\/v2\/posts\/3700","targetHints":{"allow":["GET"]}}],"collection":[{"href":"https:\/\/agora.xtec.cat\/escolaantoniroig\/wp-json\/wp\/v2\/posts"}],"about":[{"href":"https:\/\/agora.xtec.cat\/escolaantoniroig\/wp-json\/wp\/v2\/types\/post"}],"author":[{"embeddable":true,"href":"https:\/\/agora.xtec.cat\/escolaantoniroig\/wp-json\/wp\/v2\/users\/1"}],"replies":[{"embeddable":true,"href":"https:\/\/agora.xtec.cat\/escolaantoniroig\/wp-json\/wp\/v2\/comments?post=3700"}],"version-history":[{"count":1,"href":"https:\/\/agora.xtec.cat\/escolaantoniroig\/wp-json\/wp\/v2\/posts\/3700\/revisions"}],"predecessor-version":[{"id":3702,"href":"https:\/\/agora.xtec.cat\/escolaantoniroig\/wp-json\/wp\/v2\/posts\/3700\/revisions\/3702"}],"wp:featuredmedia":[{"embeddable":true,"href":"https:\/\/agora.xtec.cat\/escolaantoniroig\/wp-json\/wp\/v2\/media\/3701"}],"wp:attachment":[{"href":"https:\/\/agora.xtec.cat\/escolaantoniroig\/wp-json\/wp\/v2\/media?parent=3700"}],"wp:term":[{"taxonomy":"category","embeddable":true,"href":"https:\/\/agora.xtec.cat\/escolaantoniroig\/wp-json\/wp\/v2\/categories?post=3700"},{"taxonomy":"post_tag","embeddable":true,"href":"https:\/\/agora.xtec.cat\/escolaantoniroig\/wp-json\/wp\/v2\/tags?post=3700"}],"curies":[{"name":"wp","href":"https:\/\/api.w.org\/{rel}","templated":true}]}}