{"id":3222,"date":"2017-12-21T23:33:58","date_gmt":"2017-12-21T22:33:58","guid":{"rendered":"http:\/\/agora.xtec.cat\/escolaantoniroig\/?p=3222"},"modified":"2018-05-18T12:55:42","modified_gmt":"2018-05-18T10:55:42","slug":"ens-visita-el-tio-manu","status":"publish","type":"post","link":"https:\/\/agora.xtec.cat\/escolaantoniroig\/portada\/ens-visita-el-tio-manu\/","title":{"rendered":"ENS VISITA EL TI\u00d3 &#8220;MANU&#8221;"},"content":{"rendered":"<p style=\"text-align: justify;\">Dimarts 19 de desembre vam rebre la visita del Ti\u00f3 &#8220;Manu&#8221;. \u00c9s un ti\u00f3 molt i molt gran del nostre poble!<\/p>\n<p style=\"text-align: justify;\">Totes les classes d&#8217;infantil: la Mulassa, l&#8217;\u00c0liga, la Geganta Rosalia, el Gegant Joan, els Diables i la Virg\u00edlia li vam picar ben fort i&#8230;ens va cagar caramels!<\/p>\n<p style=\"text-align: justify;\">\u00a0<a href=\"http:\/\/agora.xtec.cat\/escolaantoniroig\/wp-content\/uploads\/usu563\/2017\/12\/IMG-20171219-WA0001.jpg\"><img loading=\"lazy\" decoding=\"async\" class=\"aligncenter size-large wp-image-3224\" src=\"http:\/\/agora.xtec.cat\/escolaantoniroig\/wp-content\/uploads\/usu563\/2017\/12\/IMG-20171219-WA0001-1024x768.jpg\" alt=\"\" width=\"1024\" height=\"768\" srcset=\"https:\/\/agora.xtec.cat\/escolaantoniroig\/wp-content\/uploads\/usu563\/2017\/12\/IMG-20171219-WA0001-1024x768.jpg 1024w, https:\/\/agora.xtec.cat\/escolaantoniroig\/wp-content\/uploads\/usu563\/2017\/12\/IMG-20171219-WA0001-300x225.jpg 300w, https:\/\/agora.xtec.cat\/escolaantoniroig\/wp-content\/uploads\/usu563\/2017\/12\/IMG-20171219-WA0001-768x576.jpg 768w, https:\/\/agora.xtec.cat\/escolaantoniroig\/wp-content\/uploads\/usu563\/2017\/12\/IMG-20171219-WA0001-200x150.jpg 200w, https:\/\/agora.xtec.cat\/escolaantoniroig\/wp-content\/uploads\/usu563\/2017\/12\/IMG-20171219-WA0001.jpg 1600w\" sizes=\"auto, (max-width: 1024px) 100vw, 1024px\" \/><\/a><\/p>\n<p style=\"text-align: justify;\">Voleu veure m\u00e9s fotografies? <a href=\"http:\/\/agora.xtec.cat\/escolaantoniroig\/fotos\/\">Cliqueu aqu\u00ed\u00a0<img loading=\"lazy\" decoding=\"async\" class=\" wp-image-600 alignnone\" src=\"http:\/\/agora.xtec.cat\/escolaantoniroig\/wp-content\/uploads\/usu563\/2015\/11\/Cartoon_Camera_clip_art_small.png\" alt=\"\" width=\"36\" height=\"24\" \/><\/a><\/p>\n","protected":false},"excerpt":{"rendered":"<p>Dimarts 19 de desembre vam rebre la visita del Ti\u00f3 &#8220;Manu&#8221;. \u00c9s un ti\u00f3 molt i molt gran del nostre [&hellip;]<\/p>\n","protected":false},"author":1,"featured_media":3224,"comment_status":"open","ping_status":"closed","sticky":false,"template":"","format":"standard","meta":{"_bbp_topic_count":0,"_bbp_reply_count":0,"_bbp_total_topic_count":0,"_bbp_total_reply_count":0,"_bbp_voice_count":0,"_bbp_anonymous_reply_count":0,"_bbp_topic_count_hidden":0,"_bbp_reply_count_hidden":0,"_bbp_forum_subforum_count":0,"site-sidebar-layout":"default","site-content-layout":"","ast-site-content-layout":"","site-content-style":"default","site-sidebar-style":"default","ast-global-header-display":"","ast-banner-title-visibility":"","ast-main-header-display":"","ast-hfb-above-header-display":"","ast-hfb-below-header-display":"","ast-hfb-mobile-header-display":"","site-post-title":"","ast-breadcrumbs-content":"","ast-featured-img":"","footer-sml-layout":"","theme-transparent-header-meta":"","adv-header-id-meta":"","stick-header-meta":"","header-above-stick-meta":"","header-main-stick-meta":"","header-below-stick-meta":"","astra-migrate-meta-layouts":"default","ast-page-background-enabled":"default","ast-page-background-meta":{"desktop":{"background-color":"var(--ast-global-color-4)","background-image":"","background-repeat":"repeat","background-position":"center center","background-size":"auto","background-attachment":"scroll","background-type":"","background-media":"","overlay-type":"","overlay-color":"","overlay-opacity":"","overlay-gradient":""},"tablet":{"background-color":"","background-image":"","background-repeat":"repeat","background-position":"center center","background-size":"auto","background-attachment":"scroll","background-type":"","background-media":"","overlay-type":"","overlay-color":"","overlay-opacity":"","overlay-gradient":""},"mobile":{"background-color":"","background-image":"","background-repeat":"repeat","background-position":"center center","background-size":"auto","background-attachment":"scroll","background-type":"","background-media":"","overlay-type":"","overlay-color":"","overlay-opacity":"","overlay-gradient":""}},"ast-content-background-meta":{"desktop":{"background-color":"var(--ast-global-color-5)","background-image":"","background-repeat":"repeat","background-position":"center center","background-size":"auto","background-attachment":"scroll","background-type":"","background-media":"","overlay-type":"","overlay-color":"","overlay-opacity":"","overlay-gradient":""},"tablet":{"background-color":"var(--ast-global-color-5)","background-image":"","background-repeat":"repeat","background-position":"center center","background-size":"auto","background-attachment":"scroll","background-type":"","background-media":"","overlay-type":"","overlay-color":"","overlay-opacity":"","overlay-gradient":""},"mobile":{"background-color":"var(--ast-global-color-5)","background-image":"","background-repeat":"repeat","background-position":"center center","background-size":"auto","background-attachment":"scroll","background-type":"","background-media":"","overlay-type":"","overlay-color":"","overlay-opacity":"","overlay-gradient":""}},"footnotes":""},"categories":[128,29,4],"tags":[46,63],"class_list":["post-3222","post","type-post","status-publish","format-standard","has-post-thumbnail","hentry","category-curs-20172018","category-edinf","category-portada","tag-ed-infantil","tag-nadal"],"post_mailing_queue_ids":[],"_links":{"self":[{"href":"https:\/\/agora.xtec.cat\/escolaantoniroig\/wp-json\/wp\/v2\/posts\/3222","targetHints":{"allow":["GET"]}}],"collection":[{"href":"https:\/\/agora.xtec.cat\/escolaantoniroig\/wp-json\/wp\/v2\/posts"}],"about":[{"href":"https:\/\/agora.xtec.cat\/escolaantoniroig\/wp-json\/wp\/v2\/types\/post"}],"author":[{"embeddable":true,"href":"https:\/\/agora.xtec.cat\/escolaantoniroig\/wp-json\/wp\/v2\/users\/1"}],"replies":[{"embeddable":true,"href":"https:\/\/agora.xtec.cat\/escolaantoniroig\/wp-json\/wp\/v2\/comments?post=3222"}],"version-history":[{"count":3,"href":"https:\/\/agora.xtec.cat\/escolaantoniroig\/wp-json\/wp\/v2\/posts\/3222\/revisions"}],"predecessor-version":[{"id":3880,"href":"https:\/\/agora.xtec.cat\/escolaantoniroig\/wp-json\/wp\/v2\/posts\/3222\/revisions\/3880"}],"wp:featuredmedia":[{"embeddable":true,"href":"https:\/\/agora.xtec.cat\/escolaantoniroig\/wp-json\/wp\/v2\/media\/3224"}],"wp:attachment":[{"href":"https:\/\/agora.xtec.cat\/escolaantoniroig\/wp-json\/wp\/v2\/media?parent=3222"}],"wp:term":[{"taxonomy":"category","embeddable":true,"href":"https:\/\/agora.xtec.cat\/escolaantoniroig\/wp-json\/wp\/v2\/categories?post=3222"},{"taxonomy":"post_tag","embeddable":true,"href":"https:\/\/agora.xtec.cat\/escolaantoniroig\/wp-json\/wp\/v2\/tags?post=3222"}],"curies":[{"name":"wp","href":"https:\/\/api.w.org\/{rel}","templated":true}]}}