{"id":3128,"date":"2017-11-29T11:48:47","date_gmt":"2017-11-29T10:48:47","guid":{"rendered":"http:\/\/agora.xtec.cat\/escolaantoniroig\/?p=3128"},"modified":"2021-11-19T12:19:16","modified_gmt":"2021-11-19T11:19:16","slug":"gravem-la-canco-del-125e-aniversari","status":"publish","type":"post","link":"https:\/\/agora.xtec.cat\/escolaantoniroig\/general\/gravem-la-canco-del-125e-aniversari\/","title":{"rendered":"GRAVEM LA CAN\u00c7\u00d3 DEL 125\u00e8 ANIVERSARI"},"content":{"rendered":"<p style=\"text-align: justify;\">Aquest dimarts, 28 de novembre, els alumnes de 6\u00e8 hem anat d&#8217;excursi\u00f3 al Camp d&#8217;Aprenentatge Pau Casals, a Coma-ruga, on hem fet tres tallers:<\/p>\n<ul>\n<li style=\"text-align: justify;\">Gravaci\u00f3 de la can\u00e7\u00f3 de l&#8217;Antoni Roig que hem creat entre els alumnes i els mestre de m\u00fasica amb motiu de la celebraci\u00f3 del 125\u00e8 aniversari de l&#8217;escola.<\/li>\n<li style=\"text-align: justify;\">Creaci\u00f3 de la car\u00e0tula del CD amb el programa Photoshop.<\/li>\n<li style=\"text-align: justify;\">Qu\u00e8 \u00e9s el so, com es propaga i quines s\u00f3n les seves qualitats.<\/li>\n<\/ul>\n<p style=\"text-align: justify;\">Ens ho hem passat molt b\u00e9 i hem gravat la can\u00e7\u00f3 com cantants professionals.<\/p>\n<p style=\"text-align: justify;\">En breu veureu (o millor dit, escoltareu) el resultat.<\/p>\n<p style=\"text-align: justify;\"><a href=\"http:\/\/agora.xtec.cat\/escolaantoniroig\/wp-content\/uploads\/usu563\/2017\/11\/IMG-20171128-WA0051.jpg\"><img loading=\"lazy\" decoding=\"async\" class=\"aligncenter size-large wp-image-3130\" src=\"http:\/\/agora.xtec.cat\/escolaantoniroig\/wp-content\/uploads\/usu563\/2017\/11\/IMG-20171128-WA0051-1024x768.jpg\" alt=\"\" width=\"1024\" height=\"768\" srcset=\"https:\/\/agora.xtec.cat\/escolaantoniroig\/wp-content\/uploads\/usu563\/2017\/11\/IMG-20171128-WA0051-1024x768.jpg 1024w, https:\/\/agora.xtec.cat\/escolaantoniroig\/wp-content\/uploads\/usu563\/2017\/11\/IMG-20171128-WA0051-300x225.jpg 300w, https:\/\/agora.xtec.cat\/escolaantoniroig\/wp-content\/uploads\/usu563\/2017\/11\/IMG-20171128-WA0051-768x576.jpg 768w, https:\/\/agora.xtec.cat\/escolaantoniroig\/wp-content\/uploads\/usu563\/2017\/11\/IMG-20171128-WA0051-200x150.jpg 200w, https:\/\/agora.xtec.cat\/escolaantoniroig\/wp-content\/uploads\/usu563\/2017\/11\/IMG-20171128-WA0051.jpg 1600w\" sizes=\"auto, (max-width: 1024px) 100vw, 1024px\" \/><\/a><\/p>\n<p style=\"text-align: justify;\">Vloeu veure m\u00e9s fotografies?<a href=\"http:\/\/agora.xtec.cat\/escolaantoniroig\/fotos\/\"> <strong>Cliqueu aqu\u00ed <img loading=\"lazy\" decoding=\"async\" class=\" wp-image-600 alignnone\" src=\"http:\/\/agora.xtec.cat\/escolaantoniroig\/wp-content\/uploads\/usu563\/2015\/11\/Cartoon_Camera_clip_art_small.png\" alt=\"\" width=\"42\" height=\"28\" \/><\/strong><\/a><\/p>\n","protected":false},"excerpt":{"rendered":"<p>Aquest dimarts, 28 de novembre, els alumnes de 6\u00e8 hem anat d&#8217;excursi\u00f3 al Camp d&#8217;Aprenentatge Pau Casals, a Coma-ruga, on [&hellip;]<\/p>\n","protected":false},"author":1,"featured_media":3130,"comment_status":"open","ping_status":"closed","sticky":false,"template":"","format":"standard","meta":{"_bbp_topic_count":0,"_bbp_reply_count":0,"_bbp_total_topic_count":0,"_bbp_total_reply_count":0,"_bbp_voice_count":0,"_bbp_anonymous_reply_count":0,"_bbp_topic_count_hidden":0,"_bbp_reply_count_hidden":0,"_bbp_forum_subforum_count":0,"site-sidebar-layout":"default","site-content-layout":"","ast-site-content-layout":"","site-content-style":"default","site-sidebar-style":"default","ast-global-header-display":"","ast-banner-title-visibility":"","ast-main-header-display":"","ast-hfb-above-header-display":"","ast-hfb-below-header-display":"","ast-hfb-mobile-header-display":"","site-post-title":"","ast-breadcrumbs-content":"","ast-featured-img":"","footer-sml-layout":"","theme-transparent-header-meta":"","adv-header-id-meta":"","stick-header-meta":"","header-above-stick-meta":"","header-main-stick-meta":"","header-below-stick-meta":"","astra-migrate-meta-layouts":"default","ast-page-background-enabled":"default","ast-page-background-meta":{"desktop":{"background-color":"var(--ast-global-color-4)","background-image":"","background-repeat":"repeat","background-position":"center center","background-size":"auto","background-attachment":"scroll","background-type":"","background-media":"","overlay-type":"","overlay-color":"","overlay-opacity":"","overlay-gradient":""},"tablet":{"background-color":"","background-image":"","background-repeat":"repeat","background-position":"center center","background-size":"auto","background-attachment":"scroll","background-type":"","background-media":"","overlay-type":"","overlay-color":"","overlay-opacity":"","overlay-gradient":""},"mobile":{"background-color":"","background-image":"","background-repeat":"repeat","background-position":"center center","background-size":"auto","background-attachment":"scroll","background-type":"","background-media":"","overlay-type":"","overlay-color":"","overlay-opacity":"","overlay-gradient":""}},"ast-content-background-meta":{"desktop":{"background-color":"var(--ast-global-color-5)","background-image":"","background-repeat":"repeat","background-position":"center center","background-size":"auto","background-attachment":"scroll","background-type":"","background-media":"","overlay-type":"","overlay-color":"","overlay-opacity":"","overlay-gradient":""},"tablet":{"background-color":"var(--ast-global-color-5)","background-image":"","background-repeat":"repeat","background-position":"center center","background-size":"auto","background-attachment":"scroll","background-type":"","background-media":"","overlay-type":"","overlay-color":"","overlay-opacity":"","overlay-gradient":""},"mobile":{"background-color":"var(--ast-global-color-5)","background-image":"","background-repeat":"repeat","background-position":"center center","background-size":"auto","background-attachment":"scroll","background-type":"","background-media":"","overlay-type":"","overlay-color":"","overlay-opacity":"","overlay-gradient":""}},"footnotes":""},"categories":[32,128,170,1,36,4],"tags":[39,48,16],"class_list":["post-3128","post","type-post","status-publish","format-standard","has-post-thumbnail","hentry","category-cs","category-curs-20172018","category-educacio-artistica","category-general","category-musica","category-portada","tag-cicle-superior","tag-musica","tag-sortides"],"post_mailing_queue_ids":[],"_links":{"self":[{"href":"https:\/\/agora.xtec.cat\/escolaantoniroig\/wp-json\/wp\/v2\/posts\/3128","targetHints":{"allow":["GET"]}}],"collection":[{"href":"https:\/\/agora.xtec.cat\/escolaantoniroig\/wp-json\/wp\/v2\/posts"}],"about":[{"href":"https:\/\/agora.xtec.cat\/escolaantoniroig\/wp-json\/wp\/v2\/types\/post"}],"author":[{"embeddable":true,"href":"https:\/\/agora.xtec.cat\/escolaantoniroig\/wp-json\/wp\/v2\/users\/1"}],"replies":[{"embeddable":true,"href":"https:\/\/agora.xtec.cat\/escolaantoniroig\/wp-json\/wp\/v2\/comments?post=3128"}],"version-history":[{"count":3,"href":"https:\/\/agora.xtec.cat\/escolaantoniroig\/wp-json\/wp\/v2\/posts\/3128\/revisions"}],"predecessor-version":[{"id":3884,"href":"https:\/\/agora.xtec.cat\/escolaantoniroig\/wp-json\/wp\/v2\/posts\/3128\/revisions\/3884"}],"wp:featuredmedia":[{"embeddable":true,"href":"https:\/\/agora.xtec.cat\/escolaantoniroig\/wp-json\/wp\/v2\/media\/3130"}],"wp:attachment":[{"href":"https:\/\/agora.xtec.cat\/escolaantoniroig\/wp-json\/wp\/v2\/media?parent=3128"}],"wp:term":[{"taxonomy":"category","embeddable":true,"href":"https:\/\/agora.xtec.cat\/escolaantoniroig\/wp-json\/wp\/v2\/categories?post=3128"},{"taxonomy":"post_tag","embeddable":true,"href":"https:\/\/agora.xtec.cat\/escolaantoniroig\/wp-json\/wp\/v2\/tags?post=3128"}],"curies":[{"name":"wp","href":"https:\/\/api.w.org\/{rel}","templated":true}]}}