{"id":3091,"date":"2017-11-28T00:23:47","date_gmt":"2017-11-27T23:23:47","guid":{"rendered":"http:\/\/agora.xtec.cat\/escolaantoniroig\/?p=3091"},"modified":"2018-05-18T13:02:40","modified_gmt":"2018-05-18T11:02:40","slug":"cloenda-125e-aniversari","status":"publish","type":"post","link":"https:\/\/agora.xtec.cat\/escolaantoniroig\/general\/cloenda-125e-aniversari\/","title":{"rendered":"CLOENDA 125\u00e8 ANIVERSARI"},"content":{"rendered":"<p style=\"text-align: justify;\">Divendres 24 de novembre vam finalitzar la setmana cultural de l&#8217;escola, dedicada aquest any a la celebraci\u00f3 del 125\u00e8 aniversari del nostre centre.\u00a0I ho vam fer amb un toc festiu, ben merescut despr\u00e9s d&#8217;una intensa setmana de treball col\u00b7laboratiu.<\/p>\n<p style=\"text-align: justify;\">Al mat\u00ed tots els nens i nenes de l&#8217;escola van ballar al ritme de la m\u00fasica dels &#8220;<em>Rodamons<\/em>&#8221; (a qui agra\u00efm la seva col\u00b7laboraci\u00f3 en un dia tan especial). Es van organitzar tres concerts adaptats a cada grup d&#8217;alumnes i tots (mestres inclosos) vam passar una bona estona de m\u00fasica, balls i rialles.<\/p>\n<div class=\"ast-oembed-container \" style=\"height: 100%;\"><iframe loading=\"lazy\" title=\"Festa amb grup d\u00a1animaci\u00f3 &quot;Rodamons&quot;\" width=\"500\" height=\"281\" src=\"https:\/\/www.youtube.com\/embed\/hsFqm3GyK4s?feature=oembed\" frameborder=\"0\" allow=\"accelerometer; autoplay; clipboard-write; encrypted-media; gyroscope; picture-in-picture; web-share\" referrerpolicy=\"strict-origin-when-cross-origin\" allowfullscreen><\/iframe><\/div>\n<p style=\"text-align: justify;\">I vam recuperar forces esmorzant una deliciosa coca amb xocolata.<\/p>\n<p style=\"text-align: justify;\">A la tarda va tenir lloc l&#8217;acte institucional de cloenda. Hi van assistir les families, antics alumnes,\u00a0 antics mestres i representants de l&#8217;Ajuntament i del Departament d&#8217;Ensenyament.<\/p>\n<p style=\"text-align: justify;\"><img loading=\"lazy\" decoding=\"async\" class=\"aligncenter size-large wp-image-3101\" src=\"http:\/\/agora.xtec.cat\/escolaantoniroig\/wp-content\/uploads\/usu563\/2017\/11\/IMG_20171124_155809108-1024x576.jpg\" alt=\"\" width=\"1024\" height=\"576\" srcset=\"https:\/\/agora.xtec.cat\/escolaantoniroig\/wp-content\/uploads\/usu563\/2017\/11\/IMG_20171124_155809108-1024x576.jpg 1024w, https:\/\/agora.xtec.cat\/escolaantoniroig\/wp-content\/uploads\/usu563\/2017\/11\/IMG_20171124_155809108-300x169.jpg 300w, https:\/\/agora.xtec.cat\/escolaantoniroig\/wp-content\/uploads\/usu563\/2017\/11\/IMG_20171124_155809108-768x432.jpg 768w\" sizes=\"auto, (max-width: 1024px) 100vw, 1024px\" \/><\/p>\n<p style=\"text-align: justify;\">Els alumnes van ser els veritables protagonistes de l&#8217;acte. Ells van recordar quins s\u00f3n els or\u00edgens de la nostra escola i el principal ideal\u00a0sota els qual es va fundar: l&#8217;educaci\u00f3 a l&#8217;abast de tothom.<\/p>\n<p style=\"text-align: justify;\">Va ser un acte molt alegre i emotiu on la m\u00fasica no hi podia faltar. La coral de l&#8217;escola,\u00a0 &#8220;Melodies Roges&#8221;, va interpretar dues can\u00e7ons i els alumnes de sis\u00e8 van estrenar la can\u00e7\u00f3 que ells mateixos han escrit per l&#8217;ocasi\u00f3 i que properament gravaran al Camp d&#8217;Aprenentatge Pau Casals.<\/p>\n<p style=\"text-align: justify;\"><a href=\"http:\/\/agora.xtec.cat\/escolaantoniroig\/wp-content\/uploads\/usu563\/2017\/11\/IMG-20171124-WA0017-e1511819066476.jpg\"><img loading=\"lazy\" decoding=\"async\" class=\"aligncenter wp-image-3100 size-large\" src=\"http:\/\/agora.xtec.cat\/escolaantoniroig\/wp-content\/uploads\/usu563\/2017\/11\/IMG-20171124-WA0017-e1511819066476-1024x676.jpg\" alt=\"\" width=\"1024\" height=\"676\" srcset=\"https:\/\/agora.xtec.cat\/escolaantoniroig\/wp-content\/uploads\/usu563\/2017\/11\/IMG-20171124-WA0017-e1511819066476-1024x676.jpg 1024w, https:\/\/agora.xtec.cat\/escolaantoniroig\/wp-content\/uploads\/usu563\/2017\/11\/IMG-20171124-WA0017-e1511819066476-300x198.jpg 300w, https:\/\/agora.xtec.cat\/escolaantoniroig\/wp-content\/uploads\/usu563\/2017\/11\/IMG-20171124-WA0017-e1511819066476-768x507.jpg 768w, https:\/\/agora.xtec.cat\/escolaantoniroig\/wp-content\/uploads\/usu563\/2017\/11\/IMG-20171124-WA0017-e1511819066476.jpg 1528w\" sizes=\"auto, (max-width: 1024px) 100vw, 1024px\" \/><\/a><\/p>\n<p style=\"text-align: justify;\">Finalment, tots junts vam bufar les espelmes d&#8217;un magn\u00edfic past\u00eds.<\/p>\n<p style=\"text-align: justify;\"><img loading=\"lazy\" decoding=\"async\" class=\"aligncenter wp-image-3102\" src=\"http:\/\/agora.xtec.cat\/escolaantoniroig\/wp-content\/uploads\/usu563\/2017\/11\/IMG-20171125-WA0002-1024x768.jpg\" alt=\"\" width=\"394\" height=\"296\" srcset=\"https:\/\/agora.xtec.cat\/escolaantoniroig\/wp-content\/uploads\/usu563\/2017\/11\/IMG-20171125-WA0002-1024x768.jpg 1024w, https:\/\/agora.xtec.cat\/escolaantoniroig\/wp-content\/uploads\/usu563\/2017\/11\/IMG-20171125-WA0002-300x225.jpg 300w, https:\/\/agora.xtec.cat\/escolaantoniroig\/wp-content\/uploads\/usu563\/2017\/11\/IMG-20171125-WA0002-768x576.jpg 768w, https:\/\/agora.xtec.cat\/escolaantoniroig\/wp-content\/uploads\/usu563\/2017\/11\/IMG-20171125-WA0002-200x150.jpg 200w, https:\/\/agora.xtec.cat\/escolaantoniroig\/wp-content\/uploads\/usu563\/2017\/11\/IMG-20171125-WA0002.jpg 1600w\" sizes=\"auto, (max-width: 394px) 100vw, 394px\" \/><\/p>\n<p style=\"text-align: justify;\">Aqu\u00ed teniu el v\u00eddeo complet de l&#8217;acte de cloenda:<\/p>\n<div class=\"ast-oembed-container \" style=\"height: 100%;\"><iframe loading=\"lazy\" title=\"ACTE CLOENDA 125\u00e8 ANIVERSARI\" width=\"500\" height=\"281\" src=\"https:\/\/www.youtube.com\/embed\/-pBgbBs2oCI?feature=oembed\" frameborder=\"0\" allow=\"accelerometer; autoplay; clipboard-write; encrypted-media; gyroscope; picture-in-picture; web-share\" referrerpolicy=\"strict-origin-when-cross-origin\" allowfullscreen><\/iframe><\/div>\n<p style=\"text-align: justify;\">Un cop acabat l&#8217;acte,\u00a0els assistents van poder visitar l&#8217;exposici\u00f3 <em>&#8220;Antoni Roig, un viatge al passat<\/em>&#8220;, a la biblioteca de l&#8217;escola. I tots junts vam donar per finalitzada la sessi\u00f3 amb un petit refrigeri.<\/p>\n<p>Voleu veure\u00a0les fotografies d&#8217;aquesta jornada tan especial? <strong><a href=\"http:\/\/agora.xtec.cat\/escolaantoniroig\/fotos\/\">Cliqueu aqu\u00ed\u00a0<img loading=\"lazy\" decoding=\"async\" class=\" wp-image-600 alignnone\" src=\"http:\/\/agora.xtec.cat\/escolaantoniroig\/wp-content\/uploads\/usu563\/2015\/11\/Cartoon_Camera_clip_art_small.png\" alt=\"\" width=\"31\" height=\"21\" \/><\/a><\/strong><\/p>\n","protected":false},"excerpt":{"rendered":"<p>Divendres 24 de novembre vam finalitzar la setmana cultural de l&#8217;escola, dedicada aquest any a la celebraci\u00f3 del 125\u00e8 aniversari [&hellip;]<\/p>\n","protected":false},"author":1,"featured_media":3123,"comment_status":"open","ping_status":"closed","sticky":false,"template":"","format":"standard","meta":{"_bbp_topic_count":0,"_bbp_reply_count":0,"_bbp_total_topic_count":0,"_bbp_total_reply_count":0,"_bbp_voice_count":0,"_bbp_anonymous_reply_count":0,"_bbp_topic_count_hidden":0,"_bbp_reply_count_hidden":0,"_bbp_forum_subforum_count":0,"site-sidebar-layout":"default","site-content-layout":"","ast-site-content-layout":"","site-content-style":"default","site-sidebar-style":"default","ast-global-header-display":"","ast-banner-title-visibility":"","ast-main-header-display":"","ast-hfb-above-header-display":"","ast-hfb-below-header-display":"","ast-hfb-mobile-header-display":"","site-post-title":"","ast-breadcrumbs-content":"","ast-featured-img":"","footer-sml-layout":"","theme-transparent-header-meta":"","adv-header-id-meta":"","stick-header-meta":"","header-above-stick-meta":"","header-main-stick-meta":"","header-below-stick-meta":"","astra-migrate-meta-layouts":"default","ast-page-background-enabled":"default","ast-page-background-meta":{"desktop":{"background-color":"var(--ast-global-color-4)","background-image":"","background-repeat":"repeat","background-position":"center center","background-size":"auto","background-attachment":"scroll","background-type":"","background-media":"","overlay-type":"","overlay-color":"","overlay-opacity":"","overlay-gradient":""},"tablet":{"background-color":"","background-image":"","background-repeat":"repeat","background-position":"center center","background-size":"auto","background-attachment":"scroll","background-type":"","background-media":"","overlay-type":"","overlay-color":"","overlay-opacity":"","overlay-gradient":""},"mobile":{"background-color":"","background-image":"","background-repeat":"repeat","background-position":"center center","background-size":"auto","background-attachment":"scroll","background-type":"","background-media":"","overlay-type":"","overlay-color":"","overlay-opacity":"","overlay-gradient":""}},"ast-content-background-meta":{"desktop":{"background-color":"var(--ast-global-color-5)","background-image":"","background-repeat":"repeat","background-position":"center center","background-size":"auto","background-attachment":"scroll","background-type":"","background-media":"","overlay-type":"","overlay-color":"","overlay-opacity":"","overlay-gradient":""},"tablet":{"background-color":"var(--ast-global-color-5)","background-image":"","background-repeat":"repeat","background-position":"center center","background-size":"auto","background-attachment":"scroll","background-type":"","background-media":"","overlay-type":"","overlay-color":"","overlay-opacity":"","overlay-gradient":""},"mobile":{"background-color":"var(--ast-global-color-5)","background-image":"","background-repeat":"repeat","background-position":"center center","background-size":"auto","background-attachment":"scroll","background-type":"","background-media":"","overlay-type":"","overlay-color":"","overlay-opacity":"","overlay-gradient":""}},"footnotes":""},"categories":[30,31,32,128,29,1,4],"tags":[136,43],"class_list":["post-3091","post","type-post","status-publish","format-standard","has-post-thumbnail","hentry","category-ci","category-cm","category-cs","category-curs-20172018","category-edinf","category-general","category-portada","tag-125e-aniversari","tag-celebracions"],"post_mailing_queue_ids":[],"_links":{"self":[{"href":"https:\/\/agora.xtec.cat\/escolaantoniroig\/wp-json\/wp\/v2\/posts\/3091","targetHints":{"allow":["GET"]}}],"collection":[{"href":"https:\/\/agora.xtec.cat\/escolaantoniroig\/wp-json\/wp\/v2\/posts"}],"about":[{"href":"https:\/\/agora.xtec.cat\/escolaantoniroig\/wp-json\/wp\/v2\/types\/post"}],"author":[{"embeddable":true,"href":"https:\/\/agora.xtec.cat\/escolaantoniroig\/wp-json\/wp\/v2\/users\/1"}],"replies":[{"embeddable":true,"href":"https:\/\/agora.xtec.cat\/escolaantoniroig\/wp-json\/wp\/v2\/comments?post=3091"}],"version-history":[{"count":3,"href":"https:\/\/agora.xtec.cat\/escolaantoniroig\/wp-json\/wp\/v2\/posts\/3091\/revisions"}],"predecessor-version":[{"id":3885,"href":"https:\/\/agora.xtec.cat\/escolaantoniroig\/wp-json\/wp\/v2\/posts\/3091\/revisions\/3885"}],"wp:featuredmedia":[{"embeddable":true,"href":"https:\/\/agora.xtec.cat\/escolaantoniroig\/wp-json\/wp\/v2\/media\/3123"}],"wp:attachment":[{"href":"https:\/\/agora.xtec.cat\/escolaantoniroig\/wp-json\/wp\/v2\/media?parent=3091"}],"wp:term":[{"taxonomy":"category","embeddable":true,"href":"https:\/\/agora.xtec.cat\/escolaantoniroig\/wp-json\/wp\/v2\/categories?post=3091"},{"taxonomy":"post_tag","embeddable":true,"href":"https:\/\/agora.xtec.cat\/escolaantoniroig\/wp-json\/wp\/v2\/tags?post=3091"}],"curies":[{"name":"wp","href":"https:\/\/api.w.org\/{rel}","templated":true}]}}