{"id":2540,"date":"2017-06-21T10:58:51","date_gmt":"2017-06-21T08:58:51","guid":{"rendered":"http:\/\/agora.xtec.cat\/escolaantoniroig\/?p=2540"},"modified":"2017-06-21T10:58:51","modified_gmt":"2017-06-21T08:58:51","slug":"presentacio-del-projecte-dels-dracs-p5-5ec","status":"publish","type":"post","link":"https:\/\/agora.xtec.cat\/escolaantoniroig\/general\/presentacio-del-projecte-dels-dracs-p5-5ec\/","title":{"rendered":"PRESENTACI\u00d3 DEL PROJECTE DELS DRACS  (P5 &#8211; 5\u00e8C)"},"content":{"rendered":"<p style=\"text-align: justify;\">Ja acabem el curs, per\u00f2 encara tenim temps d\u2019explicar quines feines hem fet aquestes darreres setmanes.<\/p>\n<p style=\"text-align: justify;\">Els nens i nenes de P5B han explicat als nens de 5\u00e8 C qu\u00e8 han apr\u00e8s i quins treballs han realitzat al voltant dels DRACS. Aquest \u00e9s el projecte que han realitzat a l\u2019aula.<\/p>\n<p style=\"text-align: justify;\">Fa unes setmanes ja els van ajudar a fer ballar el drac que hi ha a l\u2019escola al pati dels grans. Per\u00f2 avui tocava presentar del seu projecte, i qu\u00e8 millor forma de fer-ho que de manera individual. Cada nen ha pogut explicar amb les seves paraules les experi\u00e8ncies i prefer\u00e8ncies al voltant dels aprenentatges de les darreres setmanes (contes, fitxes, can\u00e7ons&#8230;).<\/p>\n<p style=\"text-align: justify;\">Voleu veure totes les fotografies? <strong><a href=\"http:\/\/Ja acabem el curs, per\u00f2 encara tenim temps d\u2019explicar quines feines hem fet aquestes darreres setmanes. Els nens i nenes de P5B han explicat als nens de 5\u00e8 C qu\u00e8 han apr\u00e8s i quins treballs han realitzat al voltant dels DRACS. Aquest \u00e9s el projecte que han realitzat a l\u2019aula. Fa unes setmanes ja els van ajudar a fer ballar el drac que hi ha a l\u2019escola al pati dels grans. Per\u00f2 avui tocava presentar del seu projecte, i qu\u00e8 millor forma de fer-ho que de manera individual. Cada nen ha pogut explicar amb les seves paraules les experi\u00e8ncies i prefer\u00e8ncies al voltant dels aprenentatges de les darreres setmanes (contes, fitxes, can\u00e7ons...).\">Cliqueu aqu\u00ed <img loading=\"lazy\" decoding=\"async\" class=\" wp-image-600 alignnone\" src=\"http:\/\/agora.xtec.cat\/escolaantoniroig\/wp-content\/uploads\/usu563\/2015\/11\/Cartoon_Camera_clip_art_small.png\" alt=\"fotos\" width=\"37\" height=\"25\" \/><\/a><\/strong><\/p>\n","protected":false},"excerpt":{"rendered":"<p>Ja acabem el curs, per\u00f2 encara tenim temps d\u2019explicar quines feines hem fet aquestes darreres setmanes. Els nens i nenes [&hellip;]<\/p>\n","protected":false},"author":1,"featured_media":600,"comment_status":"open","ping_status":"closed","sticky":false,"template":"","format":"standard","meta":{"_bbp_topic_count":0,"_bbp_reply_count":0,"_bbp_total_topic_count":0,"_bbp_total_reply_count":0,"_bbp_voice_count":0,"_bbp_anonymous_reply_count":0,"_bbp_topic_count_hidden":0,"_bbp_reply_count_hidden":0,"_bbp_forum_subforum_count":0,"site-sidebar-layout":"default","site-content-layout":"","ast-site-content-layout":"","site-content-style":"default","site-sidebar-style":"default","ast-global-header-display":"","ast-banner-title-visibility":"","ast-main-header-display":"","ast-hfb-above-header-display":"","ast-hfb-below-header-display":"","ast-hfb-mobile-header-display":"","site-post-title":"","ast-breadcrumbs-content":"","ast-featured-img":"","footer-sml-layout":"","theme-transparent-header-meta":"","adv-header-id-meta":"","stick-header-meta":"","header-above-stick-meta":"","header-main-stick-meta":"","header-below-stick-meta":"","astra-migrate-meta-layouts":"default","ast-page-background-enabled":"default","ast-page-background-meta":{"desktop":{"background-color":"var(--ast-global-color-4)","background-image":"","background-repeat":"repeat","background-position":"center center","background-size":"auto","background-attachment":"scroll","background-type":"","background-media":"","overlay-type":"","overlay-color":"","overlay-opacity":"","overlay-gradient":""},"tablet":{"background-color":"","background-image":"","background-repeat":"repeat","background-position":"center center","background-size":"auto","background-attachment":"scroll","background-type":"","background-media":"","overlay-type":"","overlay-color":"","overlay-opacity":"","overlay-gradient":""},"mobile":{"background-color":"","background-image":"","background-repeat":"repeat","background-position":"center center","background-size":"auto","background-attachment":"scroll","background-type":"","background-media":"","overlay-type":"","overlay-color":"","overlay-opacity":"","overlay-gradient":""}},"ast-content-background-meta":{"desktop":{"background-color":"var(--ast-global-color-5)","background-image":"","background-repeat":"repeat","background-position":"center center","background-size":"auto","background-attachment":"scroll","background-type":"","background-media":"","overlay-type":"","overlay-color":"","overlay-opacity":"","overlay-gradient":""},"tablet":{"background-color":"var(--ast-global-color-5)","background-image":"","background-repeat":"repeat","background-position":"center center","background-size":"auto","background-attachment":"scroll","background-type":"","background-media":"","overlay-type":"","overlay-color":"","overlay-opacity":"","overlay-gradient":""},"mobile":{"background-color":"var(--ast-global-color-5)","background-image":"","background-repeat":"repeat","background-position":"center center","background-size":"auto","background-attachment":"scroll","background-type":"","background-media":"","overlay-type":"","overlay-color":"","overlay-opacity":"","overlay-gradient":""}},"footnotes":""},"categories":[32,94,29,1,4],"tags":[39,46,95],"class_list":["post-2540","post","type-post","status-publish","format-standard","has-post-thumbnail","hentry","category-cs","category-curs-20162017","category-edinf","category-general","category-portada","tag-cicle-superior","tag-ed-infantil","tag-projectes"],"post_mailing_queue_ids":[],"_links":{"self":[{"href":"https:\/\/agora.xtec.cat\/escolaantoniroig\/wp-json\/wp\/v2\/posts\/2540","targetHints":{"allow":["GET"]}}],"collection":[{"href":"https:\/\/agora.xtec.cat\/escolaantoniroig\/wp-json\/wp\/v2\/posts"}],"about":[{"href":"https:\/\/agora.xtec.cat\/escolaantoniroig\/wp-json\/wp\/v2\/types\/post"}],"author":[{"embeddable":true,"href":"https:\/\/agora.xtec.cat\/escolaantoniroig\/wp-json\/wp\/v2\/users\/1"}],"replies":[{"embeddable":true,"href":"https:\/\/agora.xtec.cat\/escolaantoniroig\/wp-json\/wp\/v2\/comments?post=2540"}],"version-history":[{"count":1,"href":"https:\/\/agora.xtec.cat\/escolaantoniroig\/wp-json\/wp\/v2\/posts\/2540\/revisions"}],"predecessor-version":[{"id":2541,"href":"https:\/\/agora.xtec.cat\/escolaantoniroig\/wp-json\/wp\/v2\/posts\/2540\/revisions\/2541"}],"wp:featuredmedia":[{"embeddable":true,"href":"https:\/\/agora.xtec.cat\/escolaantoniroig\/wp-json\/wp\/v2\/media\/600"}],"wp:attachment":[{"href":"https:\/\/agora.xtec.cat\/escolaantoniroig\/wp-json\/wp\/v2\/media?parent=2540"}],"wp:term":[{"taxonomy":"category","embeddable":true,"href":"https:\/\/agora.xtec.cat\/escolaantoniroig\/wp-json\/wp\/v2\/categories?post=2540"},{"taxonomy":"post_tag","embeddable":true,"href":"https:\/\/agora.xtec.cat\/escolaantoniroig\/wp-json\/wp\/v2\/tags?post=2540"}],"curies":[{"name":"wp","href":"https:\/\/api.w.org\/{rel}","templated":true}]}}