{"id":2519,"date":"2017-06-20T09:27:46","date_gmt":"2017-06-20T07:27:46","guid":{"rendered":"http:\/\/agora.xtec.cat\/escolaantoniroig\/?p=2519"},"modified":"2017-06-20T09:27:46","modified_gmt":"2017-06-20T07:27:46","slug":"acte-de-comiat-padrins-5e-fillols-p5","status":"publish","type":"post","link":"https:\/\/agora.xtec.cat\/escolaantoniroig\/general\/acte-de-comiat-padrins-5e-fillols-p5\/","title":{"rendered":"ACTE DE COMIAT PADRINS (5\u00e8) &#8211; FILLOLS (P5)"},"content":{"rendered":"<p style=\"text-align: justify;\">\u00a0<a href=\"http:\/\/agora.xtec.cat\/escolaantoniroig\/wp-content\/uploads\/usu563\/2017\/06\/IMG_20170614_120723.jpg\"><img loading=\"lazy\" decoding=\"async\" class=\"aligncenter size-large wp-image-2522\" src=\"http:\/\/agora.xtec.cat\/escolaantoniroig\/wp-content\/uploads\/usu563\/2017\/06\/IMG_20170614_120723-1024x768.jpg\" alt=\"IMG_20170614_120723\" width=\"1024\" height=\"768\" srcset=\"https:\/\/agora.xtec.cat\/escolaantoniroig\/wp-content\/uploads\/usu563\/2017\/06\/IMG_20170614_120723-1024x768.jpg 1024w, https:\/\/agora.xtec.cat\/escolaantoniroig\/wp-content\/uploads\/usu563\/2017\/06\/IMG_20170614_120723-300x225.jpg 300w, https:\/\/agora.xtec.cat\/escolaantoniroig\/wp-content\/uploads\/usu563\/2017\/06\/IMG_20170614_120723-768x576.jpg 768w, https:\/\/agora.xtec.cat\/escolaantoniroig\/wp-content\/uploads\/usu563\/2017\/06\/IMG_20170614_120723-200x150.jpg 200w\" sizes=\"auto, (max-width: 1024px) 100vw, 1024px\" \/><\/a><\/p>\n<p style=\"text-align: justify;\">Aquest dimecres 14 de juny hem realitzat l\u2019acte de comiat d\u2019aquest curs.<\/p>\n<p style=\"text-align: justify;\">A les classes, passadissos, escales&#8230; els m\u00e9s de cent nens i nenes de les classes de P5 i 5\u00e8 de l\u2019escola hem fet uns avions ens el qu\u00e8 hem escrit els nostres noms. Ha sigut una feina en equip, de la mateixa manera que hem fet un equip al llarg de tot el curs.<\/p>\n<p style=\"text-align: justify;\">En els avions, que hem fet volar al final de la sessi\u00f3, hi viatjaven els nostres desitjos.<\/p>\n<p style=\"text-align: justify;\"><a href=\"http:\/\/agora.xtec.cat\/escolaantoniroig\/wp-content\/uploads\/usu563\/2017\/06\/IMG_20170614_120737.jpg\"><img loading=\"lazy\" decoding=\"async\" class=\"aligncenter size-large wp-image-2521\" src=\"http:\/\/agora.xtec.cat\/escolaantoniroig\/wp-content\/uploads\/usu563\/2017\/06\/IMG_20170614_120737-1024x768.jpg\" alt=\"IMG_20170614_120737\" width=\"1024\" height=\"768\" srcset=\"https:\/\/agora.xtec.cat\/escolaantoniroig\/wp-content\/uploads\/usu563\/2017\/06\/IMG_20170614_120737-1024x768.jpg 1024w, https:\/\/agora.xtec.cat\/escolaantoniroig\/wp-content\/uploads\/usu563\/2017\/06\/IMG_20170614_120737-300x225.jpg 300w, https:\/\/agora.xtec.cat\/escolaantoniroig\/wp-content\/uploads\/usu563\/2017\/06\/IMG_20170614_120737-768x576.jpg 768w, https:\/\/agora.xtec.cat\/escolaantoniroig\/wp-content\/uploads\/usu563\/2017\/06\/IMG_20170614_120737-200x150.jpg 200w\" sizes=\"auto, (max-width: 1024px) 100vw, 1024px\" \/><\/a><\/p>\n<p style=\"text-align: justify;\">Per\u00f2 el que ha quedat ben clar \u00e9s que els fillols s\u2019han trobat molt a gust amb els seus padrins i els padrins esperaven cada dimecres amb ganes, per poder estar una estoneta amb els seus fillols per llegir plegats un llibre, una fitxa, un poema&#8230; o senzillament xerrar de qualsevol tema.<\/p>\n<p style=\"text-align: justify;\">Ha estat una gran experi\u00e8ncia. El curs vinent continuarem, per\u00f2&#8230; un any m\u00e9s grans! Farem 1r i 6\u00e8!<\/p>\n<p style=\"text-align: justify;\">Ens veiem el setembre!!<\/p>\n<p style=\"text-align: justify;\">Voleu veure m\u00e9s fotografies?<strong> Cliqueu aqu\u00ed<a href=\"https:\/\/goo.gl\/photos\/8h9hgtU61oAimBXM6\">\u00a0 <\/a><img loading=\"lazy\" decoding=\"async\" class=\" wp-image-600 alignnone\" src=\"http:\/\/agora.xtec.cat\/escolaantoniroig\/wp-content\/uploads\/usu563\/2015\/11\/Cartoon_Camera_clip_art_small.png\" alt=\"fotos\" width=\"39\" height=\"26\" \/><\/strong><\/p>\n","protected":false},"excerpt":{"rendered":"<p>\u00a0 Aquest dimecres 14 de juny hem realitzat l\u2019acte de comiat d\u2019aquest curs. A les classes, passadissos, escales&#8230; els m\u00e9s [&hellip;]<\/p>\n","protected":false},"author":1,"featured_media":2522,"comment_status":"open","ping_status":"closed","sticky":false,"template":"","format":"standard","meta":{"_bbp_topic_count":0,"_bbp_reply_count":0,"_bbp_total_topic_count":0,"_bbp_total_reply_count":0,"_bbp_voice_count":0,"_bbp_anonymous_reply_count":0,"_bbp_topic_count_hidden":0,"_bbp_reply_count_hidden":0,"_bbp_forum_subforum_count":0,"site-sidebar-layout":"default","site-content-layout":"","ast-site-content-layout":"","site-content-style":"default","site-sidebar-style":"default","ast-global-header-display":"","ast-banner-title-visibility":"","ast-main-header-display":"","ast-hfb-above-header-display":"","ast-hfb-below-header-display":"","ast-hfb-mobile-header-display":"","site-post-title":"","ast-breadcrumbs-content":"","ast-featured-img":"","footer-sml-layout":"","theme-transparent-header-meta":"","adv-header-id-meta":"","stick-header-meta":"","header-above-stick-meta":"","header-main-stick-meta":"","header-below-stick-meta":"","astra-migrate-meta-layouts":"default","ast-page-background-enabled":"default","ast-page-background-meta":{"desktop":{"background-color":"var(--ast-global-color-4)","background-image":"","background-repeat":"repeat","background-position":"center center","background-size":"auto","background-attachment":"scroll","background-type":"","background-media":"","overlay-type":"","overlay-color":"","overlay-opacity":"","overlay-gradient":""},"tablet":{"background-color":"","background-image":"","background-repeat":"repeat","background-position":"center center","background-size":"auto","background-attachment":"scroll","background-type":"","background-media":"","overlay-type":"","overlay-color":"","overlay-opacity":"","overlay-gradient":""},"mobile":{"background-color":"","background-image":"","background-repeat":"repeat","background-position":"center center","background-size":"auto","background-attachment":"scroll","background-type":"","background-media":"","overlay-type":"","overlay-color":"","overlay-opacity":"","overlay-gradient":""}},"ast-content-background-meta":{"desktop":{"background-color":"var(--ast-global-color-5)","background-image":"","background-repeat":"repeat","background-position":"center center","background-size":"auto","background-attachment":"scroll","background-type":"","background-media":"","overlay-type":"","overlay-color":"","overlay-opacity":"","overlay-gradient":""},"tablet":{"background-color":"var(--ast-global-color-5)","background-image":"","background-repeat":"repeat","background-position":"center center","background-size":"auto","background-attachment":"scroll","background-type":"","background-media":"","overlay-type":"","overlay-color":"","overlay-opacity":"","overlay-gradient":""},"mobile":{"background-color":"var(--ast-global-color-5)","background-image":"","background-repeat":"repeat","background-position":"center center","background-size":"auto","background-attachment":"scroll","background-type":"","background-media":"","overlay-type":"","overlay-color":"","overlay-opacity":"","overlay-gradient":""}},"footnotes":""},"categories":[32,94,29,1,4],"tags":[39,46,102],"class_list":["post-2519","post","type-post","status-publish","format-standard","has-post-thumbnail","hentry","category-cs","category-curs-20162017","category-edinf","category-general","category-portada","tag-cicle-superior","tag-ed-infantil","tag-padrins-de-lectura"],"post_mailing_queue_ids":[],"_links":{"self":[{"href":"https:\/\/agora.xtec.cat\/escolaantoniroig\/wp-json\/wp\/v2\/posts\/2519","targetHints":{"allow":["GET"]}}],"collection":[{"href":"https:\/\/agora.xtec.cat\/escolaantoniroig\/wp-json\/wp\/v2\/posts"}],"about":[{"href":"https:\/\/agora.xtec.cat\/escolaantoniroig\/wp-json\/wp\/v2\/types\/post"}],"author":[{"embeddable":true,"href":"https:\/\/agora.xtec.cat\/escolaantoniroig\/wp-json\/wp\/v2\/users\/1"}],"replies":[{"embeddable":true,"href":"https:\/\/agora.xtec.cat\/escolaantoniroig\/wp-json\/wp\/v2\/comments?post=2519"}],"version-history":[{"count":2,"href":"https:\/\/agora.xtec.cat\/escolaantoniroig\/wp-json\/wp\/v2\/posts\/2519\/revisions"}],"predecessor-version":[{"id":2523,"href":"https:\/\/agora.xtec.cat\/escolaantoniroig\/wp-json\/wp\/v2\/posts\/2519\/revisions\/2523"}],"wp:featuredmedia":[{"embeddable":true,"href":"https:\/\/agora.xtec.cat\/escolaantoniroig\/wp-json\/wp\/v2\/media\/2522"}],"wp:attachment":[{"href":"https:\/\/agora.xtec.cat\/escolaantoniroig\/wp-json\/wp\/v2\/media?parent=2519"}],"wp:term":[{"taxonomy":"category","embeddable":true,"href":"https:\/\/agora.xtec.cat\/escolaantoniroig\/wp-json\/wp\/v2\/categories?post=2519"},{"taxonomy":"post_tag","embeddable":true,"href":"https:\/\/agora.xtec.cat\/escolaantoniroig\/wp-json\/wp\/v2\/tags?post=2519"}],"curies":[{"name":"wp","href":"https:\/\/api.w.org\/{rel}","templated":true}]}}