{"id":2460,"date":"2017-05-31T08:55:15","date_gmt":"2017-05-31T06:55:15","guid":{"rendered":"http:\/\/agora.xtec.cat\/escolaantoniroig\/?p=2460"},"modified":"2021-11-19T12:22:16","modified_gmt":"2021-11-19T11:22:16","slug":"videoclip-de-la-flashmob","status":"publish","type":"post","link":"https:\/\/agora.xtec.cat\/escolaantoniroig\/general\/videoclip-de-la-flashmob\/","title":{"rendered":"VIDEOCLIP DE LA FLASHMOB!!!"},"content":{"rendered":"<div class=\"ast-oembed-container \" style=\"height: 100%;\"><iframe loading=\"lazy\" title=\"Flashmob\" width=\"500\" height=\"281\" src=\"https:\/\/www.youtube.com\/embed\/-aGLfa3flVc?feature=oembed\" frameborder=\"0\" allow=\"accelerometer; autoplay; clipboard-write; encrypted-media; gyroscope; picture-in-picture; web-share\" referrerpolicy=\"strict-origin-when-cross-origin\" allowfullscreen><\/iframe><\/div>\n<p style=\"text-align: justify;\">Aqu\u00ed teniu el nostre projecte, la Flashmob. Un treball de m\u00e9s de dos mesos que hem preparat els alumnes de sis\u00e8 des de l\u2019\u00e0rea d\u2019educaci\u00f3 art\u00edstica.<\/p>\n<p style=\"text-align: justify;\">Vam escollir la can\u00e7\u00f3 a treballar,\u00a0 vam enviar una carta en angl\u00e8s a en Justin explicant el que vol\u00edem fer i demanant perm\u00eds, vam descobrir les diferents seccions musicals de la can\u00e7\u00f3, vam escollir on fer-la, quan fer-la i amb qui la far\u00edem, com anar vestits i finalment per grups es van fer coreografies fins arribar a l\u2019actual.<\/p>\n<p style=\"text-align: justify;\">Aquesta Flashmob es va realitzar el passat 23 de Maig al mercat Municipal de Torredembarra.<\/p>\n<p style=\"text-align: justify;\">Volem agrair a en Carles Uriarte la seva col\u00b7laboraci\u00f3 amb la filmaci\u00f3 i edici\u00f3 del v\u00eddeo final.<\/p>\n<p style=\"text-align: justify;\">Nosaltres hem volgut compartir aquesta coreografia amb tota l\u2019escola i per aix\u00f2 properament penjarem el video de tota l\u2019escola ballant.<\/p>\n<p style=\"text-align: justify;\">Ara gaudiu de la nostra Flashmob, can\u00e7\u00f3 de Justin Timberlake <em>\u201c I CAN\u2019T STOP THE FEELING\u201d<\/em><\/p>\n<p style=\"text-align: right;\">Els alumnes de sis\u00e8<\/p>\n","protected":false},"excerpt":{"rendered":"<p>Aqu\u00ed teniu el nostre projecte, la Flashmob. Un treball de m\u00e9s de dos mesos que hem preparat els alumnes de [&hellip;]<\/p>\n","protected":false},"author":1,"featured_media":2464,"comment_status":"open","ping_status":"closed","sticky":false,"template":"","format":"standard","meta":{"_bbp_topic_count":0,"_bbp_reply_count":0,"_bbp_total_topic_count":0,"_bbp_total_reply_count":0,"_bbp_voice_count":0,"_bbp_anonymous_reply_count":0,"_bbp_topic_count_hidden":0,"_bbp_reply_count_hidden":0,"_bbp_forum_subforum_count":0,"site-sidebar-layout":"default","site-content-layout":"","ast-site-content-layout":"","site-content-style":"default","site-sidebar-style":"default","ast-global-header-display":"","ast-banner-title-visibility":"","ast-main-header-display":"","ast-hfb-above-header-display":"","ast-hfb-below-header-display":"","ast-hfb-mobile-header-display":"","site-post-title":"","ast-breadcrumbs-content":"","ast-featured-img":"","footer-sml-layout":"","theme-transparent-header-meta":"","adv-header-id-meta":"","stick-header-meta":"","header-above-stick-meta":"","header-main-stick-meta":"","header-below-stick-meta":"","astra-migrate-meta-layouts":"default","ast-page-background-enabled":"default","ast-page-background-meta":{"desktop":{"background-color":"var(--ast-global-color-4)","background-image":"","background-repeat":"repeat","background-position":"center center","background-size":"auto","background-attachment":"scroll","background-type":"","background-media":"","overlay-type":"","overlay-color":"","overlay-opacity":"","overlay-gradient":""},"tablet":{"background-color":"","background-image":"","background-repeat":"repeat","background-position":"center center","background-size":"auto","background-attachment":"scroll","background-type":"","background-media":"","overlay-type":"","overlay-color":"","overlay-opacity":"","overlay-gradient":""},"mobile":{"background-color":"","background-image":"","background-repeat":"repeat","background-position":"center center","background-size":"auto","background-attachment":"scroll","background-type":"","background-media":"","overlay-type":"","overlay-color":"","overlay-opacity":"","overlay-gradient":""}},"ast-content-background-meta":{"desktop":{"background-color":"var(--ast-global-color-5)","background-image":"","background-repeat":"repeat","background-position":"center center","background-size":"auto","background-attachment":"scroll","background-type":"","background-media":"","overlay-type":"","overlay-color":"","overlay-opacity":"","overlay-gradient":""},"tablet":{"background-color":"var(--ast-global-color-5)","background-image":"","background-repeat":"repeat","background-position":"center center","background-size":"auto","background-attachment":"scroll","background-type":"","background-media":"","overlay-type":"","overlay-color":"","overlay-opacity":"","overlay-gradient":""},"mobile":{"background-color":"var(--ast-global-color-5)","background-image":"","background-repeat":"repeat","background-position":"center center","background-size":"auto","background-attachment":"scroll","background-type":"","background-media":"","overlay-type":"","overlay-color":"","overlay-opacity":"","overlay-gradient":""}},"footnotes":""},"categories":[32,94,170,1,36,4],"tags":[39,124,48,95],"class_list":["post-2460","post","type-post","status-publish","format-standard","has-post-thumbnail","hentry","category-cs","category-curs-20162017","category-educacio-artistica","category-general","category-musica","category-portada","tag-cicle-superior","tag-flashmob","tag-musica","tag-projectes"],"post_mailing_queue_ids":[],"_links":{"self":[{"href":"https:\/\/agora.xtec.cat\/escolaantoniroig\/wp-json\/wp\/v2\/posts\/2460","targetHints":{"allow":["GET"]}}],"collection":[{"href":"https:\/\/agora.xtec.cat\/escolaantoniroig\/wp-json\/wp\/v2\/posts"}],"about":[{"href":"https:\/\/agora.xtec.cat\/escolaantoniroig\/wp-json\/wp\/v2\/types\/post"}],"author":[{"embeddable":true,"href":"https:\/\/agora.xtec.cat\/escolaantoniroig\/wp-json\/wp\/v2\/users\/1"}],"replies":[{"embeddable":true,"href":"https:\/\/agora.xtec.cat\/escolaantoniroig\/wp-json\/wp\/v2\/comments?post=2460"}],"version-history":[{"count":3,"href":"https:\/\/agora.xtec.cat\/escolaantoniroig\/wp-json\/wp\/v2\/posts\/2460\/revisions"}],"predecessor-version":[{"id":2465,"href":"https:\/\/agora.xtec.cat\/escolaantoniroig\/wp-json\/wp\/v2\/posts\/2460\/revisions\/2465"}],"wp:featuredmedia":[{"embeddable":true,"href":"https:\/\/agora.xtec.cat\/escolaantoniroig\/wp-json\/wp\/v2\/media\/2464"}],"wp:attachment":[{"href":"https:\/\/agora.xtec.cat\/escolaantoniroig\/wp-json\/wp\/v2\/media?parent=2460"}],"wp:term":[{"taxonomy":"category","embeddable":true,"href":"https:\/\/agora.xtec.cat\/escolaantoniroig\/wp-json\/wp\/v2\/categories?post=2460"},{"taxonomy":"post_tag","embeddable":true,"href":"https:\/\/agora.xtec.cat\/escolaantoniroig\/wp-json\/wp\/v2\/tags?post=2460"}],"curies":[{"name":"wp","href":"https:\/\/api.w.org\/{rel}","templated":true}]}}