{"id":2316,"date":"2017-04-22T17:40:43","date_gmt":"2017-04-22T15:40:43","guid":{"rendered":"http:\/\/agora.xtec.cat\/escolaantoniroig\/?p=2316"},"modified":"2017-04-22T17:43:11","modified_gmt":"2017-04-22T15:43:11","slug":"sant-jordi-2017","status":"publish","type":"post","link":"https:\/\/agora.xtec.cat\/escolaantoniroig\/general\/sant-jordi-2017\/","title":{"rendered":"SANT JORDI 2017"},"content":{"rendered":"<p style=\"text-align: justify;\">Avui hi ha hagut molt de moviment a l&#8217;escola! Ens hem organitzat en grups internivells per tal de fer uns tallers relacionats amb la diada de Sant Jordi. Aix\u00ed tenim la possibilitat de treballar amb companys d&#8217;altres classes, cooperar i aprendre junts. I ens agrada molt!<\/p>\n<p style=\"text-align: justify;\">Els d&#8217;educaci\u00f3 infantil i cicle inicial han fet un drac que treu foc per la boca!<\/p>\n<p style=\"text-align: justify;\"><a href=\"http:\/\/agora.xtec.cat\/escolaantoniroig\/wp-content\/uploads\/usu563\/2017\/04\/DSC_0015-COLLAGE.jpg\"><img loading=\"lazy\" decoding=\"async\" class=\"wp-image-2322 alignnone\" src=\"http:\/\/agora.xtec.cat\/escolaantoniroig\/wp-content\/uploads\/usu563\/2017\/04\/DSC_0015-COLLAGE-1024x1024.jpg\" alt=\"DSC_0015-COLLAGE\" width=\"263\" height=\"263\" srcset=\"https:\/\/agora.xtec.cat\/escolaantoniroig\/wp-content\/uploads\/usu563\/2017\/04\/DSC_0015-COLLAGE-1024x1024.jpg 1024w, https:\/\/agora.xtec.cat\/escolaantoniroig\/wp-content\/uploads\/usu563\/2017\/04\/DSC_0015-COLLAGE-150x150.jpg 150w, https:\/\/agora.xtec.cat\/escolaantoniroig\/wp-content\/uploads\/usu563\/2017\/04\/DSC_0015-COLLAGE-300x300.jpg 300w, https:\/\/agora.xtec.cat\/escolaantoniroig\/wp-content\/uploads\/usu563\/2017\/04\/DSC_0015-COLLAGE-768x768.jpg 768w, https:\/\/agora.xtec.cat\/escolaantoniroig\/wp-content\/uploads\/usu563\/2017\/04\/DSC_0015-COLLAGE.jpg 2046w\" sizes=\"auto, (max-width: 263px) 100vw, 263px\" \/><\/a>\u00a0\u00a0<img loading=\"lazy\" decoding=\"async\" class=\"wp-image-2326 alignnone\" src=\"http:\/\/agora.xtec.cat\/escolaantoniroig\/wp-content\/uploads\/usu563\/2017\/04\/DSC_0134-1024x685.jpg\" alt=\"DSC_0134\" width=\"385\" height=\"258\" srcset=\"https:\/\/agora.xtec.cat\/escolaantoniroig\/wp-content\/uploads\/usu563\/2017\/04\/DSC_0134-1024x685.jpg 1024w, https:\/\/agora.xtec.cat\/escolaantoniroig\/wp-content\/uploads\/usu563\/2017\/04\/DSC_0134-300x201.jpg 300w, https:\/\/agora.xtec.cat\/escolaantoniroig\/wp-content\/uploads\/usu563\/2017\/04\/DSC_0134-768x514.jpg 768w\" sizes=\"auto, (max-width: 385px) 100vw, 385px\" \/><\/p>\n<p style=\"text-align: justify;\">Els de cicle mitj\u00e0 i cicle superior han fet una postal amb titelles de la llegenda de Sant Jordi. S\u00f3n uns artistes!<a href=\"http:\/\/agora.xtec.cat\/escolaantoniroig\/wp-content\/uploads\/usu563\/2017\/04\/DSC_0140-COLLAGE.jpg\"><img loading=\"lazy\" decoding=\"async\" class=\"aligncenter wp-image-2324\" src=\"http:\/\/agora.xtec.cat\/escolaantoniroig\/wp-content\/uploads\/usu563\/2017\/04\/DSC_0140-COLLAGE-1024x1024.jpg\" alt=\"DSC_0140-COLLAGE\" width=\"284\" height=\"284\" srcset=\"https:\/\/agora.xtec.cat\/escolaantoniroig\/wp-content\/uploads\/usu563\/2017\/04\/DSC_0140-COLLAGE-1024x1024.jpg 1024w, https:\/\/agora.xtec.cat\/escolaantoniroig\/wp-content\/uploads\/usu563\/2017\/04\/DSC_0140-COLLAGE-150x150.jpg 150w, https:\/\/agora.xtec.cat\/escolaantoniroig\/wp-content\/uploads\/usu563\/2017\/04\/DSC_0140-COLLAGE-300x300.jpg 300w, https:\/\/agora.xtec.cat\/escolaantoniroig\/wp-content\/uploads\/usu563\/2017\/04\/DSC_0140-COLLAGE-768x768.jpg 768w, https:\/\/agora.xtec.cat\/escolaantoniroig\/wp-content\/uploads\/usu563\/2017\/04\/DSC_0140-COLLAGE.jpg 2046w\" sizes=\"auto, (max-width: 284px) 100vw, 284px\" \/><\/a><\/p>\n<p style=\"text-align: justify;\">A l&#8217;hora del pati han pogut gaudir d&#8217;una estona de lectura compartida amb el bibliopati que organitza el Pla d&#8217;Entorn.<\/p>\n<p style=\"text-align: justify;\">Despr\u00e9s del pati, els alumnes d&#8217;educaci\u00f3 infantil han elaborat un uns murals col\u00b7lectius.<\/p>\n<p style=\"text-align: justify;\"><a href=\"http:\/\/agora.xtec.cat\/escolaantoniroig\/wp-content\/uploads\/usu563\/2017\/04\/DSC_0191.jpg\"><img loading=\"lazy\" decoding=\"async\" class=\"aligncenter wp-image-2327\" src=\"http:\/\/agora.xtec.cat\/escolaantoniroig\/wp-content\/uploads\/usu563\/2017\/04\/DSC_0191-1024x685.jpg\" alt=\"DSC_0191\" width=\"265\" height=\"177\" srcset=\"https:\/\/agora.xtec.cat\/escolaantoniroig\/wp-content\/uploads\/usu563\/2017\/04\/DSC_0191-1024x685.jpg 1024w, https:\/\/agora.xtec.cat\/escolaantoniroig\/wp-content\/uploads\/usu563\/2017\/04\/DSC_0191-300x201.jpg 300w, https:\/\/agora.xtec.cat\/escolaantoniroig\/wp-content\/uploads\/usu563\/2017\/04\/DSC_0191-768x514.jpg 768w\" sizes=\"auto, (max-width: 265px) 100vw, 265px\" \/><\/a><\/p>\n<p style=\"text-align: justify;\">Els de 1r han anat a l&#8217;Ajuntament a veure un drac ben especial per nosaltres: la Virg\u00edlia! I all\u00e0 han escoltat la seva hist\u00f2ria.<\/p>\n<p style=\"text-align: justify;\"><a href=\"http:\/\/agora.xtec.cat\/escolaantoniroig\/wp-content\/uploads\/usu563\/2017\/04\/IMG-20170421-WA0004.jpg\"><img loading=\"lazy\" decoding=\"async\" class=\"aligncenter size-large wp-image-2328\" src=\"http:\/\/agora.xtec.cat\/escolaantoniroig\/wp-content\/uploads\/usu563\/2017\/04\/IMG-20170421-WA0004-1024x575.jpg\" alt=\"IMG-20170421-WA0004\" width=\"1024\" height=\"575\" srcset=\"https:\/\/agora.xtec.cat\/escolaantoniroig\/wp-content\/uploads\/usu563\/2017\/04\/IMG-20170421-WA0004-1024x575.jpg 1024w, https:\/\/agora.xtec.cat\/escolaantoniroig\/wp-content\/uploads\/usu563\/2017\/04\/IMG-20170421-WA0004-300x168.jpg 300w, https:\/\/agora.xtec.cat\/escolaantoniroig\/wp-content\/uploads\/usu563\/2017\/04\/IMG-20170421-WA0004-768x431.jpg 768w, https:\/\/agora.xtec.cat\/escolaantoniroig\/wp-content\/uploads\/usu563\/2017\/04\/IMG-20170421-WA0004.jpg 1600w\" sizes=\"auto, (max-width: 1024px) 100vw, 1024px\" \/><\/a><\/p>\n<p style=\"text-align: justify;\">Els de cicle mitj\u00e0 i superior han apr\u00e8s motles coses sobre les danses medievals i les han practicat.<\/p>\n<p style=\"text-align: justify;\"><a href=\"http:\/\/agora.xtec.cat\/escolaantoniroig\/wp-content\/uploads\/usu563\/2017\/04\/DSC_0173-COLLAGE.jpg\"><img loading=\"lazy\" decoding=\"async\" class=\"aligncenter wp-image-2325\" src=\"http:\/\/agora.xtec.cat\/escolaantoniroig\/wp-content\/uploads\/usu563\/2017\/04\/DSC_0173-COLLAGE-1024x1024.jpg\" alt=\"DSC_0173-COLLAGE\" width=\"491\" height=\"491\" srcset=\"https:\/\/agora.xtec.cat\/escolaantoniroig\/wp-content\/uploads\/usu563\/2017\/04\/DSC_0173-COLLAGE-1024x1024.jpg 1024w, https:\/\/agora.xtec.cat\/escolaantoniroig\/wp-content\/uploads\/usu563\/2017\/04\/DSC_0173-COLLAGE-150x150.jpg 150w, https:\/\/agora.xtec.cat\/escolaantoniroig\/wp-content\/uploads\/usu563\/2017\/04\/DSC_0173-COLLAGE-300x300.jpg 300w, https:\/\/agora.xtec.cat\/escolaantoniroig\/wp-content\/uploads\/usu563\/2017\/04\/DSC_0173-COLLAGE-768x768.jpg 768w, https:\/\/agora.xtec.cat\/escolaantoniroig\/wp-content\/uploads\/usu563\/2017\/04\/DSC_0173-COLLAGE.jpg 2046w\" sizes=\"auto, (max-width: 491px) 100vw, 491px\" \/><\/a><\/p>\n<p style=\"text-align: justify;\">I els nens i nenes de segon han fet un drac.<\/p>\n<p>La tarda ha sigut molt liter\u00e0ria&#8230; Hem conegut els guanyadors del concurs literari i hem escoltat les seves narracions. A m\u00e9s. els alumnes\u00a0de segon han explicat els seus contes als de primer. I els de cinqu\u00e8 han representat uns contes tradicionals als d&#8217;educaci\u00f3 infantil. I hem anat a la biblioteca a veure l&#8217;exposici\u00f3 dels nous llibres.<\/p>\n<p>I, com ja \u00e9s tradici\u00f3, els alumnes de sis\u00e8 han venut punts de llibre i llibres de segona m\u00e0 a les hores d&#8217;entrada i sortida. Tot un \u00e8xit!!!<\/p>\n<p><a href=\"http:\/\/agora.xtec.cat\/escolaantoniroig\/wp-content\/uploads\/usu563\/2017\/04\/DSC_0200-COLLAGE.jpg\"><img loading=\"lazy\" decoding=\"async\" class=\"aligncenter size-large wp-image-2330\" src=\"http:\/\/agora.xtec.cat\/escolaantoniroig\/wp-content\/uploads\/usu563\/2017\/04\/DSC_0200-COLLAGE-1024x1024.jpg\" alt=\"DSC_0200-COLLAGE\" width=\"1024\" height=\"1024\" srcset=\"https:\/\/agora.xtec.cat\/escolaantoniroig\/wp-content\/uploads\/usu563\/2017\/04\/DSC_0200-COLLAGE-1024x1024.jpg 1024w, https:\/\/agora.xtec.cat\/escolaantoniroig\/wp-content\/uploads\/usu563\/2017\/04\/DSC_0200-COLLAGE-150x150.jpg 150w, https:\/\/agora.xtec.cat\/escolaantoniroig\/wp-content\/uploads\/usu563\/2017\/04\/DSC_0200-COLLAGE-300x300.jpg 300w, https:\/\/agora.xtec.cat\/escolaantoniroig\/wp-content\/uploads\/usu563\/2017\/04\/DSC_0200-COLLAGE-768x768.jpg 768w, https:\/\/agora.xtec.cat\/escolaantoniroig\/wp-content\/uploads\/usu563\/2017\/04\/DSC_0200-COLLAGE.jpg 2046w\" sizes=\"auto, (max-width: 1024px) 100vw, 1024px\" \/><\/a><\/p>\n<p><a href=\"http:\/\/agora.xtec.cat\/escolaantoniroig\/wp-content\/uploads\/usu563\/2017\/04\/DSC_0007.jpg\"><img loading=\"lazy\" decoding=\"async\" class=\"aligncenter  wp-image-2333\" src=\"http:\/\/agora.xtec.cat\/escolaantoniroig\/wp-content\/uploads\/usu563\/2017\/04\/DSC_0007-1024x685.jpg\" alt=\"DSC_0007\" width=\"409\" height=\"273\" srcset=\"https:\/\/agora.xtec.cat\/escolaantoniroig\/wp-content\/uploads\/usu563\/2017\/04\/DSC_0007-1024x685.jpg 1024w, https:\/\/agora.xtec.cat\/escolaantoniroig\/wp-content\/uploads\/usu563\/2017\/04\/DSC_0007-300x201.jpg 300w, https:\/\/agora.xtec.cat\/escolaantoniroig\/wp-content\/uploads\/usu563\/2017\/04\/DSC_0007-768x514.jpg 768w\" sizes=\"auto, (max-width: 409px) 100vw, 409px\" \/><\/a><\/p>\n<p>Podeu veure m\u00e9s fotografies d&#8217;aquest magn\u00edfic dia <strong><a href=\"https:\/\/goo.gl\/photos\/MZzDEqvaa727Uvsz9\">clicant aqu\u00ed \u00a0<\/a><\/strong><a href=\"https:\/\/goo.gl\/photos\/MZzDEqvaa727Uvsz9\"><img loading=\"lazy\" decoding=\"async\" class=\"wp-image-600 alignnone\" src=\"http:\/\/agora.xtec.cat\/escolaantoniroig\/wp-content\/uploads\/usu563\/2015\/11\/Cartoon_Camera_clip_art_small.png\" alt=\"fotos\" width=\"40\" height=\"27\" \/><\/a><em> (i properament n&#8217;afegirem m\u00e9s)<\/em><\/p>\n","protected":false},"excerpt":{"rendered":"<p>Avui hi ha hagut molt de moviment a l&#8217;escola! Ens hem organitzat en grups internivells per tal de fer uns [&hellip;]<\/p>\n","protected":false},"author":1,"featured_media":2322,"comment_status":"open","ping_status":"open","sticky":false,"template":"","format":"standard","meta":{"_bbp_topic_count":0,"_bbp_reply_count":0,"_bbp_total_topic_count":0,"_bbp_total_reply_count":0,"_bbp_voice_count":0,"_bbp_anonymous_reply_count":0,"_bbp_topic_count_hidden":0,"_bbp_reply_count_hidden":0,"_bbp_forum_subforum_count":0,"site-sidebar-layout":"default","site-content-layout":"","ast-site-content-layout":"","site-content-style":"default","site-sidebar-style":"default","ast-global-header-display":"","ast-banner-title-visibility":"","ast-main-header-display":"","ast-hfb-above-header-display":"","ast-hfb-below-header-display":"","ast-hfb-mobile-header-display":"","site-post-title":"","ast-breadcrumbs-content":"","ast-featured-img":"","footer-sml-layout":"","theme-transparent-header-meta":"","adv-header-id-meta":"","stick-header-meta":"","header-above-stick-meta":"","header-main-stick-meta":"","header-below-stick-meta":"","astra-migrate-meta-layouts":"default","ast-page-background-enabled":"default","ast-page-background-meta":{"desktop":{"background-color":"var(--ast-global-color-4)","background-image":"","background-repeat":"repeat","background-position":"center center","background-size":"auto","background-attachment":"scroll","background-type":"","background-media":"","overlay-type":"","overlay-color":"","overlay-opacity":"","overlay-gradient":""},"tablet":{"background-color":"","background-image":"","background-repeat":"repeat","background-position":"center center","background-size":"auto","background-attachment":"scroll","background-type":"","background-media":"","overlay-type":"","overlay-color":"","overlay-opacity":"","overlay-gradient":""},"mobile":{"background-color":"","background-image":"","background-repeat":"repeat","background-position":"center center","background-size":"auto","background-attachment":"scroll","background-type":"","background-media":"","overlay-type":"","overlay-color":"","overlay-opacity":"","overlay-gradient":""}},"ast-content-background-meta":{"desktop":{"background-color":"var(--ast-global-color-5)","background-image":"","background-repeat":"repeat","background-position":"center center","background-size":"auto","background-attachment":"scroll","background-type":"","background-media":"","overlay-type":"","overlay-color":"","overlay-opacity":"","overlay-gradient":""},"tablet":{"background-color":"var(--ast-global-color-5)","background-image":"","background-repeat":"repeat","background-position":"center center","background-size":"auto","background-attachment":"scroll","background-type":"","background-media":"","overlay-type":"","overlay-color":"","overlay-opacity":"","overlay-gradient":""},"mobile":{"background-color":"var(--ast-global-color-5)","background-image":"","background-repeat":"repeat","background-position":"center center","background-size":"auto","background-attachment":"scroll","background-type":"","background-media":"","overlay-type":"","overlay-color":"","overlay-opacity":"","overlay-gradient":""}},"footnotes":""},"categories":[30,31,32,94,29,1,4],"tags":[43,55],"class_list":["post-2316","post","type-post","status-publish","format-standard","has-post-thumbnail","hentry","category-ci","category-cm","category-cs","category-curs-20162017","category-edinf","category-general","category-portada","tag-celebracions","tag-sant-jordi"],"post_mailing_queue_ids":[],"_links":{"self":[{"href":"https:\/\/agora.xtec.cat\/escolaantoniroig\/wp-json\/wp\/v2\/posts\/2316","targetHints":{"allow":["GET"]}}],"collection":[{"href":"https:\/\/agora.xtec.cat\/escolaantoniroig\/wp-json\/wp\/v2\/posts"}],"about":[{"href":"https:\/\/agora.xtec.cat\/escolaantoniroig\/wp-json\/wp\/v2\/types\/post"}],"author":[{"embeddable":true,"href":"https:\/\/agora.xtec.cat\/escolaantoniroig\/wp-json\/wp\/v2\/users\/1"}],"replies":[{"embeddable":true,"href":"https:\/\/agora.xtec.cat\/escolaantoniroig\/wp-json\/wp\/v2\/comments?post=2316"}],"version-history":[{"count":3,"href":"https:\/\/agora.xtec.cat\/escolaantoniroig\/wp-json\/wp\/v2\/posts\/2316\/revisions"}],"predecessor-version":[{"id":2334,"href":"https:\/\/agora.xtec.cat\/escolaantoniroig\/wp-json\/wp\/v2\/posts\/2316\/revisions\/2334"}],"wp:featuredmedia":[{"embeddable":true,"href":"https:\/\/agora.xtec.cat\/escolaantoniroig\/wp-json\/wp\/v2\/media\/2322"}],"wp:attachment":[{"href":"https:\/\/agora.xtec.cat\/escolaantoniroig\/wp-json\/wp\/v2\/media?parent=2316"}],"wp:term":[{"taxonomy":"category","embeddable":true,"href":"https:\/\/agora.xtec.cat\/escolaantoniroig\/wp-json\/wp\/v2\/categories?post=2316"},{"taxonomy":"post_tag","embeddable":true,"href":"https:\/\/agora.xtec.cat\/escolaantoniroig\/wp-json\/wp\/v2\/tags?post=2316"}],"curies":[{"name":"wp","href":"https:\/\/api.w.org\/{rel}","templated":true}]}}