{"id":2053,"date":"2017-02-23T22:05:05","date_gmt":"2017-02-23T21:05:05","guid":{"rendered":"http:\/\/agora.xtec.cat\/escolaantoniroig\/?p=2053"},"modified":"2017-02-24T18:11:58","modified_gmt":"2017-02-24T17:11:58","slug":"celebrem-el-carnaval","status":"publish","type":"post","link":"https:\/\/agora.xtec.cat\/escolaantoniroig\/portada\/celebrem-el-carnaval\/","title":{"rendered":"CELEBREM EL CARNAVAL!"},"content":{"rendered":"<p><img loading=\"lazy\" decoding=\"async\" class=\"aligncenter wp-image-2059\" src=\"http:\/\/agora.xtec.cat\/escolaantoniroig\/wp-content\/uploads\/usu563\/2017\/02\/carnaval-1024x553.jpg\" alt=\"carnaval\" width=\"280\" height=\"151\" srcset=\"https:\/\/agora.xtec.cat\/escolaantoniroig\/wp-content\/uploads\/usu563\/2017\/02\/carnaval-1024x553.jpg 1024w, https:\/\/agora.xtec.cat\/escolaantoniroig\/wp-content\/uploads\/usu563\/2017\/02\/carnaval-300x162.jpg 300w, https:\/\/agora.xtec.cat\/escolaantoniroig\/wp-content\/uploads\/usu563\/2017\/02\/carnaval-768x415.jpg 768w, https:\/\/agora.xtec.cat\/escolaantoniroig\/wp-content\/uploads\/usu563\/2017\/02\/carnaval.jpg 1600w\" sizes=\"auto, (max-width: 280px) 100vw, 280px\" \/><\/p>\n<p>Avui ha estat un dia molt intens. Al mat\u00ed tots els nens i nenes han\u00a0seguit la tradici\u00f3 de menjar un bon entrep\u00e0 de truita o de botifarra. Els m\u00e9s petits ho han fet a la pla\u00e7a del Castell, altres la platja i els m\u00e9s grans han fet una bona caminada fins l&#8217;Ermita de Sant Antoni, a Altafulla.<\/p>\n<p><img loading=\"lazy\" decoding=\"async\" class=\"aligncenter wp-image-2055\" src=\"http:\/\/agora.xtec.cat\/escolaantoniroig\/wp-content\/uploads\/usu563\/2017\/02\/IMG_20170223_103554605-1024x576.jpg\" alt=\"img_20170223_103554605\" width=\"327\" height=\"184\" srcset=\"https:\/\/agora.xtec.cat\/escolaantoniroig\/wp-content\/uploads\/usu563\/2017\/02\/IMG_20170223_103554605-1024x576.jpg 1024w, https:\/\/agora.xtec.cat\/escolaantoniroig\/wp-content\/uploads\/usu563\/2017\/02\/IMG_20170223_103554605-300x169.jpg 300w, https:\/\/agora.xtec.cat\/escolaantoniroig\/wp-content\/uploads\/usu563\/2017\/02\/IMG_20170223_103554605-768x432.jpg 768w\" sizes=\"auto, (max-width: 327px) 100vw, 327px\" \/><\/p>\n<p><img loading=\"lazy\" decoding=\"async\" class=\"aligncenter wp-image-2058\" src=\"http:\/\/agora.xtec.cat\/escolaantoniroig\/wp-content\/uploads\/usu563\/2017\/02\/IMG_20170223_093731305-576x1024.jpg\" alt=\"img_20170223_093731305\" width=\"181\" height=\"322\" srcset=\"https:\/\/agora.xtec.cat\/escolaantoniroig\/wp-content\/uploads\/usu563\/2017\/02\/IMG_20170223_093731305-576x1024.jpg 576w, https:\/\/agora.xtec.cat\/escolaantoniroig\/wp-content\/uploads\/usu563\/2017\/02\/IMG_20170223_093731305-169x300.jpg 169w, https:\/\/agora.xtec.cat\/escolaantoniroig\/wp-content\/uploads\/usu563\/2017\/02\/IMG_20170223_093731305-768x1365.jpg 768w, https:\/\/agora.xtec.cat\/escolaantoniroig\/wp-content\/uploads\/usu563\/2017\/02\/IMG_20170223_093731305.jpg 1836w\" sizes=\"auto, (max-width: 181px) 100vw, 181px\" \/><\/p>\n<p>Voleu veure m\u00e9s fotografies d&#8217;aquestes sortides? \u00a0<a href=\"https:\/\/goo.gl\/photos\/HUqa2wiMRN299VCn9\">Cliqueu aqu\u00ed <img loading=\"lazy\" decoding=\"async\" class=\" wp-image-600 alignnone\" src=\"http:\/\/agora.xtec.cat\/escolaantoniroig\/wp-content\/uploads\/usu563\/2015\/11\/Cartoon_Camera_clip_art_small.png\" alt=\"fotos\" width=\"39\" height=\"26\" \/><\/a>\u00a0<em>(properament n&#8217;afegirem m\u00e9s)<\/em><\/p>\n<p>&nbsp;<\/p>\n<p>A la tarda els petits han llu\u00eft les seves disfresses a la tradicional Rua de Carnaval, al pati de l&#8217;escola. (Hem d&#8217;agrair la col\u00b7laboraci\u00f3 de pares i mares en la decoraci\u00f3 i en l&#8217;el\u00b7laboraci\u00f3 de les disfresses).<img loading=\"lazy\" decoding=\"async\" class=\"aligncenter size-large wp-image-2061\" src=\"http:\/\/agora.xtec.cat\/escolaantoniroig\/wp-content\/uploads\/usu563\/2017\/02\/IMG_20170223_153212649-COLLAGE-1-1024x1024.jpg\" alt=\"img_20170223_153212649-collage-1\" width=\"1024\" height=\"1024\" srcset=\"https:\/\/agora.xtec.cat\/escolaantoniroig\/wp-content\/uploads\/usu563\/2017\/02\/IMG_20170223_153212649-COLLAGE-1-1024x1024.jpg 1024w, https:\/\/agora.xtec.cat\/escolaantoniroig\/wp-content\/uploads\/usu563\/2017\/02\/IMG_20170223_153212649-COLLAGE-1-150x150.jpg 150w, https:\/\/agora.xtec.cat\/escolaantoniroig\/wp-content\/uploads\/usu563\/2017\/02\/IMG_20170223_153212649-COLLAGE-1-300x300.jpg 300w, https:\/\/agora.xtec.cat\/escolaantoniroig\/wp-content\/uploads\/usu563\/2017\/02\/IMG_20170223_153212649-COLLAGE-1-768x768.jpg 768w, https:\/\/agora.xtec.cat\/escolaantoniroig\/wp-content\/uploads\/usu563\/2017\/02\/IMG_20170223_153212649-COLLAGE-1.jpg 2047w\" sizes=\"auto, (max-width: 1024px) 100vw, 1024px\" \/>Voleu veure m\u00e9s fotografies de la magn\u00edfica rua?<a href=\"https:\/\/goo.gl\/photos\/GivJ8DKdpAq7ba1T6\"> Cliqueu aqu\u00ed <img loading=\"lazy\" decoding=\"async\" class=\" wp-image-600 alignnone\" src=\"http:\/\/agora.xtec.cat\/escolaantoniroig\/wp-content\/uploads\/usu563\/2015\/11\/Cartoon_Camera_clip_art_small.png\" alt=\"fotos\" width=\"39\" height=\"26\" \/>\u00a0<\/a><em>(properament n&#8217;afegirem m\u00e9s)<\/em><\/p>\n<p>&nbsp;<\/p>\n<p>I la resta d&#8217;alumnes han fet uns tallers de creaci\u00f3 de m\u00e0scares que despr\u00e9s han llu\u00eft al photocall que han preparat els alumnes de sis\u00e8.<img loading=\"lazy\" decoding=\"async\" class=\"aligncenter size-large wp-image-2060\" src=\"http:\/\/agora.xtec.cat\/escolaantoniroig\/wp-content\/uploads\/usu563\/2017\/02\/IMG-20170223-WA0006-COLLAGE-1024x1024.jpg\" alt=\"img-20170223-wa0006-collage\" width=\"1024\" height=\"1024\" srcset=\"https:\/\/agora.xtec.cat\/escolaantoniroig\/wp-content\/uploads\/usu563\/2017\/02\/IMG-20170223-WA0006-COLLAGE-1024x1024.jpg 1024w, https:\/\/agora.xtec.cat\/escolaantoniroig\/wp-content\/uploads\/usu563\/2017\/02\/IMG-20170223-WA0006-COLLAGE-150x150.jpg 150w, https:\/\/agora.xtec.cat\/escolaantoniroig\/wp-content\/uploads\/usu563\/2017\/02\/IMG-20170223-WA0006-COLLAGE-300x300.jpg 300w, https:\/\/agora.xtec.cat\/escolaantoniroig\/wp-content\/uploads\/usu563\/2017\/02\/IMG-20170223-WA0006-COLLAGE-768x768.jpg 768w, https:\/\/agora.xtec.cat\/escolaantoniroig\/wp-content\/uploads\/usu563\/2017\/02\/IMG-20170223-WA0006-COLLAGE.jpg 1664w\" sizes=\"auto, (max-width: 1024px) 100vw, 1024px\" \/> Voleu veure m\u00e9s fotografies dels taller i del Photocall? <a href=\"https:\/\/goo.gl\/photos\/uLVwxbvvG9y8ucCs5\">Cliqueu aqu\u00ed \u00a0<img loading=\"lazy\" decoding=\"async\" class=\" wp-image-600 alignnone\" src=\"http:\/\/agora.xtec.cat\/escolaantoniroig\/wp-content\/uploads\/usu563\/2015\/11\/Cartoon_Camera_clip_art_small.png\" alt=\"fotos\" width=\"39\" height=\"26\" \/><\/a><em>(properament n&#8217;afegirem m\u00e9s)<\/em><\/p>\n","protected":false},"excerpt":{"rendered":"<p>Avui ha estat un dia molt intens. Al mat\u00ed tots els nens i nenes han\u00a0seguit la tradici\u00f3 de menjar un [&hellip;]<\/p>\n","protected":false},"author":1,"featured_media":2059,"comment_status":"open","ping_status":"open","sticky":false,"template":"","format":"standard","meta":{"_bbp_topic_count":0,"_bbp_reply_count":0,"_bbp_total_topic_count":0,"_bbp_total_reply_count":0,"_bbp_voice_count":0,"_bbp_anonymous_reply_count":0,"_bbp_topic_count_hidden":0,"_bbp_reply_count_hidden":0,"_bbp_forum_subforum_count":0,"site-sidebar-layout":"default","site-content-layout":"","ast-site-content-layout":"","site-content-style":"default","site-sidebar-style":"default","ast-global-header-display":"","ast-banner-title-visibility":"","ast-main-header-display":"","ast-hfb-above-header-display":"","ast-hfb-below-header-display":"","ast-hfb-mobile-header-display":"","site-post-title":"","ast-breadcrumbs-content":"","ast-featured-img":"","footer-sml-layout":"","theme-transparent-header-meta":"","adv-header-id-meta":"","stick-header-meta":"","header-above-stick-meta":"","header-main-stick-meta":"","header-below-stick-meta":"","astra-migrate-meta-layouts":"default","ast-page-background-enabled":"default","ast-page-background-meta":{"desktop":{"background-color":"var(--ast-global-color-4)","background-image":"","background-repeat":"repeat","background-position":"center center","background-size":"auto","background-attachment":"scroll","background-type":"","background-media":"","overlay-type":"","overlay-color":"","overlay-opacity":"","overlay-gradient":""},"tablet":{"background-color":"","background-image":"","background-repeat":"repeat","background-position":"center center","background-size":"auto","background-attachment":"scroll","background-type":"","background-media":"","overlay-type":"","overlay-color":"","overlay-opacity":"","overlay-gradient":""},"mobile":{"background-color":"","background-image":"","background-repeat":"repeat","background-position":"center center","background-size":"auto","background-attachment":"scroll","background-type":"","background-media":"","overlay-type":"","overlay-color":"","overlay-opacity":"","overlay-gradient":""}},"ast-content-background-meta":{"desktop":{"background-color":"var(--ast-global-color-5)","background-image":"","background-repeat":"repeat","background-position":"center center","background-size":"auto","background-attachment":"scroll","background-type":"","background-media":"","overlay-type":"","overlay-color":"","overlay-opacity":"","overlay-gradient":""},"tablet":{"background-color":"var(--ast-global-color-5)","background-image":"","background-repeat":"repeat","background-position":"center center","background-size":"auto","background-attachment":"scroll","background-type":"","background-media":"","overlay-type":"","overlay-color":"","overlay-opacity":"","overlay-gradient":""},"mobile":{"background-color":"var(--ast-global-color-5)","background-image":"","background-repeat":"repeat","background-position":"center center","background-size":"auto","background-attachment":"scroll","background-type":"","background-media":"","overlay-type":"","overlay-color":"","overlay-opacity":"","overlay-gradient":""}},"footnotes":""},"categories":[30,31,32,94,29,36,4],"tags":[58,43],"class_list":["post-2053","post","type-post","status-publish","format-standard","has-post-thumbnail","hentry","category-ci","category-cm","category-cs","category-curs-20162017","category-edinf","category-musica","category-portada","tag-carnaval","tag-celebracions"],"post_mailing_queue_ids":[],"_links":{"self":[{"href":"https:\/\/agora.xtec.cat\/escolaantoniroig\/wp-json\/wp\/v2\/posts\/2053","targetHints":{"allow":["GET"]}}],"collection":[{"href":"https:\/\/agora.xtec.cat\/escolaantoniroig\/wp-json\/wp\/v2\/posts"}],"about":[{"href":"https:\/\/agora.xtec.cat\/escolaantoniroig\/wp-json\/wp\/v2\/types\/post"}],"author":[{"embeddable":true,"href":"https:\/\/agora.xtec.cat\/escolaantoniroig\/wp-json\/wp\/v2\/users\/1"}],"replies":[{"embeddable":true,"href":"https:\/\/agora.xtec.cat\/escolaantoniroig\/wp-json\/wp\/v2\/comments?post=2053"}],"version-history":[{"count":3,"href":"https:\/\/agora.xtec.cat\/escolaantoniroig\/wp-json\/wp\/v2\/posts\/2053\/revisions"}],"predecessor-version":[{"id":2064,"href":"https:\/\/agora.xtec.cat\/escolaantoniroig\/wp-json\/wp\/v2\/posts\/2053\/revisions\/2064"}],"wp:featuredmedia":[{"embeddable":true,"href":"https:\/\/agora.xtec.cat\/escolaantoniroig\/wp-json\/wp\/v2\/media\/2059"}],"wp:attachment":[{"href":"https:\/\/agora.xtec.cat\/escolaantoniroig\/wp-json\/wp\/v2\/media?parent=2053"}],"wp:term":[{"taxonomy":"category","embeddable":true,"href":"https:\/\/agora.xtec.cat\/escolaantoniroig\/wp-json\/wp\/v2\/categories?post=2053"},{"taxonomy":"post_tag","embeddable":true,"href":"https:\/\/agora.xtec.cat\/escolaantoniroig\/wp-json\/wp\/v2\/tags?post=2053"}],"curies":[{"name":"wp","href":"https:\/\/api.w.org\/{rel}","templated":true}]}}