{"id":1801,"date":"2016-12-22T20:31:23","date_gmt":"2016-12-22T19:31:23","guid":{"rendered":"http:\/\/agora.xtec.cat\/escolaantoniroig\/?p=1801"},"modified":"2017-01-19T10:19:43","modified_gmt":"2017-01-19T09:19:43","slug":"celebrem-el-nadal-a-lescola","status":"publish","type":"post","link":"https:\/\/agora.xtec.cat\/escolaantoniroig\/general\/celebrem-el-nadal-a-lescola\/","title":{"rendered":"CELEBREM EL NADAL A L&#8217;ESCOLA"},"content":{"rendered":"<p style=\"text-align: justify;\">Hem finalitzat el primer trimestre amb una jornada plena d&#8217;activitats especials!<\/p>\n<p style=\"text-align: justify;\">Hem iniciat el dia amb el fant\u00e0tic espectacle que tots els alumnes estaven esperant: <strong>el concert dels mestres!!!<\/strong> I amb coreografia inclosa!!! \u00c9s ja tota una tradici\u00f3 de l&#8217;escola!! I cada any ens superem!!!\u00a0 Mireu, mireu&#8230;<\/p>\n<div class=\"ast-oembed-container \" style=\"height: 100%;\"><iframe loading=\"lazy\" title=\"NADALA MESTRES 2016\" width=\"500\" height=\"281\" src=\"https:\/\/www.youtube.com\/embed\/EpUbmCuxkBU?feature=oembed\" frameborder=\"0\" allow=\"accelerometer; autoplay; clipboard-write; encrypted-media; gyroscope; picture-in-picture; web-share\" referrerpolicy=\"strict-origin-when-cross-origin\" allowfullscreen><\/iframe><\/div>\n<p>Els alumnes de CI inicial han fet cagar el ti\u00f3 (els d&#8217;infantil ja ho van fer ahir per no estressar el pobre ti\u00f3 amb tant de cop de bast\u00f3, pobret!). L&#8217;han alimentat tan b\u00e9 aquests dies que els ha cagat un munt de llaminadures bon\u00edssimes! Gr\u00e0cies ti\u00f3!<\/p>\n<p><img loading=\"lazy\" decoding=\"async\" class=\"aligncenter wp-image-1808\" src=\"http:\/\/agora.xtec.cat\/escolaantoniroig\/wp-content\/uploads\/usu563\/2016\/12\/ti\u00f3-1-1024x685.jpg\" alt=\"tio\" width=\"621\" height=\"415\" srcset=\"https:\/\/agora.xtec.cat\/escolaantoniroig\/wp-content\/uploads\/usu563\/2016\/12\/ti\u00f3-1-1024x685.jpg 1024w, https:\/\/agora.xtec.cat\/escolaantoniroig\/wp-content\/uploads\/usu563\/2016\/12\/ti\u00f3-1-300x201.jpg 300w, https:\/\/agora.xtec.cat\/escolaantoniroig\/wp-content\/uploads\/usu563\/2016\/12\/ti\u00f3-1-768x514.jpg 768w, https:\/\/agora.xtec.cat\/escolaantoniroig\/wp-content\/uploads\/usu563\/2016\/12\/ti\u00f3-1.jpg 1936w\" sizes=\"auto, (max-width: 621px) 100vw, 621px\" \/><\/p>\n<p>La resta dels alumnes han celebrat el final de trimestre fent balls, pica-pica, amic invisible&#8230;\u00a0 Despr\u00e9s d&#8217;escriure la carta als Reis!<\/p>\n<p style=\"text-align: justify;\"><img loading=\"lazy\" decoding=\"async\" class=\"aligncenter wp-image-1809\" src=\"http:\/\/agora.xtec.cat\/escolaantoniroig\/wp-content\/uploads\/usu563\/2016\/12\/amic-invisible-1024x685.jpg\" alt=\"amic-invisible\" width=\"601\" height=\"402\" srcset=\"https:\/\/agora.xtec.cat\/escolaantoniroig\/wp-content\/uploads\/usu563\/2016\/12\/amic-invisible-1024x685.jpg 1024w, https:\/\/agora.xtec.cat\/escolaantoniroig\/wp-content\/uploads\/usu563\/2016\/12\/amic-invisible-300x201.jpg 300w, https:\/\/agora.xtec.cat\/escolaantoniroig\/wp-content\/uploads\/usu563\/2016\/12\/amic-invisible-768x514.jpg 768w, https:\/\/agora.xtec.cat\/escolaantoniroig\/wp-content\/uploads\/usu563\/2016\/12\/amic-invisible.jpg 1936w\" sizes=\"auto, (max-width: 601px) 100vw, 601px\" \/><\/p>\n<p style=\"text-align: justify;\"><img loading=\"lazy\" decoding=\"async\" class=\"aligncenter wp-image-1805\" src=\"http:\/\/agora.xtec.cat\/escolaantoniroig\/wp-content\/uploads\/usu563\/2016\/12\/carta-reis-1024x685.jpg\" alt=\"carta-reis\" width=\"613\" height=\"410\" srcset=\"https:\/\/agora.xtec.cat\/escolaantoniroig\/wp-content\/uploads\/usu563\/2016\/12\/carta-reis-1024x685.jpg 1024w, https:\/\/agora.xtec.cat\/escolaantoniroig\/wp-content\/uploads\/usu563\/2016\/12\/carta-reis-300x201.jpg 300w, https:\/\/agora.xtec.cat\/escolaantoniroig\/wp-content\/uploads\/usu563\/2016\/12\/carta-reis-768x514.jpg 768w, https:\/\/agora.xtec.cat\/escolaantoniroig\/wp-content\/uploads\/usu563\/2016\/12\/carta-reis.jpg 1936w\" sizes=\"auto, (max-width: 613px) 100vw, 613px\" \/><\/p>\n<p style=\"text-align: justify;\">Despr\u00e9s han vingut els patges reials escortats per policies locals. Han saludat a tots els nens i nenes i pares i mares al pati de l&#8217;escola.<\/p>\n<p><img loading=\"lazy\" decoding=\"async\" class=\"aligncenter wp-image-1806\" src=\"http:\/\/agora.xtec.cat\/escolaantoniroig\/wp-content\/uploads\/usu563\/2016\/12\/reis1-1024x685.jpg\" alt=\"reis1\" width=\"616\" height=\"412\" srcset=\"https:\/\/agora.xtec.cat\/escolaantoniroig\/wp-content\/uploads\/usu563\/2016\/12\/reis1-1024x685.jpg 1024w, https:\/\/agora.xtec.cat\/escolaantoniroig\/wp-content\/uploads\/usu563\/2016\/12\/reis1-300x201.jpg 300w, https:\/\/agora.xtec.cat\/escolaantoniroig\/wp-content\/uploads\/usu563\/2016\/12\/reis1-768x514.jpg 768w, https:\/\/agora.xtec.cat\/escolaantoniroig\/wp-content\/uploads\/usu563\/2016\/12\/reis1.jpg 1936w\" sizes=\"auto, (max-width: 616px) 100vw, 616px\" \/><\/p>\n<p>Finalment tots els alumnes els han entregat les cartes. Els d&#8217;educaci\u00f3 infantil ho han fet al gimn\u00e0s i els de prim\u00e0ria a les classes. A canvi els patges els han ofert llaminadures.<\/p>\n<p><img loading=\"lazy\" decoding=\"async\" class=\"aligncenter wp-image-1807\" src=\"http:\/\/agora.xtec.cat\/escolaantoniroig\/wp-content\/uploads\/usu563\/2016\/12\/reis2-1024x768.jpg\" alt=\"reis2\" width=\"623\" height=\"467\" srcset=\"https:\/\/agora.xtec.cat\/escolaantoniroig\/wp-content\/uploads\/usu563\/2016\/12\/reis2-1024x768.jpg 1024w, https:\/\/agora.xtec.cat\/escolaantoniroig\/wp-content\/uploads\/usu563\/2016\/12\/reis2-300x225.jpg 300w, https:\/\/agora.xtec.cat\/escolaantoniroig\/wp-content\/uploads\/usu563\/2016\/12\/reis2-768x576.jpg 768w, https:\/\/agora.xtec.cat\/escolaantoniroig\/wp-content\/uploads\/usu563\/2016\/12\/reis2-200x150.jpg 200w, https:\/\/agora.xtec.cat\/escolaantoniroig\/wp-content\/uploads\/usu563\/2016\/12\/reis2.jpg 1632w\" sizes=\"auto, (max-width: 623px) 100vw, 623px\" \/><\/p>\n<p>Voleu veure m\u00e9s fotografies? <a href=\"https:\/\/goo.gl\/photos\/E8vRvyskkGUb8Bdo9\"><strong>Cliqueu aqu\u00ed <img loading=\"lazy\" decoding=\"async\" class=\" wp-image-600 alignnone\" src=\"http:\/\/agora.xtec.cat\/escolaantoniroig\/wp-content\/uploads\/usu563\/2015\/11\/Cartoon_Camera_clip_art_small.png\" alt=\"fotos\" width=\"34\" height=\"23\" \/>\u00a0<\/strong> <\/a>\u00a0(properament n&#8217;afegirem m\u00e9s)<\/p>\n","protected":false},"excerpt":{"rendered":"<p>Hem finalitzat el primer trimestre amb una jornada plena d&#8217;activitats especials! Hem iniciat el dia amb el fant\u00e0tic espectacle que [&hellip;]<\/p>\n","protected":false},"author":1,"featured_media":1807,"comment_status":"open","ping_status":"open","sticky":false,"template":"","format":"standard","meta":{"_bbp_topic_count":0,"_bbp_reply_count":0,"_bbp_total_topic_count":0,"_bbp_total_reply_count":0,"_bbp_voice_count":0,"_bbp_anonymous_reply_count":0,"_bbp_topic_count_hidden":0,"_bbp_reply_count_hidden":0,"_bbp_forum_subforum_count":0,"site-sidebar-layout":"default","site-content-layout":"","ast-site-content-layout":"","site-content-style":"default","site-sidebar-style":"default","ast-global-header-display":"","ast-banner-title-visibility":"","ast-main-header-display":"","ast-hfb-above-header-display":"","ast-hfb-below-header-display":"","ast-hfb-mobile-header-display":"","site-post-title":"","ast-breadcrumbs-content":"","ast-featured-img":"","footer-sml-layout":"","theme-transparent-header-meta":"","adv-header-id-meta":"","stick-header-meta":"","header-above-stick-meta":"","header-main-stick-meta":"","header-below-stick-meta":"","astra-migrate-meta-layouts":"default","ast-page-background-enabled":"default","ast-page-background-meta":{"desktop":{"background-color":"var(--ast-global-color-4)","background-image":"","background-repeat":"repeat","background-position":"center center","background-size":"auto","background-attachment":"scroll","background-type":"","background-media":"","overlay-type":"","overlay-color":"","overlay-opacity":"","overlay-gradient":""},"tablet":{"background-color":"","background-image":"","background-repeat":"repeat","background-position":"center center","background-size":"auto","background-attachment":"scroll","background-type":"","background-media":"","overlay-type":"","overlay-color":"","overlay-opacity":"","overlay-gradient":""},"mobile":{"background-color":"","background-image":"","background-repeat":"repeat","background-position":"center center","background-size":"auto","background-attachment":"scroll","background-type":"","background-media":"","overlay-type":"","overlay-color":"","overlay-opacity":"","overlay-gradient":""}},"ast-content-background-meta":{"desktop":{"background-color":"var(--ast-global-color-5)","background-image":"","background-repeat":"repeat","background-position":"center center","background-size":"auto","background-attachment":"scroll","background-type":"","background-media":"","overlay-type":"","overlay-color":"","overlay-opacity":"","overlay-gradient":""},"tablet":{"background-color":"var(--ast-global-color-5)","background-image":"","background-repeat":"repeat","background-position":"center center","background-size":"auto","background-attachment":"scroll","background-type":"","background-media":"","overlay-type":"","overlay-color":"","overlay-opacity":"","overlay-gradient":""},"mobile":{"background-color":"var(--ast-global-color-5)","background-image":"","background-repeat":"repeat","background-position":"center center","background-size":"auto","background-attachment":"scroll","background-type":"","background-media":"","overlay-type":"","overlay-color":"","overlay-opacity":"","overlay-gradient":""}},"footnotes":""},"categories":[30,31,32,94,29,1,4],"tags":[43,63],"class_list":["post-1801","post","type-post","status-publish","format-standard","has-post-thumbnail","hentry","category-ci","category-cm","category-cs","category-curs-20162017","category-edinf","category-general","category-portada","tag-celebracions","tag-nadal"],"post_mailing_queue_ids":[],"_links":{"self":[{"href":"https:\/\/agora.xtec.cat\/escolaantoniroig\/wp-json\/wp\/v2\/posts\/1801","targetHints":{"allow":["GET"]}}],"collection":[{"href":"https:\/\/agora.xtec.cat\/escolaantoniroig\/wp-json\/wp\/v2\/posts"}],"about":[{"href":"https:\/\/agora.xtec.cat\/escolaantoniroig\/wp-json\/wp\/v2\/types\/post"}],"author":[{"embeddable":true,"href":"https:\/\/agora.xtec.cat\/escolaantoniroig\/wp-json\/wp\/v2\/users\/1"}],"replies":[{"embeddable":true,"href":"https:\/\/agora.xtec.cat\/escolaantoniroig\/wp-json\/wp\/v2\/comments?post=1801"}],"version-history":[{"count":3,"href":"https:\/\/agora.xtec.cat\/escolaantoniroig\/wp-json\/wp\/v2\/posts\/1801\/revisions"}],"predecessor-version":[{"id":1815,"href":"https:\/\/agora.xtec.cat\/escolaantoniroig\/wp-json\/wp\/v2\/posts\/1801\/revisions\/1815"}],"wp:featuredmedia":[{"embeddable":true,"href":"https:\/\/agora.xtec.cat\/escolaantoniroig\/wp-json\/wp\/v2\/media\/1807"}],"wp:attachment":[{"href":"https:\/\/agora.xtec.cat\/escolaantoniroig\/wp-json\/wp\/v2\/media?parent=1801"}],"wp:term":[{"taxonomy":"category","embeddable":true,"href":"https:\/\/agora.xtec.cat\/escolaantoniroig\/wp-json\/wp\/v2\/categories?post=1801"},{"taxonomy":"post_tag","embeddable":true,"href":"https:\/\/agora.xtec.cat\/escolaantoniroig\/wp-json\/wp\/v2\/tags?post=1801"}],"curies":[{"name":"wp","href":"https:\/\/api.w.org\/{rel}","templated":true}]}}