{"id":1761,"date":"2016-12-15T15:59:58","date_gmt":"2016-12-15T14:59:58","guid":{"rendered":"http:\/\/agora.xtec.cat\/escolaantoniroig\/?p=1761"},"modified":"2016-12-30T16:58:33","modified_gmt":"2016-12-30T15:58:33","slug":"actes-de-nadal","status":"publish","type":"post","link":"https:\/\/agora.xtec.cat\/escolaantoniroig\/general\/actes-de-nadal\/","title":{"rendered":"ACTES DE NADAL"},"content":{"rendered":"<h6 style=\"text-align: justify;\"><img loading=\"lazy\" decoding=\"async\" class=\"aligncenter size-full wp-image-1764\" src=\"http:\/\/agora.xtec.cat\/escolaantoniroig\/wp-content\/uploads\/usu563\/2016\/12\/programa-nadal.png\" alt=\"programa-nadal\" width=\"420\" height=\"410\" srcset=\"https:\/\/agora.xtec.cat\/escolaantoniroig\/wp-content\/uploads\/usu563\/2016\/12\/programa-nadal.png 420w, https:\/\/agora.xtec.cat\/escolaantoniroig\/wp-content\/uploads\/usu563\/2016\/12\/programa-nadal-300x293.png 300w\" sizes=\"auto, (max-width: 420px) 100vw, 420px\" \/><\/h6>\n<h6 style=\"text-align: justify;\"><\/h6>\n<h6 style=\"text-align: justify;\"><u>DIVENDRES 16 <\/u><\/h6>\n<p style=\"text-align: justify;\">9.30h Alumnes de 5\u00e8 aniran a la Resid\u00e8ncia Pere Badia a fer activitats de Nadal intergeneracionals.<\/p>\n<p style=\"text-align: justify;\">10.30h El Ti\u00f3 gegant del poble vindr\u00e0 a la nostra escola i els nens i nenes de P3, P4 i P5 el faran cagar.<\/p>\n<h6 style=\"text-align: justify;\"><u>DILLUNS 19 <\/u><\/h6>\n<p style=\"text-align: justify;\">15h\u00a0 <strong>Concert de Nadal<\/strong>. Els alumnes d\u2019<strong>Educaci\u00f3 Infantil<\/strong> oferiran un concert de Nadal al gimn\u00e0s de l\u2019escola. <u>L\u2019activitat \u00e9s oberta a les fam\u00edlies<\/u>.<\/p>\n<h6 style=\"text-align: justify;\"><u>DIMARTS 20<\/u><\/h6>\n<p style=\"text-align: justify;\">15h\u00a0 <strong>Concert de Nadal<\/strong>. Els alumnes de <strong>1r, 2n i 3r<\/strong> oferiran un concert de Nadal al gimn\u00e0s de l\u2019escola. <u>L\u2019activitat \u00e9s oberta a les fam\u00edlies<\/u>.<\/p>\n<h6 style=\"text-align: justify;\"><u>DIMECRES 21<\/u><\/h6>\n<p style=\"text-align: justify;\">Al llarg del mat\u00ed i la tarda, els nens i nenes de P3, P4 i P5 faran cagar el Ti\u00f3 de l\u2019escola.<\/p>\n<p style=\"text-align: justify;\">15h\u00a0 <strong>Concert de Nadal<\/strong>. Els alumnes de <strong>4t, 5\u00e8 i 6\u00e8<\/strong> oferiran un concert de Nadal al gimn\u00e0s de l\u2019escola. <u>L\u2019activitat \u00e9s oberta a les fam\u00edlies<\/u>.<\/p>\n<h6 style=\"text-align: justify;\"><u>DIJOUS 22<\/u><\/h6>\n<p style=\"text-align: justify;\">9.30h Els mestres de l\u2019escola Antoni Roig cantaran nadales per a tots els alumnes al gimn\u00e0s.<\/p>\n<p style=\"text-align: justify;\">11.45h Els <strong>Patges Reials<\/strong> de SSMM visitaran la nostra escola. Pares i familiars estan convidats a veure\u2019n l\u2019arribada al pati de prim\u00e0ria.<\/p>\n<p style=\"text-align: justify;\">Tot seguit, els alumnes d\u2019Educaci\u00f3 Infantil aniran al gimn\u00e0s a donar la carta als Patges. <u>Aquesta activitat \u00e9s oberta a les fam\u00edlies<\/u>.<\/p>\n<p style=\"text-align: justify;\">Al llarg del mat\u00ed els alumnes de Cicle Inicial faran cagar el Ti\u00f3.<\/p>\n<p style=\"text-align: justify;\"><strong>Us recordem que els nens surten de l\u2019escola a les 13h, i els que es queden al menjador a les 15h.<\/strong><\/p>\n","protected":false},"excerpt":{"rendered":"<p>DIVENDRES 16 9.30h Alumnes de 5\u00e8 aniran a la Resid\u00e8ncia Pere Badia a fer activitats de Nadal intergeneracionals. 10.30h El [&hellip;]<\/p>\n","protected":false},"author":1,"featured_media":1764,"comment_status":"open","ping_status":"open","sticky":false,"template":"","format":"standard","meta":{"_bbp_topic_count":0,"_bbp_reply_count":0,"_bbp_total_topic_count":0,"_bbp_total_reply_count":0,"_bbp_voice_count":0,"_bbp_anonymous_reply_count":0,"_bbp_topic_count_hidden":0,"_bbp_reply_count_hidden":0,"_bbp_forum_subforum_count":0,"site-sidebar-layout":"default","site-content-layout":"","ast-site-content-layout":"","site-content-style":"default","site-sidebar-style":"default","ast-global-header-display":"","ast-banner-title-visibility":"","ast-main-header-display":"","ast-hfb-above-header-display":"","ast-hfb-below-header-display":"","ast-hfb-mobile-header-display":"","site-post-title":"","ast-breadcrumbs-content":"","ast-featured-img":"","footer-sml-layout":"","theme-transparent-header-meta":"","adv-header-id-meta":"","stick-header-meta":"","header-above-stick-meta":"","header-main-stick-meta":"","header-below-stick-meta":"","astra-migrate-meta-layouts":"default","ast-page-background-enabled":"default","ast-page-background-meta":{"desktop":{"background-color":"var(--ast-global-color-4)","background-image":"","background-repeat":"repeat","background-position":"center center","background-size":"auto","background-attachment":"scroll","background-type":"","background-media":"","overlay-type":"","overlay-color":"","overlay-opacity":"","overlay-gradient":""},"tablet":{"background-color":"","background-image":"","background-repeat":"repeat","background-position":"center center","background-size":"auto","background-attachment":"scroll","background-type":"","background-media":"","overlay-type":"","overlay-color":"","overlay-opacity":"","overlay-gradient":""},"mobile":{"background-color":"","background-image":"","background-repeat":"repeat","background-position":"center center","background-size":"auto","background-attachment":"scroll","background-type":"","background-media":"","overlay-type":"","overlay-color":"","overlay-opacity":"","overlay-gradient":""}},"ast-content-background-meta":{"desktop":{"background-color":"var(--ast-global-color-5)","background-image":"","background-repeat":"repeat","background-position":"center center","background-size":"auto","background-attachment":"scroll","background-type":"","background-media":"","overlay-type":"","overlay-color":"","overlay-opacity":"","overlay-gradient":""},"tablet":{"background-color":"var(--ast-global-color-5)","background-image":"","background-repeat":"repeat","background-position":"center center","background-size":"auto","background-attachment":"scroll","background-type":"","background-media":"","overlay-type":"","overlay-color":"","overlay-opacity":"","overlay-gradient":""},"mobile":{"background-color":"var(--ast-global-color-5)","background-image":"","background-repeat":"repeat","background-position":"center center","background-size":"auto","background-attachment":"scroll","background-type":"","background-media":"","overlay-type":"","overlay-color":"","overlay-opacity":"","overlay-gradient":""}},"footnotes":""},"categories":[30,31,32,94,1,4],"tags":[],"class_list":["post-1761","post","type-post","status-publish","format-standard","has-post-thumbnail","hentry","category-ci","category-cm","category-cs","category-curs-20162017","category-general","category-portada"],"post_mailing_queue_ids":[],"_links":{"self":[{"href":"https:\/\/agora.xtec.cat\/escolaantoniroig\/wp-json\/wp\/v2\/posts\/1761","targetHints":{"allow":["GET"]}}],"collection":[{"href":"https:\/\/agora.xtec.cat\/escolaantoniroig\/wp-json\/wp\/v2\/posts"}],"about":[{"href":"https:\/\/agora.xtec.cat\/escolaantoniroig\/wp-json\/wp\/v2\/types\/post"}],"author":[{"embeddable":true,"href":"https:\/\/agora.xtec.cat\/escolaantoniroig\/wp-json\/wp\/v2\/users\/1"}],"replies":[{"embeddable":true,"href":"https:\/\/agora.xtec.cat\/escolaantoniroig\/wp-json\/wp\/v2\/comments?post=1761"}],"version-history":[{"count":3,"href":"https:\/\/agora.xtec.cat\/escolaantoniroig\/wp-json\/wp\/v2\/posts\/1761\/revisions"}],"predecessor-version":[{"id":1765,"href":"https:\/\/agora.xtec.cat\/escolaantoniroig\/wp-json\/wp\/v2\/posts\/1761\/revisions\/1765"}],"wp:featuredmedia":[{"embeddable":true,"href":"https:\/\/agora.xtec.cat\/escolaantoniroig\/wp-json\/wp\/v2\/media\/1764"}],"wp:attachment":[{"href":"https:\/\/agora.xtec.cat\/escolaantoniroig\/wp-json\/wp\/v2\/media?parent=1761"}],"wp:term":[{"taxonomy":"category","embeddable":true,"href":"https:\/\/agora.xtec.cat\/escolaantoniroig\/wp-json\/wp\/v2\/categories?post=1761"},{"taxonomy":"post_tag","embeddable":true,"href":"https:\/\/agora.xtec.cat\/escolaantoniroig\/wp-json\/wp\/v2\/tags?post=1761"}],"curies":[{"name":"wp","href":"https:\/\/api.w.org\/{rel}","templated":true}]}}