{"id":1642,"date":"2016-11-23T11:25:50","date_gmt":"2016-11-23T10:25:50","guid":{"rendered":"http:\/\/agora.xtec.cat\/escolaantoniroig\/?p=1642"},"modified":"2021-11-19T12:26:55","modified_gmt":"2021-11-19T11:26:55","slug":"concert-de-santa-cecilia-2016","status":"publish","type":"post","link":"https:\/\/agora.xtec.cat\/escolaantoniroig\/portada\/concert-de-santa-cecilia-2016\/","title":{"rendered":"CONCERT DE SANTA CEC\u00cdLIA 2016"},"content":{"rendered":"<p style=\"text-align: justify;\">Avui tots els nens i nenes de l&#8217;escola han gaudit d&#8217;un petit concert a l&#8217;aula de m\u00fasica.<\/p>\n<p style=\"text-align: justify;\">Des de l&#8217;escola pensem que tenir l&#8217;experi\u00e8ncia de viure la m\u00fasica en directe \u00e9s un plaer que s&#8217;ha de cultivar. \u00c9s per aix\u00f2 que cada any preparem aquest concert en el que hi participen alumnes, mestres i algun m\u00fasic convidat.<\/p>\n<p style=\"text-align: justify;\">En aquesta ocasi\u00f3 l&#8217;instrument estrella ha estat l&#8217;arpa. Per\u00f2 a les quatre obres que s&#8217;han interpretat tamb\u00e9 han participat tres guitarres, un piano, un contrabaix, un clarinet i una veu de bar\u00edton.<\/p>\n<p style=\"text-align: justify;\">Tant mestres com alumnes s&#8217;ho han passat molt b\u00e9 i han apreciat l&#8217;esfor\u00e7 dels m\u00fasics.<\/p>\n<p style=\"text-align: justify;\">Feli\u00e7 Santa Cec\u00edlia i ens trobem de nou l&#8217;any vinent<\/p>\n<p style=\"text-align: justify;\"><a href=\"http:\/\/agora.xtec.cat\/escolaantoniroig\/wp-content\/uploads\/usu563\/2016\/11\/sta-cecilia.jpg\"><img loading=\"lazy\" decoding=\"async\" class=\"aligncenter size-full wp-image-1655\" src=\"http:\/\/agora.xtec.cat\/escolaantoniroig\/wp-content\/uploads\/usu563\/2016\/11\/sta-cecilia.jpg\" alt=\"sta-cecilia\" width=\"872\" height=\"575\" srcset=\"https:\/\/agora.xtec.cat\/escolaantoniroig\/wp-content\/uploads\/usu563\/2016\/11\/sta-cecilia.jpg 872w, https:\/\/agora.xtec.cat\/escolaantoniroig\/wp-content\/uploads\/usu563\/2016\/11\/sta-cecilia-300x198.jpg 300w, https:\/\/agora.xtec.cat\/escolaantoniroig\/wp-content\/uploads\/usu563\/2016\/11\/sta-cecilia-768x506.jpg 768w\" sizes=\"auto, (max-width: 872px) 100vw, 872px\" \/><\/a><\/p>\n<p>&nbsp;<\/p>\n<p><iframe loading=\"lazy\" src=\"https:\/\/docs.google.com\/presentation\/d\/e\/2PACX-1vQcWhl57KNDGZk9_083oZ0aZx0s8e72XZSiNsYVXDeDvmmYd-V8sqXUVe8u4rqpqjSDWgmbnB-PKff_\/embed?start=false&amp;loop=false&amp;delayms=3000\" width=\"480\" height=\"299\" frameborder=\"0\" allowfullscreen=\"allowfullscreen\"><\/iframe><\/p>\n<p>&nbsp;<\/p>\n<div class=\"ast-oembed-container \" style=\"height: 100%;\"><iframe loading=\"lazy\" title=\"Patrick&#039;s reel\" width=\"500\" height=\"281\" src=\"https:\/\/www.youtube.com\/embed\/5X0ylHBJf_E?feature=oembed\" frameborder=\"0\" allow=\"accelerometer; autoplay; clipboard-write; encrypted-media; gyroscope; picture-in-picture; web-share\" referrerpolicy=\"strict-origin-when-cross-origin\" allowfullscreen><\/iframe><\/div>\n<div class=\"ast-oembed-container \" style=\"height: 100%;\"><iframe loading=\"lazy\" title=\"Oh! Sinner man\" width=\"500\" height=\"281\" src=\"https:\/\/www.youtube.com\/embed\/KKUTMg-4Drg?feature=oembed\" frameborder=\"0\" allow=\"accelerometer; autoplay; clipboard-write; encrypted-media; gyroscope; picture-in-picture; web-share\" referrerpolicy=\"strict-origin-when-cross-origin\" allowfullscreen><\/iframe><\/div>\n<div class=\"ast-oembed-container \" style=\"height: 100%;\"><iframe loading=\"lazy\" title=\"Love me tender\" width=\"500\" height=\"281\" src=\"https:\/\/www.youtube.com\/embed\/aKdprQlwtpc?feature=oembed\" frameborder=\"0\" allow=\"accelerometer; autoplay; clipboard-write; encrypted-media; gyroscope; picture-in-picture; web-share\" referrerpolicy=\"strict-origin-when-cross-origin\" allowfullscreen><\/iframe><\/div>\n<div class=\"ast-oembed-container \" style=\"height: 100%;\"><iframe loading=\"lazy\" title=\"Nesta Rua\" width=\"500\" height=\"281\" src=\"https:\/\/www.youtube.com\/embed\/v5mVlqjdyxU?feature=oembed\" frameborder=\"0\" allow=\"accelerometer; autoplay; clipboard-write; encrypted-media; gyroscope; picture-in-picture; web-share\" referrerpolicy=\"strict-origin-when-cross-origin\" allowfullscreen><\/iframe><\/div>\n<p>&nbsp;<\/p>\n<p>Voleu veure les fotos del concert? Cliqueu <a href=\"https:\/\/goo.gl\/photos\/Gdwf77pYVLzzTvEp8\">aqu\u00ed <img loading=\"lazy\" decoding=\"async\" class=\" wp-image-600 alignnone\" src=\"http:\/\/agora.xtec.cat\/escolaantoniroig\/wp-content\/uploads\/usu563\/2015\/11\/Cartoon_Camera_clip_art_small.png\" alt=\"fotos\" width=\"36\" height=\"24\" \/><\/a><\/p>\n","protected":false},"excerpt":{"rendered":"<p>Avui tots els nens i nenes de l&#8217;escola han gaudit d&#8217;un petit concert a l&#8217;aula de m\u00fasica. Des de l&#8217;escola [&hellip;]<\/p>\n","protected":false},"author":1,"featured_media":1654,"comment_status":"open","ping_status":"closed","sticky":false,"template":"","format":"standard","meta":{"_bbp_topic_count":0,"_bbp_reply_count":0,"_bbp_total_topic_count":0,"_bbp_total_reply_count":0,"_bbp_voice_count":0,"_bbp_anonymous_reply_count":0,"_bbp_topic_count_hidden":0,"_bbp_reply_count_hidden":0,"_bbp_forum_subforum_count":0,"site-sidebar-layout":"default","site-content-layout":"","ast-site-content-layout":"","site-content-style":"default","site-sidebar-style":"default","ast-global-header-display":"","ast-banner-title-visibility":"","ast-main-header-display":"","ast-hfb-above-header-display":"","ast-hfb-below-header-display":"","ast-hfb-mobile-header-display":"","site-post-title":"","ast-breadcrumbs-content":"","ast-featured-img":"","footer-sml-layout":"","theme-transparent-header-meta":"","adv-header-id-meta":"","stick-header-meta":"","header-above-stick-meta":"","header-main-stick-meta":"","header-below-stick-meta":"","astra-migrate-meta-layouts":"default","ast-page-background-enabled":"default","ast-page-background-meta":{"desktop":{"background-color":"var(--ast-global-color-4)","background-image":"","background-repeat":"repeat","background-position":"center center","background-size":"auto","background-attachment":"scroll","background-type":"","background-media":"","overlay-type":"","overlay-color":"","overlay-opacity":"","overlay-gradient":""},"tablet":{"background-color":"","background-image":"","background-repeat":"repeat","background-position":"center center","background-size":"auto","background-attachment":"scroll","background-type":"","background-media":"","overlay-type":"","overlay-color":"","overlay-opacity":"","overlay-gradient":""},"mobile":{"background-color":"","background-image":"","background-repeat":"repeat","background-position":"center center","background-size":"auto","background-attachment":"scroll","background-type":"","background-media":"","overlay-type":"","overlay-color":"","overlay-opacity":"","overlay-gradient":""}},"ast-content-background-meta":{"desktop":{"background-color":"var(--ast-global-color-5)","background-image":"","background-repeat":"repeat","background-position":"center center","background-size":"auto","background-attachment":"scroll","background-type":"","background-media":"","overlay-type":"","overlay-color":"","overlay-opacity":"","overlay-gradient":""},"tablet":{"background-color":"var(--ast-global-color-5)","background-image":"","background-repeat":"repeat","background-position":"center center","background-size":"auto","background-attachment":"scroll","background-type":"","background-media":"","overlay-type":"","overlay-color":"","overlay-opacity":"","overlay-gradient":""},"mobile":{"background-color":"var(--ast-global-color-5)","background-image":"","background-repeat":"repeat","background-position":"center center","background-size":"auto","background-attachment":"scroll","background-type":"","background-media":"","overlay-type":"","overlay-color":"","overlay-opacity":"","overlay-gradient":""}},"footnotes":""},"categories":[30,31,32,94,170,29,36,4],"tags":[43,47,48],"class_list":["post-1642","post","type-post","status-publish","format-standard","has-post-thumbnail","hentry","category-ci","category-cm","category-cs","category-curs-20162017","category-educacio-artistica","category-edinf","category-musica","category-portada","tag-celebracions","tag-concert","tag-musica"],"post_mailing_queue_ids":[],"_links":{"self":[{"href":"https:\/\/agora.xtec.cat\/escolaantoniroig\/wp-json\/wp\/v2\/posts\/1642","targetHints":{"allow":["GET"]}}],"collection":[{"href":"https:\/\/agora.xtec.cat\/escolaantoniroig\/wp-json\/wp\/v2\/posts"}],"about":[{"href":"https:\/\/agora.xtec.cat\/escolaantoniroig\/wp-json\/wp\/v2\/types\/post"}],"author":[{"embeddable":true,"href":"https:\/\/agora.xtec.cat\/escolaantoniroig\/wp-json\/wp\/v2\/users\/1"}],"replies":[{"embeddable":true,"href":"https:\/\/agora.xtec.cat\/escolaantoniroig\/wp-json\/wp\/v2\/comments?post=1642"}],"version-history":[{"count":4,"href":"https:\/\/agora.xtec.cat\/escolaantoniroig\/wp-json\/wp\/v2\/posts\/1642\/revisions"}],"predecessor-version":[{"id":1661,"href":"https:\/\/agora.xtec.cat\/escolaantoniroig\/wp-json\/wp\/v2\/posts\/1642\/revisions\/1661"}],"wp:featuredmedia":[{"embeddable":true,"href":"https:\/\/agora.xtec.cat\/escolaantoniroig\/wp-json\/wp\/v2\/media\/1654"}],"wp:attachment":[{"href":"https:\/\/agora.xtec.cat\/escolaantoniroig\/wp-json\/wp\/v2\/media?parent=1642"}],"wp:term":[{"taxonomy":"category","embeddable":true,"href":"https:\/\/agora.xtec.cat\/escolaantoniroig\/wp-json\/wp\/v2\/categories?post=1642"},{"taxonomy":"post_tag","embeddable":true,"href":"https:\/\/agora.xtec.cat\/escolaantoniroig\/wp-json\/wp\/v2\/tags?post=1642"}],"curies":[{"name":"wp","href":"https:\/\/api.w.org\/{rel}","templated":true}]}}