{"id":1577,"date":"2016-11-10T13:34:30","date_gmt":"2016-11-10T12:34:30","guid":{"rendered":"http:\/\/agora.xtec.cat\/escolaantoniroig\/?p=1577"},"modified":"2016-11-12T19:48:40","modified_gmt":"2016-11-12T18:48:40","slug":"eleccions-al-consell-escolar","status":"publish","type":"post","link":"https:\/\/agora.xtec.cat\/escolaantoniroig\/general\/eleccions-al-consell-escolar\/","title":{"rendered":"ELECCIONS AL CONSELL ESCOLAR"},"content":{"rendered":"<p><img loading=\"lazy\" decoding=\"async\" class=\"aligncenter wp-image-1579\" src=\"http:\/\/agora.xtec.cat\/escolaantoniroig\/wp-content\/uploads\/usu563\/2016\/11\/eleccionsconsellescolar.png\" alt=\"eleccionsconsellescolar\" width=\"159\" height=\"121\" srcset=\"https:\/\/agora.xtec.cat\/escolaantoniroig\/wp-content\/uploads\/usu563\/2016\/11\/eleccionsconsellescolar.png 480w, https:\/\/agora.xtec.cat\/escolaantoniroig\/wp-content\/uploads\/usu563\/2016\/11\/eleccionsconsellescolar-300x228.png 300w\" sizes=\"auto, (max-width: 159px) 100vw, 159px\" \/><\/p>\n<p style=\"text-align: justify;\">S\u2019ha iniciat el proc\u00e9s de les\u00a0<b>Eleccions al Consell Escolar<\/b>.<\/p>\n<p style=\"text-align: justify;\">El Consell Escolar \u00e9s l\u2019<span style=\"text-decoration: underline;\">\u00f2rgan de participaci\u00f3 de la comunitat educativa en el centre.<\/span><\/p>\n<p style=\"text-align: justify;\">Tots els pares, mares o tutors tenen el dret i el deure de participar a les votacions.<\/p>\n<p style=\"text-align: justify;\">Si el vostre horari de treball coincideix amb el de les votacions, es facilitar\u00e0 un justificant. Per poder votar s\u2019ha de portar el DNI o el passaport.<\/p>\n<p style=\"text-align: justify;\">Tots els pares, mares o tutors dels alumnes s\u00f3n electors i es poden presentar com a candidats.<\/p>\n<h5><\/h5>\n<h5><strong>CALENDARI<\/strong> <strong>ELECTORAL- ESCOLA ANTONI ROIG<\/strong><\/h5>\n<table class=\" aligncenter\" style=\"height: 907px; border-color: #000000; background-color: #dbd7d7;\" width=\"452\">\n<tbody>\n<tr>\n<td width=\"132\">9 de novembre<\/td>\n<td width=\"387\"><\/td>\n<td width=\"151\">Comproveu les vostres dades exposades al taul\u00f3 d\u2019anuncis de l\u2019escola.<\/td>\n<\/tr>\n<tr>\n<td width=\"132\">10, 11 i 14 de novembre<\/td>\n<td width=\"387\">Reclamacions al cens.<\/td>\n<td width=\"151\">De 12h a 13h a secretaria.<\/td>\n<\/tr>\n<tr>\n<td width=\"132\">14 de novembre<\/td>\n<td width=\"387\">Sorteig per designar els membres de les meses electorals.<\/td>\n<td width=\"151\">A les 9h<\/td>\n<\/tr>\n<tr>\n<td width=\"132\">15 de novembre<\/td>\n<td width=\"387\">Publicaci\u00f3 del cens definitiu.<\/p>\n<p>Constituci\u00f3 de les meses.<\/td>\n<td width=\"151\">A les 15h<\/td>\n<\/tr>\n<tr>\n<td width=\"132\">Del 16 al 22 novembre<\/td>\n<td width=\"387\">Presentaci\u00f3 de candidatures.<\/p>\n<p>(Recolliu model a secretaria)<\/td>\n<td width=\"151\">De 9h a 13h<\/td>\n<\/tr>\n<tr>\n<td width=\"132\">23 de novembre<\/td>\n<td width=\"387\">Publicaci\u00f3 de candidatures.<\/td>\n<td width=\"151\">Al taul\u00f3 d\u2019anuncis.<\/td>\n<\/tr>\n<tr>\n<td width=\"132\">Fins el 24 de novembre<\/td>\n<td width=\"387\">Presentaci\u00f3 de sol.licitud per actuar com a supervisor de les meses electorals respectives.<\/p>\n<p>(Recolliu model a secretaria)<\/td>\n<td width=\"151\">De 9h a 13h<\/td>\n<\/tr>\n<tr>\n<td width=\"132\">28 de novembre<\/td>\n<td width=\"387\">Elecci\u00f3 de Mestres.<\/td>\n<td width=\"151\">De 12.30h a les 13.30h<\/td>\n<\/tr>\n<tr>\n<td width=\"132\">30 de novembre<\/td>\n<td width=\"387\">Elecci\u00f3 de Pares.<\/td>\n<td width=\"151\">De 16h a 18h<\/td>\n<\/tr>\n<tr>\n<td width=\"132\">Fins el 7 de desembre si s\u2019escau<\/td>\n<td width=\"387\">Notificaci\u00f3 representant de l\u2019Ajuntament.<\/p>\n<p>Notificaci\u00f3 representant de l\u2019AMPA.<\/td>\n<td width=\"151\"><\/td>\n<\/tr>\n<tr>\n<td width=\"132\">14 de desembre<\/td>\n<td width=\"387\">Constituci\u00f3 del Consell Escolar.<\/td>\n<td width=\"151\">A les 19h<\/td>\n<\/tr>\n<\/tbody>\n<\/table>\n<p>&nbsp;<\/p>\n<p style=\"text-align: justify;\"><strong>Des de l\u2019escola us recomanem que consulteu tota la informaci\u00f3 al seg\u00fcent web i us animem a participar en el proc\u00e9s.<\/strong><em><br \/>\n<\/em><\/p>\n<p style=\"text-align: justify;\"><em><a href=\"http:\/\/familiaiescola.gencat.cat\/ca\/recomanacions\/recomanacions\/eleccions_als_consells_escolars\/\" data-saferedirecturl=\"https:\/\/www.google.com\/url?hl=es&amp;q=http:\/\/familiaiescola.gencat.cat\/ca\/recomanacions\/recomanacions\/eleccions_als_consells_escolars\/&amp;source=gmail&amp;ust=1478876852410000&amp;usg=AFQjCNGwdR8H18gc3aFiQusz0y-9yXRAxg\">http:\/\/familiaiescola.gencat.cat\/ca\/recomanacions\/recomanacions\/eleccions_als_consells_escolars\/<\/a><\/em><\/p>\n","protected":false},"excerpt":{"rendered":"<p>S\u2019ha iniciat el proc\u00e9s de les\u00a0Eleccions al Consell Escolar. El Consell Escolar \u00e9s l\u2019\u00f2rgan de participaci\u00f3 de la comunitat educativa [&hellip;]<\/p>\n","protected":false},"author":1,"featured_media":1580,"comment_status":"open","ping_status":"open","sticky":false,"template":"","format":"standard","meta":{"_bbp_topic_count":0,"_bbp_reply_count":0,"_bbp_total_topic_count":0,"_bbp_total_reply_count":0,"_bbp_voice_count":0,"_bbp_anonymous_reply_count":0,"_bbp_topic_count_hidden":0,"_bbp_reply_count_hidden":0,"_bbp_forum_subforum_count":0,"site-sidebar-layout":"default","site-content-layout":"","ast-site-content-layout":"","site-content-style":"default","site-sidebar-style":"default","ast-global-header-display":"","ast-banner-title-visibility":"","ast-main-header-display":"","ast-hfb-above-header-display":"","ast-hfb-below-header-display":"","ast-hfb-mobile-header-display":"","site-post-title":"","ast-breadcrumbs-content":"","ast-featured-img":"","footer-sml-layout":"","theme-transparent-header-meta":"","adv-header-id-meta":"","stick-header-meta":"","header-above-stick-meta":"","header-main-stick-meta":"","header-below-stick-meta":"","astra-migrate-meta-layouts":"default","ast-page-background-enabled":"default","ast-page-background-meta":{"desktop":{"background-color":"var(--ast-global-color-4)","background-image":"","background-repeat":"repeat","background-position":"center center","background-size":"auto","background-attachment":"scroll","background-type":"","background-media":"","overlay-type":"","overlay-color":"","overlay-opacity":"","overlay-gradient":""},"tablet":{"background-color":"","background-image":"","background-repeat":"repeat","background-position":"center center","background-size":"auto","background-attachment":"scroll","background-type":"","background-media":"","overlay-type":"","overlay-color":"","overlay-opacity":"","overlay-gradient":""},"mobile":{"background-color":"","background-image":"","background-repeat":"repeat","background-position":"center center","background-size":"auto","background-attachment":"scroll","background-type":"","background-media":"","overlay-type":"","overlay-color":"","overlay-opacity":"","overlay-gradient":""}},"ast-content-background-meta":{"desktop":{"background-color":"var(--ast-global-color-5)","background-image":"","background-repeat":"repeat","background-position":"center center","background-size":"auto","background-attachment":"scroll","background-type":"","background-media":"","overlay-type":"","overlay-color":"","overlay-opacity":"","overlay-gradient":""},"tablet":{"background-color":"var(--ast-global-color-5)","background-image":"","background-repeat":"repeat","background-position":"center center","background-size":"auto","background-attachment":"scroll","background-type":"","background-media":"","overlay-type":"","overlay-color":"","overlay-opacity":"","overlay-gradient":""},"mobile":{"background-color":"var(--ast-global-color-5)","background-image":"","background-repeat":"repeat","background-position":"center center","background-size":"auto","background-attachment":"scroll","background-type":"","background-media":"","overlay-type":"","overlay-color":"","overlay-opacity":"","overlay-gradient":""}},"footnotes":""},"categories":[94,1,4],"tags":[104],"class_list":["post-1577","post","type-post","status-publish","format-standard","has-post-thumbnail","hentry","category-curs-20162017","category-general","category-portada","tag-consell-escolar"],"post_mailing_queue_ids":[],"_links":{"self":[{"href":"https:\/\/agora.xtec.cat\/escolaantoniroig\/wp-json\/wp\/v2\/posts\/1577","targetHints":{"allow":["GET"]}}],"collection":[{"href":"https:\/\/agora.xtec.cat\/escolaantoniroig\/wp-json\/wp\/v2\/posts"}],"about":[{"href":"https:\/\/agora.xtec.cat\/escolaantoniroig\/wp-json\/wp\/v2\/types\/post"}],"author":[{"embeddable":true,"href":"https:\/\/agora.xtec.cat\/escolaantoniroig\/wp-json\/wp\/v2\/users\/1"}],"replies":[{"embeddable":true,"href":"https:\/\/agora.xtec.cat\/escolaantoniroig\/wp-json\/wp\/v2\/comments?post=1577"}],"version-history":[{"count":3,"href":"https:\/\/agora.xtec.cat\/escolaantoniroig\/wp-json\/wp\/v2\/posts\/1577\/revisions"}],"predecessor-version":[{"id":1588,"href":"https:\/\/agora.xtec.cat\/escolaantoniroig\/wp-json\/wp\/v2\/posts\/1577\/revisions\/1588"}],"wp:featuredmedia":[{"embeddable":true,"href":"https:\/\/agora.xtec.cat\/escolaantoniroig\/wp-json\/wp\/v2\/media\/1580"}],"wp:attachment":[{"href":"https:\/\/agora.xtec.cat\/escolaantoniroig\/wp-json\/wp\/v2\/media?parent=1577"}],"wp:term":[{"taxonomy":"category","embeddable":true,"href":"https:\/\/agora.xtec.cat\/escolaantoniroig\/wp-json\/wp\/v2\/categories?post=1577"},{"taxonomy":"post_tag","embeddable":true,"href":"https:\/\/agora.xtec.cat\/escolaantoniroig\/wp-json\/wp\/v2\/tags?post=1577"}],"curies":[{"name":"wp","href":"https:\/\/api.w.org\/{rel}","templated":true}]}}