{"id":1486,"date":"2016-10-26T09:53:29","date_gmt":"2016-10-26T07:53:29","guid":{"rendered":"http:\/\/agora.xtec.cat\/escolaantoniroig\/?p=1486"},"modified":"2016-10-27T22:46:19","modified_gmt":"2016-10-27T20:46:19","slug":"celebrem-la-castanyada","status":"publish","type":"post","link":"https:\/\/agora.xtec.cat\/escolaantoniroig\/general\/celebrem-la-castanyada\/","title":{"rendered":"CELEBREM LA CASTANYADA!!!"},"content":{"rendered":"<p style=\"text-align: justify;\"><img loading=\"lazy\" decoding=\"async\" class=\"aligncenter wp-image-1494\" src=\"http:\/\/agora.xtec.cat\/escolaantoniroig\/wp-content\/uploads\/usu563\/2016\/10\/IMG_20161026_105418067_HDR.jpg\" alt=\"img_20161026_105418067_hdr\" width=\"456\" height=\"257\" srcset=\"https:\/\/agora.xtec.cat\/escolaantoniroig\/wp-content\/uploads\/usu563\/2016\/10\/IMG_20161026_105418067_HDR.jpg 3264w, https:\/\/agora.xtec.cat\/escolaantoniroig\/wp-content\/uploads\/usu563\/2016\/10\/IMG_20161026_105418067_HDR-300x169.jpg 300w, https:\/\/agora.xtec.cat\/escolaantoniroig\/wp-content\/uploads\/usu563\/2016\/10\/IMG_20161026_105418067_HDR-768x432.jpg 768w, https:\/\/agora.xtec.cat\/escolaantoniroig\/wp-content\/uploads\/usu563\/2016\/10\/IMG_20161026_105418067_HDR-1024x576.jpg 1024w\" sizes=\"auto, (max-width: 456px) 100vw, 456px\" \/><\/p>\n<p style=\"text-align: justify;\">Dijous 27 els alumnes de P5 i 1r realitzaran junts un taller de cuina. Faran panellets i segur que els quedaran bon\u00edssims!!!<\/p>\n<p style=\"text-align: justify;\"><img loading=\"lazy\" decoding=\"async\" class=\"aligncenter wp-image-1501\" src=\"http:\/\/agora.xtec.cat\/escolaantoniroig\/wp-content\/uploads\/usu563\/2016\/10\/panellets2.jpg\" alt=\"panellets2\" width=\"149\" height=\"99\" srcset=\"https:\/\/agora.xtec.cat\/escolaantoniroig\/wp-content\/uploads\/usu563\/2016\/10\/panellets2.jpg 516w, https:\/\/agora.xtec.cat\/escolaantoniroig\/wp-content\/uploads\/usu563\/2016\/10\/panellets2-300x200.jpg 300w\" sizes=\"auto, (max-width: 149px) 100vw, 149px\" \/><\/p>\n<p style=\"text-align: justify;\">Divendres 28 al mat\u00ed tots els alumnes de l&#8217;escola faran una s\u00e8rie de tallers relacionats amb la tardor i la castanyada.<\/p>\n<table class=\" aligncenter\" style=\"height: 481px; border-color: #050505;\" width=\"356\">\n<tbody>\n<tr>\n<td>CICLE<\/td>\n<td>TALLERS<\/td>\n<\/tr>\n<tr>\n<td>Ed. Infantil<\/td>\n<td>\n<ul>\n<li>Manipulem moniatos<\/li>\n<li>Estampem amb moniatos<\/li>\n<li>Tastem els\u00a0 moniatos!!<\/li>\n<\/ul>\n<\/td>\n<\/tr>\n<tr>\n<td>Cicle Inicial<\/td>\n<td>\n<ul>\n<li>Dissenyem el nostre moniato.<\/li>\n<li>Contea nimat de la Castanyera<\/li>\n<li>Decorem les capses i paperines<\/li>\n<\/ul>\n<\/td>\n<\/tr>\n<tr>\n<td>Cicle mitj\u00e0<\/td>\n<td>\n<ul>\n<li>Dansa de la tardor<\/li>\n<li>Descobrim els fruits de la tardor<\/li>\n<li>Estampem amb moniatos<\/li>\n<\/ul>\n<\/td>\n<\/tr>\n<tr>\n<td>Cicle Superior<\/td>\n<td>\n<ul>\n<li>Taller de torretes amb moniatos<\/li>\n<li>Mural de tardor<\/li>\n<li>Taller sobre Tots Sants i els difunts.<\/li>\n<\/ul>\n<\/td>\n<\/tr>\n<\/tbody>\n<\/table>\n<p style=\"text-align: justify;\">Els alumnes de 6\u00e8 tamb\u00e9 participaran al tradicional concurs de <em>Jack&#8217;o&#8217;lanterns. <\/em>Les carabasses estaran exposades al passad\u00eds amb una decoraci\u00f3 t\u00edpica de Halloween ja que \u00e9s un dels continguts que es treballen dins l&#8217;\u00e0rea de llengua anglesa. La resta d&#8217;alumnes visitaran l&#8217;exposici\u00f3 (els m\u00e9s grans potser s&#8217;emportaran alg\u00fan ensurt) i posteriorment votaran la carabassa guanyadora.<\/p>\n<p style=\"text-align: justify;\"><img loading=\"lazy\" decoding=\"async\" class=\"aligncenter wp-image-1492\" src=\"http:\/\/agora.xtec.cat\/escolaantoniroig\/wp-content\/uploads\/usu563\/2016\/10\/Gifs-Animados-Halloween-23.gif\" alt=\"gifs-animados-halloween-23\" width=\"99\" height=\"118\" \/><\/p>\n<p style=\"text-align: justify;\">I finalment a la tarda anirem al pati, on els alumnes de 6\u00e8 dirigiran la presentaci\u00f3 dels tallers realitzats. Cantarem can\u00e7ons i ens menjarem les castanyes ben torradetes!!!<\/p>\n<p style=\"text-align: justify;\"><img loading=\"lazy\" decoding=\"async\" class=\"aligncenter wp-image-1489\" src=\"http:\/\/agora.xtec.cat\/escolaantoniroig\/wp-content\/uploads\/usu563\/2016\/10\/casta\u00f1as.gif\" alt=\"castanas\" width=\"169\" height=\"154\" \/><\/p>\n","protected":false},"excerpt":{"rendered":"<p>Resum de les activitats programades per celebrar la castanyada<\/p>\n","protected":false},"author":1,"featured_media":1494,"comment_status":"open","ping_status":"open","sticky":false,"template":"","format":"standard","meta":{"_bbp_topic_count":0,"_bbp_reply_count":0,"_bbp_total_topic_count":0,"_bbp_total_reply_count":0,"_bbp_voice_count":0,"_bbp_anonymous_reply_count":0,"_bbp_topic_count_hidden":0,"_bbp_reply_count_hidden":0,"_bbp_forum_subforum_count":0,"site-sidebar-layout":"default","site-content-layout":"","ast-site-content-layout":"","site-content-style":"default","site-sidebar-style":"default","ast-global-header-display":"","ast-banner-title-visibility":"","ast-main-header-display":"","ast-hfb-above-header-display":"","ast-hfb-below-header-display":"","ast-hfb-mobile-header-display":"","site-post-title":"","ast-breadcrumbs-content":"","ast-featured-img":"","footer-sml-layout":"","theme-transparent-header-meta":"","adv-header-id-meta":"","stick-header-meta":"","header-above-stick-meta":"","header-main-stick-meta":"","header-below-stick-meta":"","astra-migrate-meta-layouts":"default","ast-page-background-enabled":"default","ast-page-background-meta":{"desktop":{"background-color":"var(--ast-global-color-4)","background-image":"","background-repeat":"repeat","background-position":"center center","background-size":"auto","background-attachment":"scroll","background-type":"","background-media":"","overlay-type":"","overlay-color":"","overlay-opacity":"","overlay-gradient":""},"tablet":{"background-color":"","background-image":"","background-repeat":"repeat","background-position":"center center","background-size":"auto","background-attachment":"scroll","background-type":"","background-media":"","overlay-type":"","overlay-color":"","overlay-opacity":"","overlay-gradient":""},"mobile":{"background-color":"","background-image":"","background-repeat":"repeat","background-position":"center center","background-size":"auto","background-attachment":"scroll","background-type":"","background-media":"","overlay-type":"","overlay-color":"","overlay-opacity":"","overlay-gradient":""}},"ast-content-background-meta":{"desktop":{"background-color":"var(--ast-global-color-5)","background-image":"","background-repeat":"repeat","background-position":"center center","background-size":"auto","background-attachment":"scroll","background-type":"","background-media":"","overlay-type":"","overlay-color":"","overlay-opacity":"","overlay-gradient":""},"tablet":{"background-color":"var(--ast-global-color-5)","background-image":"","background-repeat":"repeat","background-position":"center center","background-size":"auto","background-attachment":"scroll","background-type":"","background-media":"","overlay-type":"","overlay-color":"","overlay-opacity":"","overlay-gradient":""},"mobile":{"background-color":"var(--ast-global-color-5)","background-image":"","background-repeat":"repeat","background-position":"center center","background-size":"auto","background-attachment":"scroll","background-type":"","background-media":"","overlay-type":"","overlay-color":"","overlay-opacity":"","overlay-gradient":""}},"footnotes":""},"categories":[30,31,32,94,1,4],"tags":[],"class_list":["post-1486","post","type-post","status-publish","format-standard","has-post-thumbnail","hentry","category-ci","category-cm","category-cs","category-curs-20162017","category-general","category-portada"],"post_mailing_queue_ids":[],"_links":{"self":[{"href":"https:\/\/agora.xtec.cat\/escolaantoniroig\/wp-json\/wp\/v2\/posts\/1486","targetHints":{"allow":["GET"]}}],"collection":[{"href":"https:\/\/agora.xtec.cat\/escolaantoniroig\/wp-json\/wp\/v2\/posts"}],"about":[{"href":"https:\/\/agora.xtec.cat\/escolaantoniroig\/wp-json\/wp\/v2\/types\/post"}],"author":[{"embeddable":true,"href":"https:\/\/agora.xtec.cat\/escolaantoniroig\/wp-json\/wp\/v2\/users\/1"}],"replies":[{"embeddable":true,"href":"https:\/\/agora.xtec.cat\/escolaantoniroig\/wp-json\/wp\/v2\/comments?post=1486"}],"version-history":[{"count":4,"href":"https:\/\/agora.xtec.cat\/escolaantoniroig\/wp-json\/wp\/v2\/posts\/1486\/revisions"}],"predecessor-version":[{"id":1502,"href":"https:\/\/agora.xtec.cat\/escolaantoniroig\/wp-json\/wp\/v2\/posts\/1486\/revisions\/1502"}],"wp:featuredmedia":[{"embeddable":true,"href":"https:\/\/agora.xtec.cat\/escolaantoniroig\/wp-json\/wp\/v2\/media\/1494"}],"wp:attachment":[{"href":"https:\/\/agora.xtec.cat\/escolaantoniroig\/wp-json\/wp\/v2\/media?parent=1486"}],"wp:term":[{"taxonomy":"category","embeddable":true,"href":"https:\/\/agora.xtec.cat\/escolaantoniroig\/wp-json\/wp\/v2\/categories?post=1486"},{"taxonomy":"post_tag","embeddable":true,"href":"https:\/\/agora.xtec.cat\/escolaantoniroig\/wp-json\/wp\/v2\/tags?post=1486"}],"curies":[{"name":"wp","href":"https:\/\/api.w.org\/{rel}","templated":true}]}}