{"id":11287,"date":"2025-11-10T10:18:48","date_gmt":"2025-11-10T09:18:48","guid":{"rendered":"https:\/\/agora.xtec.cat\/escolaantoniroig\/?p=11287"},"modified":"2025-11-10T10:18:49","modified_gmt":"2025-11-10T09:18:49","slug":"diplomes-i-medalles-doctubre","status":"publish","type":"post","link":"https:\/\/agora.xtec.cat\/escolaantoniroig\/general\/diplomes-i-medalles-doctubre\/","title":{"rendered":"DIPLOMES I MEDALLES D&#8217;OCTUBRE"},"content":{"rendered":"\n<p>Seguint la tradici\u00f3 dels darrers cursos, aquest mes de novembre l\u2019alumnat de l\u2019Escola Antoni Roig ha rebut els primers reconeixements.<\/p>\n\n\n\n<p>Cada mes, l&#8217;equip directiu visita les aules i reparteix medalles (I5) i diplomes (prim\u00e0ria) a un petit grup d\u2019alumnes de cada classe.<\/p>\n\n\n\n<p>En aquest mes d\u2019octubre que ja ha finalitzat, s\u2019ha reconegut l<strong>\u2019atenci\u00f3 i la participaci\u00f3 de l&#8217;alumnat de prim\u00e0ria<\/strong> i el <strong>saber compartir<\/strong> a l\u2019alumnat d\u2019I5.\u00a0<\/p>\n\n\n\n<p>\u00c9s un moment en qu\u00e8 l&#8217;alumnat que rep el reconeixement es mostra molt satisfet, i la resta d\u2019alumnes de l\u2019aula mostra l\u2019alegria de veure com una companya o company rep el diploma o la medalla.<\/p>\n\n\n\n<p>A l\u2019Antoni Roig ens esforcem per millorar cada dia i aquesta \u00e9s una iniciativa que fa que l\u2019esfor\u00e7 es vegi valorat i recompensat.<\/p>\n\n\n\n<p><br><\/p>\n\n\n\n<figure class=\"wp-block-image size-full\"><a href=\"https:\/\/agora.xtec.cat\/escolaantoniroig\/wp-content\/uploads\/usu563\/2025\/11\/Diplomes-AR-octubre25.png\"><img loading=\"lazy\" decoding=\"async\" width=\"1000\" height=\"707\" src=\"https:\/\/agora.xtec.cat\/escolaantoniroig\/wp-content\/uploads\/usu563\/2025\/11\/Diplomes-AR-octubre25.png\" alt=\"\" class=\"wp-image-11289\" srcset=\"https:\/\/agora.xtec.cat\/escolaantoniroig\/wp-content\/uploads\/usu563\/2025\/11\/Diplomes-AR-octubre25.png 1000w, https:\/\/agora.xtec.cat\/escolaantoniroig\/wp-content\/uploads\/usu563\/2025\/11\/Diplomes-AR-octubre25-300x212.png 300w, https:\/\/agora.xtec.cat\/escolaantoniroig\/wp-content\/uploads\/usu563\/2025\/11\/Diplomes-AR-octubre25-768x543.png 768w\" sizes=\"auto, (max-width: 1000px) 100vw, 1000px\" \/><\/a><\/figure>\n","protected":false},"excerpt":{"rendered":"<p>Seguint la tradici\u00f3 dels darrers cursos, aquest mes de novembre l\u2019alumnat de l\u2019Escola Antoni Roig ha rebut els primers reconeixements. [&hellip;]<\/p>\n","protected":false},"author":1,"featured_media":11289,"comment_status":"open","ping_status":"open","sticky":false,"template":"","format":"standard","meta":{"_bbp_topic_count":0,"_bbp_reply_count":0,"_bbp_total_topic_count":0,"_bbp_total_reply_count":0,"_bbp_voice_count":0,"_bbp_anonymous_reply_count":0,"_bbp_topic_count_hidden":0,"_bbp_reply_count_hidden":0,"_bbp_forum_subforum_count":0,"site-sidebar-layout":"default","site-content-layout":"","ast-site-content-layout":"default","site-content-style":"default","site-sidebar-style":"default","ast-global-header-display":"","ast-banner-title-visibility":"","ast-main-header-display":"","ast-hfb-above-header-display":"","ast-hfb-below-header-display":"","ast-hfb-mobile-header-display":"","site-post-title":"","ast-breadcrumbs-content":"","ast-featured-img":"","footer-sml-layout":"","theme-transparent-header-meta":"","adv-header-id-meta":"","stick-header-meta":"","header-above-stick-meta":"","header-main-stick-meta":"","header-below-stick-meta":"","astra-migrate-meta-layouts":"set","ast-page-background-enabled":"default","ast-page-background-meta":{"desktop":{"background-color":"var(--ast-global-color-4)","background-image":"","background-repeat":"repeat","background-position":"center center","background-size":"auto","background-attachment":"scroll","background-type":"","background-media":"","overlay-type":"","overlay-color":"","overlay-opacity":"","overlay-gradient":""},"tablet":{"background-color":"","background-image":"","background-repeat":"repeat","background-position":"center center","background-size":"auto","background-attachment":"scroll","background-type":"","background-media":"","overlay-type":"","overlay-color":"","overlay-opacity":"","overlay-gradient":""},"mobile":{"background-color":"","background-image":"","background-repeat":"repeat","background-position":"center center","background-size":"auto","background-attachment":"scroll","background-type":"","background-media":"","overlay-type":"","overlay-color":"","overlay-opacity":"","overlay-gradient":""}},"ast-content-background-meta":{"desktop":{"background-color":"var(--ast-global-color-5)","background-image":"","background-repeat":"repeat","background-position":"center center","background-size":"auto","background-attachment":"scroll","background-type":"","background-media":"","overlay-type":"","overlay-color":"","overlay-opacity":"","overlay-gradient":""},"tablet":{"background-color":"var(--ast-global-color-5)","background-image":"","background-repeat":"repeat","background-position":"center center","background-size":"auto","background-attachment":"scroll","background-type":"","background-media":"","overlay-type":"","overlay-color":"","overlay-opacity":"","overlay-gradient":""},"mobile":{"background-color":"var(--ast-global-color-5)","background-image":"","background-repeat":"repeat","background-position":"center center","background-size":"auto","background-attachment":"scroll","background-type":"","background-media":"","overlay-type":"","overlay-color":"","overlay-opacity":"","overlay-gradient":""}},"footnotes":""},"categories":[311,1,2,4,5],"tags":[214,215],"class_list":["post-11287","post","type-post","status-publish","format-standard","has-post-thumbnail","hentry","category-curs-2025-2026","category-general","category-infantil","category-portada","category-primaria","tag-diplomes","tag-medalles"],"post_mailing_queue_ids":[],"_links":{"self":[{"href":"https:\/\/agora.xtec.cat\/escolaantoniroig\/wp-json\/wp\/v2\/posts\/11287","targetHints":{"allow":["GET"]}}],"collection":[{"href":"https:\/\/agora.xtec.cat\/escolaantoniroig\/wp-json\/wp\/v2\/posts"}],"about":[{"href":"https:\/\/agora.xtec.cat\/escolaantoniroig\/wp-json\/wp\/v2\/types\/post"}],"author":[{"embeddable":true,"href":"https:\/\/agora.xtec.cat\/escolaantoniroig\/wp-json\/wp\/v2\/users\/1"}],"replies":[{"embeddable":true,"href":"https:\/\/agora.xtec.cat\/escolaantoniroig\/wp-json\/wp\/v2\/comments?post=11287"}],"version-history":[{"count":2,"href":"https:\/\/agora.xtec.cat\/escolaantoniroig\/wp-json\/wp\/v2\/posts\/11287\/revisions"}],"predecessor-version":[{"id":11290,"href":"https:\/\/agora.xtec.cat\/escolaantoniroig\/wp-json\/wp\/v2\/posts\/11287\/revisions\/11290"}],"wp:featuredmedia":[{"embeddable":true,"href":"https:\/\/agora.xtec.cat\/escolaantoniroig\/wp-json\/wp\/v2\/media\/11289"}],"wp:attachment":[{"href":"https:\/\/agora.xtec.cat\/escolaantoniroig\/wp-json\/wp\/v2\/media?parent=11287"}],"wp:term":[{"taxonomy":"category","embeddable":true,"href":"https:\/\/agora.xtec.cat\/escolaantoniroig\/wp-json\/wp\/v2\/categories?post=11287"},{"taxonomy":"post_tag","embeddable":true,"href":"https:\/\/agora.xtec.cat\/escolaantoniroig\/wp-json\/wp\/v2\/tags?post=11287"}],"curies":[{"name":"wp","href":"https:\/\/api.w.org\/{rel}","templated":true}]}}