{"id":1104,"date":"2016-04-22T22:13:10","date_gmt":"2016-04-22T21:13:10","guid":{"rendered":"http:\/\/agora.xtec.cat\/escolaantoniroig\/?p=1104"},"modified":"2016-05-30T11:20:02","modified_gmt":"2016-05-30T10:20:02","slug":"activitats-sant-jordi-2016","status":"publish","type":"post","link":"https:\/\/agora.xtec.cat\/escolaantoniroig\/general\/activitats-sant-jordi-2016\/","title":{"rendered":"ACTIVITATS SANT JORDI 2016"},"content":{"rendered":"<p style=\"text-align: justify;\">Avui tots els alumnes de la nostra escola han realitzat uns tallers internivells relacionats amb la celebraci\u00f3 de la diada de Sant Jordi. La metodologia de treball d&#8217;aquests tallers est\u00e0 enfocada a l&#8217;aprenentatge entre iguals. D&#8217;aquesta manera grans i petits han treballat de manera cooperativa i s&#8217;ho han passat d&#8217;all\u00f2 m\u00e9s b\u00e9.<\/p>\n<p style=\"text-align: justify;\">Han treballat un text literari relacionat amb la llegenda, han fet un punt de llibre molt bonic i han apr\u00e8s una dansa medieval.<\/p>\n<figure id=\"attachment_1122\" aria-describedby=\"caption-attachment-1122\" style=\"width: 300px\" class=\"wp-caption alignleft\"><a href=\"https:\/\/soundcloud.com\/user-623232580\/poema-sant-jordi-tallers-internivells\" target=\"_blank\"><img loading=\"lazy\" decoding=\"async\" class=\"wp-image-1122 size-medium\" src=\"http:\/\/agora.xtec.cat\/escolaantoniroig\/wp-content\/uploads\/usu563\/2016\/04\/st-j-300x203.png\" alt=\"\" width=\"300\" height=\"203\" srcset=\"https:\/\/agora.xtec.cat\/escolaantoniroig\/wp-content\/uploads\/usu563\/2016\/04\/st-j-300x203.png 300w, https:\/\/agora.xtec.cat\/escolaantoniroig\/wp-content\/uploads\/usu563\/2016\/04\/st-j.png 701w\" sizes=\"auto, (max-width: 300px) 100vw, 300px\" \/><\/a><figcaption id=\"caption-attachment-1122\" class=\"wp-caption-text\">Poema de Sant Jordi<\/figcaption><\/figure>\n<figure id=\"attachment_1132\" aria-describedby=\"caption-attachment-1132\" style=\"width: 297px\" class=\"wp-caption alignleft\"><img loading=\"lazy\" decoding=\"async\" class=\"wp-image-1132\" src=\"http:\/\/agora.xtec.cat\/escolaantoniroig\/wp-content\/uploads\/usu563\/2016\/04\/IMG_20160422_150505020.jpg\" alt=\"IMG_20160422_150505020\" width=\"297\" height=\"167\" srcset=\"https:\/\/agora.xtec.cat\/escolaantoniroig\/wp-content\/uploads\/usu563\/2016\/04\/IMG_20160422_150505020.jpg 640w, https:\/\/agora.xtec.cat\/escolaantoniroig\/wp-content\/uploads\/usu563\/2016\/04\/IMG_20160422_150505020-300x169.jpg 300w\" sizes=\"auto, (max-width: 297px) 100vw, 297px\" \/><figcaption id=\"caption-attachment-1132\" class=\"wp-caption-text\">Punts de llibrre<\/figcaption><\/figure>\n<p>&nbsp;<\/p>\n<div class=\"ast-oembed-container \" style=\"height: 100%;\"><iframe loading=\"lazy\" title=\"Dansa medieval\" width=\"500\" height=\"281\" src=\"https:\/\/www.youtube.com\/embed\/S7auyx39xho?feature=oembed\" frameborder=\"0\" allow=\"accelerometer; autoplay; clipboard-write; encrypted-media; gyroscope; picture-in-picture; web-share\" referrerpolicy=\"strict-origin-when-cross-origin\" allowfullscreen><\/iframe><\/div>\n<div class=\"ast-oembed-container \" style=\"height: 100%;\"><iframe loading=\"lazy\" title=\"dansa medieval 2\" width=\"500\" height=\"375\" src=\"https:\/\/www.youtube.com\/embed\/5NgsfN3ZhTk?feature=oembed\" frameborder=\"0\" allow=\"accelerometer; autoplay; clipboard-write; encrypted-media; gyroscope; picture-in-picture; web-share\" referrerpolicy=\"strict-origin-when-cross-origin\" allowfullscreen><\/iframe><\/div>\n<p style=\"text-align: justify;\">Podeu veure les fotografies d&#8217;aquests tallers <a href=\"https:\/\/goo.gl\/photos\/v7QTr5HXX9AtUm459\" target=\"_blank\">clicant aqu\u00ed <img loading=\"lazy\" decoding=\"async\" class=\"alignnone  wp-image-600\" src=\"http:\/\/agora.xtec.cat\/escolaantoniroig\/wp-content\/uploads\/usu563\/2015\/11\/Cartoon_Camera_clip_art_small.png\" alt=\"fotos\" width=\"50\" height=\"33\" \/><\/a><\/p>\n<p style=\"text-align: justify;\">Un cop finalitzats els tallers, hem gaudit d&#8217;un bon esmorzar gr\u00e0cies a l&#8217;empresa<em> &#8220;El m\u00e8dol&#8221;<\/em> (que gestiona el menjador ) que ens ha convidat a coca i xocolata. Mmmmmm!!! Bon\u00edssima!!!<\/p>\n<p style=\"text-align: justify;\">A la tarda els alumnes de 5\u00e8 han representat les obres de teatre <em>Els m\u00fasics de Bremen, Pretty Ritty <\/em>i<em> The wolf and the seven little goats. <\/em><\/p>\n<div class=\"ast-oembed-container \" style=\"height: 100%;\"><iframe loading=\"lazy\" title=\"Pretty Ritty\" width=\"500\" height=\"281\" src=\"https:\/\/www.youtube.com\/embed\/Ex99RByhH20?feature=oembed\" frameborder=\"0\" allow=\"accelerometer; autoplay; clipboard-write; encrypted-media; gyroscope; picture-in-picture; web-share\" referrerpolicy=\"strict-origin-when-cross-origin\" allowfullscreen><\/iframe><\/div>\n<div class=\"ast-oembed-container \" style=\"height: 100%;\"><iframe loading=\"lazy\" title=\"Els m\u00fasics de Bremen\" width=\"500\" height=\"281\" src=\"https:\/\/www.youtube.com\/embed\/ZJ5ktmXlHNQ?feature=oembed\" frameborder=\"0\" allow=\"accelerometer; autoplay; clipboard-write; encrypted-media; gyroscope; picture-in-picture; web-share\" referrerpolicy=\"strict-origin-when-cross-origin\" allowfullscreen><\/iframe><\/div>\n<p>Els alumnes de cicle inicial han fet uns bonics complements per &#8220;transformar-se&#8221; en princeses i cavallers.<img loading=\"lazy\" decoding=\"async\" class=\" wp-image-1137  aligncenter\" src=\"http:\/\/agora.xtec.cat\/escolaantoniroig\/wp-content\/uploads\/usu563\/2016\/04\/IMG-20160423-WA0011-768x1024.jpg\" alt=\"IMG-20160423-WA0011\" width=\"275\" height=\"365\" \/><\/p>\n<p>&nbsp;<\/p>\n<p>Al llarg del dia, tots els alumnes han pogut veure les parades dels llibres preferits de les diferents classes, la parada de llibres de la biblioteca i un llibre ben especial creat pels alumnes de sis\u00e8.<\/p>\n<p>I al pati de l&#8217;escola els alumnes de sis\u00e8 han venut roses, punts de llibre i altres manualitats.<\/p>\n<p><a href=\"http:\/\/agora.xtec.cat\/escolaantoniroig\/wp-content\/uploads\/usu563\/2016\/04\/IMG-20160422-WA00041-COLLAGE.jpg\"><img loading=\"lazy\" decoding=\"async\" class=\"aligncenter  wp-image-1138\" src=\"http:\/\/agora.xtec.cat\/escolaantoniroig\/wp-content\/uploads\/usu563\/2016\/04\/IMG-20160422-WA00041-COLLAGE-1024x1024.jpg\" alt=\"IMG-20160422-WA0004[1]-COLLAGE\" width=\"383\" height=\"384\" srcset=\"https:\/\/agora.xtec.cat\/escolaantoniroig\/wp-content\/uploads\/usu563\/2016\/04\/IMG-20160422-WA00041-COLLAGE-1024x1024.jpg 1024w, https:\/\/agora.xtec.cat\/escolaantoniroig\/wp-content\/uploads\/usu563\/2016\/04\/IMG-20160422-WA00041-COLLAGE-150x150.jpg 150w, https:\/\/agora.xtec.cat\/escolaantoniroig\/wp-content\/uploads\/usu563\/2016\/04\/IMG-20160422-WA00041-COLLAGE-300x300.jpg 300w, https:\/\/agora.xtec.cat\/escolaantoniroig\/wp-content\/uploads\/usu563\/2016\/04\/IMG-20160422-WA00041-COLLAGE.jpg 1038w\" sizes=\"auto, (max-width: 383px) 100vw, 383px\" \/><\/a><\/p>\n<p>&nbsp;<\/p>\n","protected":false},"excerpt":{"rendered":"<p>Avui tots els alumnes de la nostra escola han realitzat uns tallers internivells relacionats amb la celebraci\u00f3 de la diada [&hellip;]<\/p>\n","protected":false},"author":1,"featured_media":1120,"comment_status":"open","ping_status":"open","sticky":false,"template":"","format":"standard","meta":{"_bbp_topic_count":0,"_bbp_reply_count":0,"_bbp_total_topic_count":0,"_bbp_total_reply_count":0,"_bbp_voice_count":0,"_bbp_anonymous_reply_count":0,"_bbp_topic_count_hidden":0,"_bbp_reply_count_hidden":0,"_bbp_forum_subforum_count":0,"site-sidebar-layout":"default","site-content-layout":"","ast-site-content-layout":"","site-content-style":"default","site-sidebar-style":"default","ast-global-header-display":"","ast-banner-title-visibility":"","ast-main-header-display":"","ast-hfb-above-header-display":"","ast-hfb-below-header-display":"","ast-hfb-mobile-header-display":"","site-post-title":"","ast-breadcrumbs-content":"","ast-featured-img":"","footer-sml-layout":"","theme-transparent-header-meta":"","adv-header-id-meta":"","stick-header-meta":"","header-above-stick-meta":"","header-main-stick-meta":"","header-below-stick-meta":"","astra-migrate-meta-layouts":"default","ast-page-background-enabled":"default","ast-page-background-meta":{"desktop":{"background-color":"var(--ast-global-color-4)","background-image":"","background-repeat":"repeat","background-position":"center center","background-size":"auto","background-attachment":"scroll","background-type":"","background-media":"","overlay-type":"","overlay-color":"","overlay-opacity":"","overlay-gradient":""},"tablet":{"background-color":"","background-image":"","background-repeat":"repeat","background-position":"center center","background-size":"auto","background-attachment":"scroll","background-type":"","background-media":"","overlay-type":"","overlay-color":"","overlay-opacity":"","overlay-gradient":""},"mobile":{"background-color":"","background-image":"","background-repeat":"repeat","background-position":"center center","background-size":"auto","background-attachment":"scroll","background-type":"","background-media":"","overlay-type":"","overlay-color":"","overlay-opacity":"","overlay-gradient":""}},"ast-content-background-meta":{"desktop":{"background-color":"var(--ast-global-color-5)","background-image":"","background-repeat":"repeat","background-position":"center center","background-size":"auto","background-attachment":"scroll","background-type":"","background-media":"","overlay-type":"","overlay-color":"","overlay-opacity":"","overlay-gradient":""},"tablet":{"background-color":"var(--ast-global-color-5)","background-image":"","background-repeat":"repeat","background-position":"center center","background-size":"auto","background-attachment":"scroll","background-type":"","background-media":"","overlay-type":"","overlay-color":"","overlay-opacity":"","overlay-gradient":""},"mobile":{"background-color":"var(--ast-global-color-5)","background-image":"","background-repeat":"repeat","background-position":"center center","background-size":"auto","background-attachment":"scroll","background-type":"","background-media":"","overlay-type":"","overlay-color":"","overlay-opacity":"","overlay-gradient":""}},"footnotes":""},"categories":[75,1,4],"tags":[43,55],"class_list":["post-1104","post","type-post","status-publish","format-standard","has-post-thumbnail","hentry","category-curs2015-2016","category-general","category-portada","tag-celebracions","tag-sant-jordi"],"post_mailing_queue_ids":[],"_links":{"self":[{"href":"https:\/\/agora.xtec.cat\/escolaantoniroig\/wp-json\/wp\/v2\/posts\/1104","targetHints":{"allow":["GET"]}}],"collection":[{"href":"https:\/\/agora.xtec.cat\/escolaantoniroig\/wp-json\/wp\/v2\/posts"}],"about":[{"href":"https:\/\/agora.xtec.cat\/escolaantoniroig\/wp-json\/wp\/v2\/types\/post"}],"author":[{"embeddable":true,"href":"https:\/\/agora.xtec.cat\/escolaantoniroig\/wp-json\/wp\/v2\/users\/1"}],"replies":[{"embeddable":true,"href":"https:\/\/agora.xtec.cat\/escolaantoniroig\/wp-json\/wp\/v2\/comments?post=1104"}],"version-history":[{"count":4,"href":"https:\/\/agora.xtec.cat\/escolaantoniroig\/wp-json\/wp\/v2\/posts\/1104\/revisions"}],"predecessor-version":[{"id":1144,"href":"https:\/\/agora.xtec.cat\/escolaantoniroig\/wp-json\/wp\/v2\/posts\/1104\/revisions\/1144"}],"wp:featuredmedia":[{"embeddable":true,"href":"https:\/\/agora.xtec.cat\/escolaantoniroig\/wp-json\/wp\/v2\/media\/1120"}],"wp:attachment":[{"href":"https:\/\/agora.xtec.cat\/escolaantoniroig\/wp-json\/wp\/v2\/media?parent=1104"}],"wp:term":[{"taxonomy":"category","embeddable":true,"href":"https:\/\/agora.xtec.cat\/escolaantoniroig\/wp-json\/wp\/v2\/categories?post=1104"},{"taxonomy":"post_tag","embeddable":true,"href":"https:\/\/agora.xtec.cat\/escolaantoniroig\/wp-json\/wp\/v2\/tags?post=1104"}],"curies":[{"name":"wp","href":"https:\/\/api.w.org\/{rel}","templated":true}]}}