{"id":10957,"date":"2025-06-02T13:30:56","date_gmt":"2025-06-02T11:30:56","guid":{"rendered":"https:\/\/agora.xtec.cat\/escolaantoniroig\/?p=10957"},"modified":"2025-06-23T13:32:26","modified_gmt":"2025-06-23T11:32:26","slug":"sortida-a-mel-muria","status":"publish","type":"post","link":"https:\/\/agora.xtec.cat\/escolaantoniroig\/general\/sortida-a-mel-muria\/","title":{"rendered":"SORTIDA A MEL M\u00daRIA"},"content":{"rendered":"\n<p>El passat 14 de maig vam gaudir d\u2019una sortida molt especial a Mel M\u00faria (El Perell\u00f3).<\/p>\n\n\n\n<p>Ens va rebre la mascota l\u2019abella \u201cM\u00faria\u201d. Despr\u00e9s vam gaudir de\u00a0 diferents activitats com:\u00a0 una visita al camp vestits com uns aut\u00e8ntics apicultors, on ens van explicar moltes curiositats de les abelles, rebre l\u2019explicaci\u00f3 de les diferents caracter\u00edstiques de les abelles, per mitj\u00e0 de diferents panells interactius. Tamb\u00e9 ens van ensenyar a elaborar una espelma i per acabar vam fer un tast de pol\u00b7len i mel.<\/p>\n\n\n\n<p>Va ser una experi\u00e8ncia molt dol\u00e7a, divertida, enriquidora i emocionant, amb la qual vam aprendre moltes coses de\u00a0 les abelles i com en s\u00f3n d&#8217;importants per al nostre planeta!<\/p>\n\n\n\n<figure class=\"wp-block-image size-large\"><a href=\"https:\/\/agora.xtec.cat\/escolaantoniroig\/wp-content\/uploads\/usu563\/2025\/06\/mel-muria.jpg\"><img loading=\"lazy\" decoding=\"async\" width=\"1024\" height=\"768\" src=\"https:\/\/agora.xtec.cat\/escolaantoniroig\/wp-content\/uploads\/usu563\/2025\/06\/mel-muria-1024x768.jpg\" alt=\"\" class=\"wp-image-10960\" srcset=\"https:\/\/agora.xtec.cat\/escolaantoniroig\/wp-content\/uploads\/usu563\/2025\/06\/mel-muria-1024x768.jpg 1024w, https:\/\/agora.xtec.cat\/escolaantoniroig\/wp-content\/uploads\/usu563\/2025\/06\/mel-muria-300x225.jpg 300w, https:\/\/agora.xtec.cat\/escolaantoniroig\/wp-content\/uploads\/usu563\/2025\/06\/mel-muria-768x576.jpg 768w, https:\/\/agora.xtec.cat\/escolaantoniroig\/wp-content\/uploads\/usu563\/2025\/06\/mel-muria-1536x1152.jpg 1536w, https:\/\/agora.xtec.cat\/escolaantoniroig\/wp-content\/uploads\/usu563\/2025\/06\/mel-muria.jpg 2016w\" sizes=\"auto, (max-width: 1024px) 100vw, 1024px\" \/><\/a><\/figure>\n\n\n\n<p>Podeu veure m\u00e9s fotografies <a href=\"https:\/\/agora.xtec.cat\/escolaantoniroig\/fotos\/\">aqu\u00ed <img loading=\"lazy\" decoding=\"async\" width=\"25\" height=\"17\" class=\"wp-image-600\" style=\"width: 25px;\" src=\"https:\/\/agora.xtec.cat\/escolaantoniroig\/wp-content\/uploads\/usu563\/2015\/11\/Cartoon_Camera_clip_art_small.png\" alt=\"\"><\/a><\/p>\n\n\n\n<p><\/p>\n","protected":false},"excerpt":{"rendered":"<p>El passat 14 de maig vam gaudir d\u2019una sortida molt especial a Mel M\u00faria (El Perell\u00f3). Ens va rebre la [&hellip;]<\/p>\n","protected":false},"author":1,"featured_media":10960,"comment_status":"open","ping_status":"open","sticky":false,"template":"","format":"standard","meta":{"_bbp_topic_count":0,"_bbp_reply_count":0,"_bbp_total_topic_count":0,"_bbp_total_reply_count":0,"_bbp_voice_count":0,"_bbp_anonymous_reply_count":0,"_bbp_topic_count_hidden":0,"_bbp_reply_count_hidden":0,"_bbp_forum_subforum_count":0,"site-sidebar-layout":"default","site-content-layout":"","ast-site-content-layout":"default","site-content-style":"default","site-sidebar-style":"default","ast-global-header-display":"","ast-banner-title-visibility":"","ast-main-header-display":"","ast-hfb-above-header-display":"","ast-hfb-below-header-display":"","ast-hfb-mobile-header-display":"","site-post-title":"","ast-breadcrumbs-content":"","ast-featured-img":"","footer-sml-layout":"","theme-transparent-header-meta":"","adv-header-id-meta":"","stick-header-meta":"","header-above-stick-meta":"","header-main-stick-meta":"","header-below-stick-meta":"","astra-migrate-meta-layouts":"set","ast-page-background-enabled":"default","ast-page-background-meta":{"desktop":{"background-color":"var(--ast-global-color-4)","background-image":"","background-repeat":"repeat","background-position":"center center","background-size":"auto","background-attachment":"scroll","background-type":"","background-media":"","overlay-type":"","overlay-color":"","overlay-opacity":"","overlay-gradient":""},"tablet":{"background-color":"","background-image":"","background-repeat":"repeat","background-position":"center center","background-size":"auto","background-attachment":"scroll","background-type":"","background-media":"","overlay-type":"","overlay-color":"","overlay-opacity":"","overlay-gradient":""},"mobile":{"background-color":"","background-image":"","background-repeat":"repeat","background-position":"center center","background-size":"auto","background-attachment":"scroll","background-type":"","background-media":"","overlay-type":"","overlay-color":"","overlay-opacity":"","overlay-gradient":""}},"ast-content-background-meta":{"desktop":{"background-color":"var(--ast-global-color-5)","background-image":"","background-repeat":"repeat","background-position":"center center","background-size":"auto","background-attachment":"scroll","background-type":"","background-media":"","overlay-type":"","overlay-color":"","overlay-opacity":"","overlay-gradient":""},"tablet":{"background-color":"var(--ast-global-color-5)","background-image":"","background-repeat":"repeat","background-position":"center center","background-size":"auto","background-attachment":"scroll","background-type":"","background-media":"","overlay-type":"","overlay-color":"","overlay-opacity":"","overlay-gradient":""},"mobile":{"background-color":"var(--ast-global-color-5)","background-image":"","background-repeat":"repeat","background-position":"center center","background-size":"auto","background-attachment":"scroll","background-type":"","background-media":"","overlay-type":"","overlay-color":"","overlay-opacity":"","overlay-gradient":""}},"footnotes":""},"categories":[263,29,1,2,4],"tags":[16],"class_list":["post-10957","post","type-post","status-publish","format-standard","has-post-thumbnail","hentry","category-curs-2024-2025","category-edinf","category-general","category-infantil","category-portada","tag-sortides"],"post_mailing_queue_ids":[],"_links":{"self":[{"href":"https:\/\/agora.xtec.cat\/escolaantoniroig\/wp-json\/wp\/v2\/posts\/10957","targetHints":{"allow":["GET"]}}],"collection":[{"href":"https:\/\/agora.xtec.cat\/escolaantoniroig\/wp-json\/wp\/v2\/posts"}],"about":[{"href":"https:\/\/agora.xtec.cat\/escolaantoniroig\/wp-json\/wp\/v2\/types\/post"}],"author":[{"embeddable":true,"href":"https:\/\/agora.xtec.cat\/escolaantoniroig\/wp-json\/wp\/v2\/users\/1"}],"replies":[{"embeddable":true,"href":"https:\/\/agora.xtec.cat\/escolaantoniroig\/wp-json\/wp\/v2\/comments?post=10957"}],"version-history":[{"count":3,"href":"https:\/\/agora.xtec.cat\/escolaantoniroig\/wp-json\/wp\/v2\/posts\/10957\/revisions"}],"predecessor-version":[{"id":10961,"href":"https:\/\/agora.xtec.cat\/escolaantoniroig\/wp-json\/wp\/v2\/posts\/10957\/revisions\/10961"}],"wp:featuredmedia":[{"embeddable":true,"href":"https:\/\/agora.xtec.cat\/escolaantoniroig\/wp-json\/wp\/v2\/media\/10960"}],"wp:attachment":[{"href":"https:\/\/agora.xtec.cat\/escolaantoniroig\/wp-json\/wp\/v2\/media?parent=10957"}],"wp:term":[{"taxonomy":"category","embeddable":true,"href":"https:\/\/agora.xtec.cat\/escolaantoniroig\/wp-json\/wp\/v2\/categories?post=10957"},{"taxonomy":"post_tag","embeddable":true,"href":"https:\/\/agora.xtec.cat\/escolaantoniroig\/wp-json\/wp\/v2\/tags?post=10957"}],"curies":[{"name":"wp","href":"https:\/\/api.w.org\/{rel}","templated":true}]}}