{"id":1019,"date":"2016-03-25T11:57:13","date_gmt":"2016-03-25T10:57:13","guid":{"rendered":"http:\/\/agora.xtec.cat\/escolaantoniroig\/?p=1019"},"modified":"2016-05-30T11:21:39","modified_gmt":"2016-05-30T10:21:39","slug":"dia-mundial-de-la-poesia","status":"publish","type":"post","link":"https:\/\/agora.xtec.cat\/escolaantoniroig\/general\/dia-mundial-de-la-poesia\/","title":{"rendered":"Dia Mundial de la Poesia"},"content":{"rendered":"<p style=\"text-align: justify;\"><a href=\"http:\/\/agora.xtec.cat\/escolaantoniroig\/wp-content\/uploads\/usu563\/2016\/03\/Screenshot_3.jpg\"><img loading=\"lazy\" decoding=\"async\" class=\"alignnone size-full wp-image-1020\" src=\"http:\/\/agora.xtec.cat\/escolaantoniroig\/wp-content\/uploads\/usu563\/2016\/03\/Screenshot_3.jpg\" alt=\"Screenshot_3\" width=\"667\" height=\"236\" srcset=\"https:\/\/agora.xtec.cat\/escolaantoniroig\/wp-content\/uploads\/usu563\/2016\/03\/Screenshot_3.jpg 667w, https:\/\/agora.xtec.cat\/escolaantoniroig\/wp-content\/uploads\/usu563\/2016\/03\/Screenshot_3-300x106.jpg 300w\" sizes=\"auto, (max-width: 667px) 100vw, 667px\" \/><\/a><\/p>\n<p style=\"text-align: justify;\">A l\u2019escola hem celebrat el Dia Mundial de Poesia llegint el poema que ha creat l\u2019Olga Xirinacs expressament per la diada. Hem llegit el poema \u201c<a href=\"http:\/\/www.lletrescatalanes.cat\/ca\/programes\/dia-mundial-de-la-poesia\">Preneu les roses<\/a>&#8221; en diferents lleng\u00fces: catal\u00e0, castell\u00e0, angl\u00e8s, \u00e0rab i b\u00falgar.<\/p>\n<p style=\"text-align: justify;\"><a href=\"http:\/\/agora.xtec.cat\/escolaantoniroig\/wp-content\/uploads\/usu563\/2016\/03\/20160318_122629.jpg\"><img loading=\"lazy\" decoding=\"async\" class=\"alignnone size-large wp-image-1021\" src=\"http:\/\/agora.xtec.cat\/escolaantoniroig\/wp-content\/uploads\/usu563\/2016\/03\/20160318_122629-1024x614.jpg\" alt=\"20160318_122629\" width=\"1024\" height=\"614\" srcset=\"https:\/\/agora.xtec.cat\/escolaantoniroig\/wp-content\/uploads\/usu563\/2016\/03\/20160318_122629-1024x614.jpg 1024w, https:\/\/agora.xtec.cat\/escolaantoniroig\/wp-content\/uploads\/usu563\/2016\/03\/20160318_122629-300x180.jpg 300w\" sizes=\"auto, (max-width: 1024px) 100vw, 1024px\" \/><\/a><\/p>\n<p style=\"text-align: justify;\">Podeu veure m\u00e9s fotografies <a href=\"https:\/\/goo.gl\/photos\/TkiVczTv7Ewx6MzPA\" target=\"_blank\">clicant aqu\u00ed\u00a0 <img loading=\"lazy\" decoding=\"async\" class=\"alignnone  wp-image-600\" src=\"http:\/\/agora.xtec.cat\/escolaantoniroig\/wp-content\/uploads\/usu563\/2015\/11\/Cartoon_Camera_clip_art_small.png\" alt=\"fotos\" width=\"57\" height=\"38\" \/><\/a><\/p>\n<p style=\"text-align: justify;\">M\u00e9s informaci\u00f3 <a href=\"http:\/\/www.lletrescatalanes.cat\/es\/dia-mundial-de-la-poesia-c\/item\/790-prop-d-una-trentena-de-centres-d-ensenyament-organitzen-activitats-al-camp-de-tarragona\" target=\"_blank\">clicant aqu\u00ed.<\/a><\/p>\n","protected":false},"excerpt":{"rendered":"<p>A l\u2019escola hem celebrat el Dia Mundial de Poesia llegint el poema que ha creat l\u2019Olga Xirinacs expressament per la [&hellip;]<\/p>\n","protected":false},"author":1,"featured_media":1020,"comment_status":"open","ping_status":"open","sticky":false,"template":"","format":"standard","meta":{"_bbp_topic_count":0,"_bbp_reply_count":0,"_bbp_total_topic_count":0,"_bbp_total_reply_count":0,"_bbp_voice_count":0,"_bbp_anonymous_reply_count":0,"_bbp_topic_count_hidden":0,"_bbp_reply_count_hidden":0,"_bbp_forum_subforum_count":0,"site-sidebar-layout":"default","site-content-layout":"","ast-site-content-layout":"","site-content-style":"default","site-sidebar-style":"default","ast-global-header-display":"","ast-banner-title-visibility":"","ast-main-header-display":"","ast-hfb-above-header-display":"","ast-hfb-below-header-display":"","ast-hfb-mobile-header-display":"","site-post-title":"","ast-breadcrumbs-content":"","ast-featured-img":"","footer-sml-layout":"","theme-transparent-header-meta":"","adv-header-id-meta":"","stick-header-meta":"","header-above-stick-meta":"","header-main-stick-meta":"","header-below-stick-meta":"","astra-migrate-meta-layouts":"default","ast-page-background-enabled":"default","ast-page-background-meta":{"desktop":{"background-color":"var(--ast-global-color-4)","background-image":"","background-repeat":"repeat","background-position":"center center","background-size":"auto","background-attachment":"scroll","background-type":"","background-media":"","overlay-type":"","overlay-color":"","overlay-opacity":"","overlay-gradient":""},"tablet":{"background-color":"","background-image":"","background-repeat":"repeat","background-position":"center center","background-size":"auto","background-attachment":"scroll","background-type":"","background-media":"","overlay-type":"","overlay-color":"","overlay-opacity":"","overlay-gradient":""},"mobile":{"background-color":"","background-image":"","background-repeat":"repeat","background-position":"center center","background-size":"auto","background-attachment":"scroll","background-type":"","background-media":"","overlay-type":"","overlay-color":"","overlay-opacity":"","overlay-gradient":""}},"ast-content-background-meta":{"desktop":{"background-color":"var(--ast-global-color-5)","background-image":"","background-repeat":"repeat","background-position":"center center","background-size":"auto","background-attachment":"scroll","background-type":"","background-media":"","overlay-type":"","overlay-color":"","overlay-opacity":"","overlay-gradient":""},"tablet":{"background-color":"var(--ast-global-color-5)","background-image":"","background-repeat":"repeat","background-position":"center center","background-size":"auto","background-attachment":"scroll","background-type":"","background-media":"","overlay-type":"","overlay-color":"","overlay-opacity":"","overlay-gradient":""},"mobile":{"background-color":"var(--ast-global-color-5)","background-image":"","background-repeat":"repeat","background-position":"center center","background-size":"auto","background-attachment":"scroll","background-type":"","background-media":"","overlay-type":"","overlay-color":"","overlay-opacity":"","overlay-gradient":""}},"footnotes":""},"categories":[37,75,1,4],"tags":[51,43],"class_list":["post-1019","post","type-post","status-publish","format-standard","has-post-thumbnail","hentry","category-biblioteca","category-curs2015-2016","category-general","category-portada","tag-biblioteca","tag-celebracions"],"post_mailing_queue_ids":[],"_links":{"self":[{"href":"https:\/\/agora.xtec.cat\/escolaantoniroig\/wp-json\/wp\/v2\/posts\/1019","targetHints":{"allow":["GET"]}}],"collection":[{"href":"https:\/\/agora.xtec.cat\/escolaantoniroig\/wp-json\/wp\/v2\/posts"}],"about":[{"href":"https:\/\/agora.xtec.cat\/escolaantoniroig\/wp-json\/wp\/v2\/types\/post"}],"author":[{"embeddable":true,"href":"https:\/\/agora.xtec.cat\/escolaantoniroig\/wp-json\/wp\/v2\/users\/1"}],"replies":[{"embeddable":true,"href":"https:\/\/agora.xtec.cat\/escolaantoniroig\/wp-json\/wp\/v2\/comments?post=1019"}],"version-history":[{"count":2,"href":"https:\/\/agora.xtec.cat\/escolaantoniroig\/wp-json\/wp\/v2\/posts\/1019\/revisions"}],"predecessor-version":[{"id":1023,"href":"https:\/\/agora.xtec.cat\/escolaantoniroig\/wp-json\/wp\/v2\/posts\/1019\/revisions\/1023"}],"wp:featuredmedia":[{"embeddable":true,"href":"https:\/\/agora.xtec.cat\/escolaantoniroig\/wp-json\/wp\/v2\/media\/1020"}],"wp:attachment":[{"href":"https:\/\/agora.xtec.cat\/escolaantoniroig\/wp-json\/wp\/v2\/media?parent=1019"}],"wp:term":[{"taxonomy":"category","embeddable":true,"href":"https:\/\/agora.xtec.cat\/escolaantoniroig\/wp-json\/wp\/v2\/categories?post=1019"},{"taxonomy":"post_tag","embeddable":true,"href":"https:\/\/agora.xtec.cat\/escolaantoniroig\/wp-json\/wp\/v2\/tags?post=1019"}],"curies":[{"name":"wp","href":"https:\/\/api.w.org\/{rel}","templated":true}]}}