{"id":10073,"date":"2024-12-19T18:01:30","date_gmt":"2024-12-19T17:01:30","guid":{"rendered":"https:\/\/agora.xtec.cat\/escolaantoniroig\/?p=10073"},"modified":"2024-12-19T18:01:31","modified_gmt":"2024-12-19T17:01:31","slug":"tio","status":"publish","type":"post","link":"https:\/\/agora.xtec.cat\/escolaantoniroig\/general\/tio\/","title":{"rendered":"TI\u00d3"},"content":{"rendered":"<p style=\"text-align: justify;\"><span style=\"font-weight: 400;\">Aquest dimecres els nens i nenes d\u2019educaci\u00f3 infantil\u00a0 hem fet\u00a0 cagar el Ti\u00f3 de l\u2019escola.\u00a0 Durant molts dies li hem donat menjar (peles de taronja, de pl\u00e0tan&#8230;). Avui l\u2019hem picat i hem cantat la can\u00e7\u00f3 i sorpresa: ens ha cagat un conte a cadasc\u00fa.\u00a0<\/span><\/p>\n<p style=\"text-align: justify;\"><span style=\"font-weight: 400;\">Gr\u00e0cies, Ti\u00f3. Estem molt contents. T\u2019esperem l\u2019any vinent!<\/span><\/p>\n<p><a href=\"https:\/\/agora.xtec.cat\/escolaantoniroig\/general\/tio\/attachment\/foto-tio-infantil\/\" rel=\"attachment wp-att-10074\"><img loading=\"lazy\" decoding=\"async\" class=\"aligncenter size-full wp-image-10074\" src=\"https:\/\/agora.xtec.cat\/escolaantoniroig\/wp-content\/uploads\/usu563\/2024\/12\/foto-tio-infantil.png\" alt=\"\" width=\"675\" height=\"542\" srcset=\"https:\/\/agora.xtec.cat\/escolaantoniroig\/wp-content\/uploads\/usu563\/2024\/12\/foto-tio-infantil.png 675w, https:\/\/agora.xtec.cat\/escolaantoniroig\/wp-content\/uploads\/usu563\/2024\/12\/foto-tio-infantil-300x241.png 300w\" sizes=\"auto, (max-width: 675px) 100vw, 675px\" \/><\/a><\/p>\n<p>Podeu veure totes les fotografies <a href=\"https:\/\/agora.xtec.cat\/escolaantoniroig\/fotos\/\">clicant aqu\u00ed\u00a0<\/a><a href=\"https:\/\/agora.xtec.cat\/escolaantoniroig\/fotos\/\" rel=\"attachment wp-att-600\"><img loading=\"lazy\" decoding=\"async\" class=\" wp-image-600 alignnone\" src=\"https:\/\/agora.xtec.cat\/escolaantoniroig\/wp-content\/uploads\/usu563\/2015\/11\/Cartoon_Camera_clip_art_small.png\" alt=\"\" width=\"46\" height=\"31\" \/><\/a><\/p>\n","protected":false},"excerpt":{"rendered":"<p>Aquest dimecres els nens i nenes d\u2019educaci\u00f3 infantil\u00a0 hem fet\u00a0 cagar el Ti\u00f3 de l\u2019escola.\u00a0 Durant molts dies li hem [&hellip;]<\/p>\n","protected":false},"author":1,"featured_media":10074,"comment_status":"open","ping_status":"closed","sticky":false,"template":"","format":"standard","meta":{"_bbp_topic_count":0,"_bbp_reply_count":0,"_bbp_total_topic_count":0,"_bbp_total_reply_count":0,"_bbp_voice_count":0,"_bbp_anonymous_reply_count":0,"_bbp_topic_count_hidden":0,"_bbp_reply_count_hidden":0,"_bbp_forum_subforum_count":0,"site-sidebar-layout":"default","site-content-layout":"","ast-site-content-layout":"","site-content-style":"default","site-sidebar-style":"default","ast-global-header-display":"","ast-banner-title-visibility":"","ast-main-header-display":"","ast-hfb-above-header-display":"","ast-hfb-below-header-display":"","ast-hfb-mobile-header-display":"","site-post-title":"","ast-breadcrumbs-content":"","ast-featured-img":"","footer-sml-layout":"","theme-transparent-header-meta":"","adv-header-id-meta":"","stick-header-meta":"","header-above-stick-meta":"","header-main-stick-meta":"","header-below-stick-meta":"","astra-migrate-meta-layouts":"default","ast-page-background-enabled":"default","ast-page-background-meta":{"desktop":{"background-color":"var(--ast-global-color-4)","background-image":"","background-repeat":"repeat","background-position":"center center","background-size":"auto","background-attachment":"scroll","background-type":"","background-media":"","overlay-type":"","overlay-color":"","overlay-opacity":"","overlay-gradient":""},"tablet":{"background-color":"","background-image":"","background-repeat":"repeat","background-position":"center center","background-size":"auto","background-attachment":"scroll","background-type":"","background-media":"","overlay-type":"","overlay-color":"","overlay-opacity":"","overlay-gradient":""},"mobile":{"background-color":"","background-image":"","background-repeat":"repeat","background-position":"center center","background-size":"auto","background-attachment":"scroll","background-type":"","background-media":"","overlay-type":"","overlay-color":"","overlay-opacity":"","overlay-gradient":""}},"ast-content-background-meta":{"desktop":{"background-color":"var(--ast-global-color-5)","background-image":"","background-repeat":"repeat","background-position":"center center","background-size":"auto","background-attachment":"scroll","background-type":"","background-media":"","overlay-type":"","overlay-color":"","overlay-opacity":"","overlay-gradient":""},"tablet":{"background-color":"var(--ast-global-color-5)","background-image":"","background-repeat":"repeat","background-position":"center center","background-size":"auto","background-attachment":"scroll","background-type":"","background-media":"","overlay-type":"","overlay-color":"","overlay-opacity":"","overlay-gradient":""},"mobile":{"background-color":"var(--ast-global-color-5)","background-image":"","background-repeat":"repeat","background-position":"center center","background-size":"auto","background-attachment":"scroll","background-type":"","background-media":"","overlay-type":"","overlay-color":"","overlay-opacity":"","overlay-gradient":""}},"footnotes":""},"categories":[263,29,1,4],"tags":[43,46,63,280,273],"class_list":["post-10073","post","type-post","status-publish","format-standard","has-post-thumbnail","hentry","category-curs-2024-2025","category-edinf","category-general","category-portada","tag-celebracions","tag-ed-infantil","tag-nadal","tag-tio","tag-tradicions"],"post_mailing_queue_ids":[],"_links":{"self":[{"href":"https:\/\/agora.xtec.cat\/escolaantoniroig\/wp-json\/wp\/v2\/posts\/10073","targetHints":{"allow":["GET"]}}],"collection":[{"href":"https:\/\/agora.xtec.cat\/escolaantoniroig\/wp-json\/wp\/v2\/posts"}],"about":[{"href":"https:\/\/agora.xtec.cat\/escolaantoniroig\/wp-json\/wp\/v2\/types\/post"}],"author":[{"embeddable":true,"href":"https:\/\/agora.xtec.cat\/escolaantoniroig\/wp-json\/wp\/v2\/users\/1"}],"replies":[{"embeddable":true,"href":"https:\/\/agora.xtec.cat\/escolaantoniroig\/wp-json\/wp\/v2\/comments?post=10073"}],"version-history":[{"count":3,"href":"https:\/\/agora.xtec.cat\/escolaantoniroig\/wp-json\/wp\/v2\/posts\/10073\/revisions"}],"predecessor-version":[{"id":10077,"href":"https:\/\/agora.xtec.cat\/escolaantoniroig\/wp-json\/wp\/v2\/posts\/10073\/revisions\/10077"}],"wp:featuredmedia":[{"embeddable":true,"href":"https:\/\/agora.xtec.cat\/escolaantoniroig\/wp-json\/wp\/v2\/media\/10074"}],"wp:attachment":[{"href":"https:\/\/agora.xtec.cat\/escolaantoniroig\/wp-json\/wp\/v2\/media?parent=10073"}],"wp:term":[{"taxonomy":"category","embeddable":true,"href":"https:\/\/agora.xtec.cat\/escolaantoniroig\/wp-json\/wp\/v2\/categories?post=10073"},{"taxonomy":"post_tag","embeddable":true,"href":"https:\/\/agora.xtec.cat\/escolaantoniroig\/wp-json\/wp\/v2\/tags?post=10073"}],"curies":[{"name":"wp","href":"https:\/\/api.w.org\/{rel}","templated":true}]}}