{"id":948,"date":"2023-11-17T12:13:37","date_gmt":"2023-11-17T11:13:37","guid":{"rendered":"https:\/\/agora.xtec.cat\/escolaandersen\/?p=948"},"modified":"2023-11-27T10:10:53","modified_gmt":"2023-11-27T09:10:53","slug":"participacio-programa-canvis-de-x3","status":"publish","type":"post","link":"https:\/\/agora.xtec.cat\/escolaandersen\/general\/participacio-programa-canvis-de-x3\/","title":{"rendered":"Participaci\u00f3 programa Canvis de x3"},"content":{"rendered":"<p>Benvolgudes fam\u00edlies,<\/p>\n<p>L&#8217;alumnat de 6\u00e8 ahir va participar en el rodatge d&#8217;un cap\u00edtol del programa Canvis de x3 sobre educaci\u00f3 efectivo sexual. El programa est\u00e0 presentat per la Marta i en Jous, dos educadors afectius-sexuals que en aquesta ocasi\u00f3 tractaven el tema de la pressi\u00f3 est\u00e8tica. El programa dona una mirada cient\u00edfica, de valor, allunyada de la informaci\u00f3 inapropiada que els infants troben per Internet, evitant aix\u00ed l&#8217;aparici\u00f3 de les vergonyes, comparacions o la confusi\u00f3. Tota una experi\u00e8ncia!<\/p>\n<p><a href=\"https:\/\/drive.google.com\/drive\/folders\/1r3v30etho87AljRXwrJCpXeB39Ngi1Dx?usp=sharing\" target=\"_blank\" rel=\"noopener\">En aquest enlla\u00e7 teniu les fotografies<\/a><\/p>\n<p>&nbsp;<\/p>\n<p><a href=\"https:\/\/agora.xtec.cat\/escolaandersen\/wp-content\/uploads\/usu2380\/2023\/11\/WhatsApp-Image-2023-11-16-at-20.15.39-1.jpeg\"><img loading=\"lazy\" decoding=\"async\" class=\"alignnone size-large wp-image-953\" src=\"https:\/\/agora.xtec.cat\/escolaandersen\/wp-content\/uploads\/usu2380\/2023\/11\/WhatsApp-Image-2023-11-16-at-20.15.39-1-1024x461.jpeg\" alt=\"\" width=\"1024\" height=\"461\" srcset=\"https:\/\/agora.xtec.cat\/escolaandersen\/wp-content\/uploads\/usu2380\/2023\/11\/WhatsApp-Image-2023-11-16-at-20.15.39-1-1024x461.jpeg 1024w, https:\/\/agora.xtec.cat\/escolaandersen\/wp-content\/uploads\/usu2380\/2023\/11\/WhatsApp-Image-2023-11-16-at-20.15.39-1-300x135.jpeg 300w, https:\/\/agora.xtec.cat\/escolaandersen\/wp-content\/uploads\/usu2380\/2023\/11\/WhatsApp-Image-2023-11-16-at-20.15.39-1-768x346.jpeg 768w, https:\/\/agora.xtec.cat\/escolaandersen\/wp-content\/uploads\/usu2380\/2023\/11\/WhatsApp-Image-2023-11-16-at-20.15.39-1-1536x691.jpeg 1536w, https:\/\/agora.xtec.cat\/escolaandersen\/wp-content\/uploads\/usu2380\/2023\/11\/WhatsApp-Image-2023-11-16-at-20.15.39-1.jpeg 1600w\" sizes=\"auto, (max-width: 1024px) 100vw, 1024px\" \/><\/a><\/p>\n<p>&nbsp;<\/p>\n<p>&nbsp;<\/p>\n","protected":false},"excerpt":{"rendered":"<p>Benvolgudes fam\u00edlies,<br \/>\nL&#8217;alumnat de 6\u00e8 ahir va participar en el rodatge d&#8217;un cap\u00edtol del programa Canvis de x3 sobre educaci\u00f3 efectivo sexual. El programa est\u00e0 presentat per la Marta i en Jous, dos educadors afectius-sexuals que en aquesta ocasi\u00f3 tractaven el tema de la pressi\u00f3 est\u00e8tica.&hellip;  <a href=\"https:\/\/agora.xtec.cat\/escolaandersen\/general\/participacio-programa-canvis-de-x3\/\" title=\"Read Participaci\u00f3 programa Canvis de x3\">Llegeix m\u00e9s\u00bb<\/a><\/p>\n","protected":false},"author":6,"featured_media":0,"comment_status":"open","ping_status":"closed","sticky":false,"template":"","format":"standard","meta":{"_bbp_topic_count":0,"_bbp_reply_count":0,"_bbp_total_topic_count":0,"_bbp_total_reply_count":0,"_bbp_voice_count":0,"_bbp_anonymous_reply_count":0,"_bbp_topic_count_hidden":0,"_bbp_reply_count_hidden":0,"_bbp_forum_subforum_count":0,"footnotes":""},"categories":[1,4],"tags":[95,81,79,71,75,94,69],"class_list":["post-948","post","type-post","status-publish","format-standard","hentry","category-general","category-portada","tag-barcelona","tag-ciclesuperior","tag-educacio","tag-escola","tag-osona","tag-tv3","tag-vic"],"post_mailing_queue_ids":[],"_links":{"self":[{"href":"https:\/\/agora.xtec.cat\/escolaandersen\/wp-json\/wp\/v2\/posts\/948","targetHints":{"allow":["GET"]}}],"collection":[{"href":"https:\/\/agora.xtec.cat\/escolaandersen\/wp-json\/wp\/v2\/posts"}],"about":[{"href":"https:\/\/agora.xtec.cat\/escolaandersen\/wp-json\/wp\/v2\/types\/post"}],"author":[{"embeddable":true,"href":"https:\/\/agora.xtec.cat\/escolaandersen\/wp-json\/wp\/v2\/users\/6"}],"replies":[{"embeddable":true,"href":"https:\/\/agora.xtec.cat\/escolaandersen\/wp-json\/wp\/v2\/comments?post=948"}],"version-history":[{"count":5,"href":"https:\/\/agora.xtec.cat\/escolaandersen\/wp-json\/wp\/v2\/posts\/948\/revisions"}],"predecessor-version":[{"id":955,"href":"https:\/\/agora.xtec.cat\/escolaandersen\/wp-json\/wp\/v2\/posts\/948\/revisions\/955"}],"wp:attachment":[{"href":"https:\/\/agora.xtec.cat\/escolaandersen\/wp-json\/wp\/v2\/media?parent=948"}],"wp:term":[{"taxonomy":"category","embeddable":true,"href":"https:\/\/agora.xtec.cat\/escolaandersen\/wp-json\/wp\/v2\/categories?post=948"},{"taxonomy":"post_tag","embeddable":true,"href":"https:\/\/agora.xtec.cat\/escolaandersen\/wp-json\/wp\/v2\/tags?post=948"}],"curies":[{"name":"wp","href":"https:\/\/api.w.org\/{rel}","templated":true}]}}