{"id":902,"date":"2023-11-11T17:31:28","date_gmt":"2023-11-11T16:31:28","guid":{"rendered":"https:\/\/agora.xtec.cat\/escolaandersen\/?p=902"},"modified":"2023-11-27T10:11:31","modified_gmt":"2023-11-27T09:11:31","slug":"afa-informa-36","status":"publish","type":"post","link":"https:\/\/agora.xtec.cat\/escolaandersen\/afa\/afa-informa-36\/","title":{"rendered":"AFA INFORMA &#8211; 36"},"content":{"rendered":"<p><a href=\"https:\/\/agora.xtec.cat\/escolaandersen\/wp-content\/uploads\/usu2380\/2023\/11\/cap_afainforma-3.png\"><img loading=\"lazy\" decoding=\"async\" class=\"alignnone size-large wp-image-907\" src=\"https:\/\/agora.xtec.cat\/escolaandersen\/wp-content\/uploads\/usu2380\/2023\/11\/cap_afainforma-3-1024x178.png\" alt=\"\" width=\"1024\" height=\"178\" srcset=\"https:\/\/agora.xtec.cat\/escolaandersen\/wp-content\/uploads\/usu2380\/2023\/11\/cap_afainforma-3-1024x178.png 1024w, https:\/\/agora.xtec.cat\/escolaandersen\/wp-content\/uploads\/usu2380\/2023\/11\/cap_afainforma-3-300x52.png 300w, https:\/\/agora.xtec.cat\/escolaandersen\/wp-content\/uploads\/usu2380\/2023\/11\/cap_afainforma-3-768x133.png 768w, https:\/\/agora.xtec.cat\/escolaandersen\/wp-content\/uploads\/usu2380\/2023\/11\/cap_afainforma-3.png 1280w\" sizes=\"auto, (max-width: 1024px) 100vw, 1024px\" \/><\/a><\/p>\n<div class=\"CjVfdc\">\n<ul>\n<li style=\"list-style-type: none;\">\n<ul>\n<li dir=\"ltr\" aria-level=\"2\">\n<p dir=\"ltr\" role=\"presentation\"><a href=\"#seccio-1\">NOVA JUNTA<\/a><\/p>\n<\/li>\n<li dir=\"ltr\" aria-level=\"2\">\n<p dir=\"ltr\" role=\"presentation\"><a href=\"#seccio-2\">ASSEMBLEA GENERAL<\/a><\/p>\n<\/li>\n<li dir=\"ltr\" aria-level=\"2\">\n<p dir=\"ltr\" role=\"presentation\"><a href=\"#seccio-3\">INCREMENT QUOTA DE L&#8217;AFA<\/a><\/p>\n<\/li>\n<li dir=\"ltr\" aria-level=\"2\">\n<p dir=\"ltr\" role=\"presentation\"><a href=\"#seccio-4\">CLASSES DE CATAL\u00c0 I &#8220;PARLEM I COMPARTIM&#8221;<\/a><\/p>\n<\/li>\n<li dir=\"ltr\" aria-level=\"2\">\n<p dir=\"ltr\" role=\"presentation\"><a href=\"#seccio-5\">LOTERIA DE NADAL<\/a><\/p>\n<\/li>\n<li dir=\"ltr\" aria-level=\"2\">\n<p dir=\"ltr\" role=\"presentation\"><a href=\"#seccio-6\">T-16, TRANSPORT<\/a><\/p>\n<\/li>\n<li dir=\"ltr\" aria-level=\"2\">\n<p dir=\"ltr\" role=\"presentation\"><a href=\"#seccio-7\">LA CASTANYADA<\/a><\/p>\n<\/li>\n<li dir=\"ltr\" aria-level=\"2\">\n<p dir=\"ltr\" role=\"presentation\"><a href=\"#seccio-8\">LA NIT ASTRON\u00d2MICA<\/a><\/p>\n<\/li>\n<li dir=\"ltr\" aria-level=\"2\">\n<p dir=\"ltr\" role=\"presentation\"><a href=\"#seccio-9\">AGENDA<\/a><\/p>\n<\/li>\n<\/ul>\n<\/li>\n<\/ul>\n<p>&nbsp;<\/p>\n<h1 dir=\"ltr\"><a id=\"seccio-1\"><\/a>JUNTA RENOVADA, ENS PRESENTEM<\/h1>\n<\/div>\n<p>Com ja sabeu, hi va haver eleccions a l\u2019AFA i n\u2019ha sortit una nova <strong>Junta renovada i oberta a tothom<\/strong> qui en vulgui formar part.<\/p>\n<p>Tenim ganes de continuar amb la feina que s\u2019est\u00e0 fent des de l\u2019AFA de l\u2019Escola i aportar el millor de cadascuna de nosaltres per <strong>seguir construint i aportant noves mirades<\/strong>.<\/p>\n<p>Ens fa molta il\u00b7lusi\u00f3 representar a les fam\u00edlies i <strong>fer que la seva veu s\u2019escolti<\/strong>! Intentarem fer que a totes les activitats hi participi el m\u00e0xim de gent possible i que gaudiu com mai de cadascuna d\u2019elles. Al mateix temps, treballarem per fer una <strong>bona gesti\u00f3 dels recursos i serveis<\/strong>, cosa que assumim amb tota la responsabilitat que mereix aquesta tasca.<\/p>\n<p>Tamb\u00e9 ens agradaria <strong>tornar a recuperar l\u2019ess\u00e8ncia Andersen<\/strong>, ja que \u00faltimament notem que estem perdent aquelles petites coses que feien que l\u2019Andersen fos tan gran i que la tri\u00e9ssim com a l\u2019escola pels nostres fills i filles. Volem que aquests, el dia de dem\u00e0, puguin dir amb orgull que s\u00f3n alumnes Andersen! Volem que als parcs infantils els de l\u2019Andersen es continu\u00efn diferenciant de la resta, perqu\u00e8 s\u00ed, perqu\u00e8 anar a l\u2019Andersen sempre t\u2019ha fet ser especial i aix\u00ed ha de continuar sent!<\/p>\n<p>La Junta.<\/p>\n<div dir=\"auto\">\n<hr \/>\n<\/div>\n<h1 dir=\"ltr\"><a id=\"seccio-2\"><\/a>ASSEMBLEA GENERAL de l&#8217;AFA<\/h1>\n<p>El passat 26 d\u2019octubre vam celebrar l\u2019ASSEMBLEA GENERAL de l\u2019AFA, on es va aprovar el Pla Anual de propostes per aquest curs i tamb\u00e9 els comptes de l\u2019any passat. En breu trobareu l&#8217;acta de la reuni\u00f3 penjada a la web de l&#8217;escola. \u00a0Va ser una assemblea molt participativa on es van posar sobre la taula les preocupacions de les fam\u00edlies. Agra\u00efm l&#8217;assist\u00e8ncia a totes les fam\u00edlies que v\u00e0reu poder venir.<\/p>\n<hr \/>\n<h1 dir=\"ltr\"><a id=\"seccio-3\"><\/a>INCREMENT QUOTA AFA<\/h1>\n<p><span style=\"font-weight: 400;\">El passat 26 d\u2019octubre es va celebrar l\u2019Assemblea Ordin\u00e0ria Anual de l\u2019AFA (Associaci\u00f3 de fam\u00edlies) en qu\u00e8 un dels punts a tractar va ser l\u2019aprovaci\u00f3 de l\u2019estat de comptes de l\u2019entitat aix\u00ed com tamb\u00e9 del nou pressupost per al curs 23-24.<\/span><\/p>\n<p><span style=\"font-weight: 400;\">Com b\u00e9 sabeu, l\u2019AFA \u00e9s l\u2019associaci\u00f3 de totes les fam\u00edlies de l\u2019Andersen. Una de les seves tasques m\u00e9s importants \u00e9s la <\/span><b>gesti\u00f3 econ\u00f2mica<\/b><span style=\"font-weight: 400;\"> de:<\/span><\/p>\n<ul>\n<li style=\"font-weight: 400;\" aria-level=\"1\"><span style=\"font-weight: 400;\">La compra de llibres i material que utilitzen els alumnes.<\/span><\/li>\n<li style=\"font-weight: 400;\" aria-level=\"1\"><span style=\"font-weight: 400;\">Totes les sortides i excursions.<\/span><\/li>\n<li style=\"font-weight: 400;\" aria-level=\"1\"><span style=\"font-weight: 400;\">Els cursets de nataci\u00f3 que fan els alumnes I4-6\u00e8.<\/span><\/li>\n<li style=\"font-weight: 400;\" aria-level=\"1\"><span style=\"font-weight: 400;\">Les classes de teatre amb professora especialista externa que es fan a l\u2019escola.<\/span><\/li>\n<li style=\"font-weight: 400;\" aria-level=\"1\"><span style=\"font-weight: 400;\">El personal de suport en mat\u00e8ria administrativa i d\u2019educaci\u00f3 social.\u00a0<\/span><\/li>\n<\/ul>\n<p><span style=\"font-weight: 400;\">En els darrers cursos, la quota de l\u2019AFA era de 225\u20ac i s\u2019ha mantingut des del curs 2020\/21. Aquesta quota es composava d\u2019una part destinada a la compra de llibres i material de 100\u20ac i una altra part de 125\u20ac destinada a finan\u00e7ar els punts definits anteriorment.\u00a0<\/span><\/p>\n<p><span style=\"font-weight: 400;\">L\u2019actual context d\u2019increment de preus ha ocasionat que els n\u00fameros d\u2019aquests dos \u00faltims anys siguin negatius ocasionant un d\u00e8ficit per a l\u2019Associaci\u00f3 dif\u00edcil de sostenir. Per aquest motiu, i amb la voluntat que els infants puguin seguir gaudint de les activitats i serveis de l\u2019AFA<\/span><b>, en assemblea es va aprovar l\u2019increment de la quota en 25\u20ac anuals<\/b><span style=\"font-weight: 400;\">.<\/span><\/p>\n<p><span style=\"font-weight: 400;\">D\u2019aquesta manera, la nova quota seria de <\/span><b>250\u20ac<\/b><span style=\"font-weight: 400;\"> i es repartir\u00e0 de la seg\u00fcent manera:<\/span><\/p>\n<ul>\n<li style=\"font-weight: 400;\" aria-level=\"1\"><span style=\"font-weight: 400;\">Octubre: 100\u20ac\u00a0 material inici curs<\/span><\/li>\n<li style=\"font-weight: 400;\" aria-level=\"1\"><span style=\"font-weight: 400;\">Desembre: <\/span><span style=\"font-weight: 400;\">\u00a0<\/span><span style=\"font-weight: 400;\">62,50\u20ac\u00a0<\/span><\/li>\n<li style=\"font-weight: 400;\" aria-level=\"1\"><span style=\"font-weight: 400;\">Mar\u00e7: 62,50\u20ac<\/span><\/li>\n<li style=\"font-weight: 400;\" aria-level=\"1\"><span style=\"font-weight: 400;\">Maig: 25\u20ac\u00a0<\/span><\/li>\n<\/ul>\n<p><span style=\"font-weight: 400;\">En paral\u00b7lel a l\u2019increment de la quota des de l\u2019AFA, hem creat una comissi\u00f3 espec\u00edfica de seguiment econ\u00f2mic per tal de poder millorar les condicions que ens ofereixen els prove\u00efdors de serveis i buscar noves l\u00ednies d\u2019ingressos per tal de garantir la viabilitat econ\u00f2mica de l\u2019Associaci\u00f3, que repercuteix directament en les activitats en qu\u00e8 participen els infants de l\u2019escola.<\/span><\/p>\n<p><span style=\"font-weight: 400;\">Qualsevol dubte us convidem a escriure un correu a <\/span><a href=\"mailto:afa@andersen.cat\"><span style=\"font-weight: 400;\">afa@andersen.cat<\/span><\/a><\/p>\n<hr \/>\n<div class=\"CjVfdc\">\n<h1 dir=\"ltr\"><a id=\"seccio-4\"><\/a>JA HAN COMEN\u00c7AT LES CLASSES PER A LES FAM\u00cdLIES DE CATAL\u00c0 I EL &#8220;PARLEM I COMPARTIM&#8221;<\/h1>\n<\/div>\n<p>Un any m\u00e9s, hem organitzat <strong>classes de catal\u00e0<\/strong> per a totes aquelles fam\u00edlies que necessiten un <strong>refor\u00e7 en el catal\u00e0 oral del dia a dia<\/strong>. Es fan els <strong>dimecres, de 15.15h a 16.45h<\/strong> i, aquest any, el grup est\u00e0 condu\u00eft per en Gerard, el nostre educador social. La din\u00e0mica consisteix en repassar situacions quotidianes amb qu\u00e8 ens trobem cada dia i donar recursos ling\u00fc\u00edstics. Recordeu que tots hi podeu participar i teniu l&#8217;<strong>acc\u00e9s obert durant tot el curs<\/strong>! <a href=\"https:\/\/agora.xtec.cat\/escolaandersen\/wp-content\/uploads\/usu2380\/2023\/11\/WhatsApp-Image-2023-11-22-at-13.29.41.jpeg\"><img loading=\"lazy\" decoding=\"async\" class=\"wp-image-964 alignright\" src=\"https:\/\/agora.xtec.cat\/escolaandersen\/wp-content\/uploads\/usu2380\/2023\/11\/WhatsApp-Image-2023-11-22-at-13.29.41-768x1024.jpeg\" alt=\"\" width=\"320\" height=\"427\" srcset=\"https:\/\/agora.xtec.cat\/escolaandersen\/wp-content\/uploads\/usu2380\/2023\/11\/WhatsApp-Image-2023-11-22-at-13.29.41-768x1024.jpeg 768w, https:\/\/agora.xtec.cat\/escolaandersen\/wp-content\/uploads\/usu2380\/2023\/11\/WhatsApp-Image-2023-11-22-at-13.29.41-225x300.jpeg 225w, https:\/\/agora.xtec.cat\/escolaandersen\/wp-content\/uploads\/usu2380\/2023\/11\/WhatsApp-Image-2023-11-22-at-13.29.41-1152x1536.jpeg 1152w, https:\/\/agora.xtec.cat\/escolaandersen\/wp-content\/uploads\/usu2380\/2023\/11\/WhatsApp-Image-2023-11-22-at-13.29.41.jpeg 1500w\" sizes=\"auto, (max-width: 320px) 100vw, 320px\" \/><\/a><\/p>\n<p>A m\u00e9s, el 14 de novembre tamb\u00e9 va arrencar el <strong>curs &#8220;Parlem i compartim&#8221;<\/strong>, un espai de trobada\u00a0 setmanal per tal de <strong>compartir experi\u00e8ncies, viv\u00e8ncies i dubtes en relaci\u00f3 a l&#8217;acompanyament dels nostres infants<\/strong>. L&#8217;objectiu \u00e9s ser una <strong>eina d&#8217;escola<\/strong> per a tothom, fam\u00edlies i mestres, i <strong>crear xarxa per sentir-nos m\u00e9s acompanyats<\/strong>! Aquest any, els conductors del curs s\u00f3n el mateix Gerard i una segona educadora social. Tothom hi \u00e9s benvingut i les sessions es fan els <strong>dimarts de 15h a 17h<\/strong>.<\/p>\n<p>I, per \u00faltim, des de l&#8217;Afa <strong>continuem buscant voluntaris i volunt\u00e0ries<\/strong> pels divendres a la tarda entre pares, mares, avis, \u00e0vies, tiets, tietes, germans i germanes. Persones que vulguin explicar un <strong>conte<\/strong> als nostres infants, fer-los un <strong>minitaller<\/strong> d&#8217;alguna cosa que els apassiona, passar una <strong>pel\u00b7l\u00edcula<\/strong> al gimn\u00e0s&#8230;! En definitiva, <strong>transmetre all\u00f2 que els hi agrada per fer-los gaudir i una mica m\u00e9s savis i s\u00e0vies<\/strong>! Podeu enviar les vostres propostes al correu de l&#8217;Afa: afa@andersen.cat.!!<\/p>\n<p><strong>Animeu-vos!!!<\/strong><\/p>\n<hr \/>\n<div class=\"CjVfdc\">\n<h1 dir=\"ltr\"><a id=\"seccio-5\"><\/a>LOTERIA DE NADAL DE L&#8217;AFA<\/h1>\n<p><img loading=\"lazy\" decoding=\"async\" class=\"wp-image-967 alignleft\" src=\"https:\/\/agora.xtec.cat\/escolaandersen\/wp-content\/uploads\/usu2380\/2023\/11\/Picture1.png\" alt=\"\" width=\"335\" height=\"205\" \/><span style=\"font-family: inherit; font-size: 1em;\">Com cada any, us hem fet arribar les <strong>5 participacions de la Loteria de Nadal<\/strong>. Rebreu un missatge pel canal de <\/span><span style=\"font-family: inherit; font-size: 1em;\">WhatsApp.<\/span><\/p>\n<\/div>\n<p>Veureu que hi ha dos sortejos:<br \/>\n1. <strong>N\u00famero individual de la butlleta<\/strong> (diferent per cada butlleta). Es juguen 2 euros a la Grossa de Nadal. A la butlleta s&#8217;indiquen els premis a optar.<br \/>\n2. <strong>N\u00famero de tots els membres de l&#8217;AFA<\/strong>: <strong>54731<\/strong>. Es juguen 2 euros a la Dooble. I els premis per aquesta butlleta del sorteig de l&#8217;AFA s\u00f3n:<\/p>\n<p><a href=\"https:\/\/agora.xtec.cat\/escolaandersen\/wp-content\/uploads\/usu2380\/2023\/11\/Picture2.png\"><img loading=\"lazy\" decoding=\"async\" class=\"alignnone wp-image-968\" src=\"https:\/\/agora.xtec.cat\/escolaandersen\/wp-content\/uploads\/usu2380\/2023\/11\/Picture2.png\" alt=\"\" width=\"708\" height=\"259\" \/><\/a><\/p>\n<p>*El premi ser\u00e0 repartit pel nombre de butlletes venudes per l\u2019AFA.<\/p>\n<p>Els sortejos es faran el <strong>31 de desembre<\/strong> i es retransmetran per TV3. Es poden demanar <strong>m\u00e9s butlletes a la Dolors<\/strong> (matins) disponibles fins el 15 de desembre, o b\u00e9 f\u00edsicament a <strong>qualsevol administraci\u00f3 de Loteries de Catalunya<\/strong> abans del 30 de novembre, o b\u00e9 <strong>on line<\/strong> fins el dia abans del sorteig (<a href=\"https:\/\/www.loteriesdecatalunya.cat\/jocs\/ladooble\/\">https:\/\/www.loteriesdecatalunya.cat\/jocs\/ladooble\/<\/a>).<\/p>\n<p>Desitgem que tinguem tots molt bona sort !!<\/p>\n<hr \/>\n<div class=\"CjVfdc\">\n<h1 dir=\"ltr\"><a id=\"seccio-6\"><\/a>T-16 &#8211; TRANSPORT<\/h1>\n<\/div>\n<p class=\"x_elementToProof\">Recordar-vos que \u00e9s <strong>molt important que gestioneu la Targeta T-16<\/strong> en el cas que encara no ho hagueu fet. Enguany utilitzarem al m\u00e0xim el transport p\u00fablic per realitzar les sortides i activitats sempre que sigui possible.<\/p>\n<p class=\"x_elementToProof\">La targeta T-16 \u00e9s un t\u00edtol de transport per als<strong> nens i nenes dels 4 als 16 anys\u00a0<\/strong> (fins al 31 de desembre de l&#8217;any en qu\u00e8 compleixen els 16 anys) que els permet fer gratu\u00eftament un nombre il\u00b7limitat de viatges a la xarxa de transport p\u00fablic del sistema tarifari integrat, dins la mateixa zona tarif\u00e0ria on resideixi el nen o la nena.<\/p>\n<div class=\"x_elementToProof\">En el seg\u00fcent enlla\u00e7 la podreu <strong>tramitar<\/strong>:<\/div>\n<p class=\"x_elementToProof\"><a id=\"LPlnk100015\" href=\"https:\/\/www.t-16.cat\/Publica\/T12\/SolicitudPaso1.aspx\" target=\"_blank\" rel=\"noopener noreferrer\" data-auth=\"NotApplicable\" data-linkindex=\"0\">https:\/\/www.t-16.cat\/Publica\/T12\/SolicitudPaso1.aspx<\/a><\/p>\n<hr \/>\n<div class=\"CjVfdc\">\n<h1 dir=\"ltr\"><a id=\"seccio-7\"><\/a>LA CASTANYADA<\/h1>\n<\/div>\n<p class=\"x_elementToProof\">El passat 31 d\u2019octubre vam celebrar la <strong>Castanyada<\/strong> i va ser tot un \u00e8xit! Aquest any v\u00e0rem trobar a faltar \u201cl\u2019Amadeu torra castanyes\u201d per\u00f2 van agafar el relleu l\u2019Andreu, en Bartomeu i en Joan, que ens les van torrar totes! Gr\u00e0cies a totes les fam\u00edlies que van participar de la festa: v\u00e0rem poder gaudir de deliciosos pastissos casolans i d\u2019un berenar magn\u00edfic! Entre tot@s v\u00e0rem fer possible una castanyada genial!<\/p>\n<hr \/>\n<div class=\"CjVfdc\">\n<h1 dir=\"ltr\"><a id=\"seccio-8\"><\/a>LA NIT ASTRON\u00d2MICA<\/h1>\n<\/div>\n<p style=\"text-align: left;\">I dues setmanes m\u00e9s tard, el 17 de novembre, va arribar un curs m\u00e9s la<strong> Nit Astron\u00f2mica<\/strong>, entre els nervis dels alumnes de 6\u00e8 i els seus familiars per la presentaci\u00f3 i els nervis de l\u2019AFA preparant entrepans, ja que es van vendre m\u00e9s tiquets dels previstos! Va ser molt emocionant veure els m\u00e9s petits de l\u2019Escola voltant per all\u00e0, encuriosits per veure l\u2019Escola de nit i esperant impacients poder observar estels, planetes i la lluna amb el telescopi! V\u00e0rem gaudir del conte abans de sopar i, per acabar la jornada, de la gran exposici\u00f3 dels alumnes de 6\u00e8 que ho fan fer d\u2019all\u00f2 m\u00e9s b\u00e9. Gr\u00e0cies a l\u2019Associaci\u00f3 d\u2019Astronomia d\u2019Osona per l\u2019ajuda, la xerrada i el telescopi que van saber despertar l\u2019inter\u00e8s dels assistents.<\/p>\n<p style=\"text-align: left;\">Per \u00faltim, fer saber que amb aquesta festa l\u2019AFA no va generar cap despesa, tot al contrari, va generar uns petits ingressos que aniran molt b\u00e9 per a altres activitats!<\/p>\n<hr \/>\n<div class=\"CjVfdc\">\n<h1 dir=\"ltr\"><a id=\"seccio-9\"><\/a>AGENDA<\/h1>\n<\/div>\n<p><a href=\"https:\/\/agora.xtec.cat\/escolaandersen\/wp-content\/uploads\/usu2380\/2023\/11\/Yellow-Post-it-Note-Class-Reminder-Classroom-Announcement.png\"><img loading=\"lazy\" decoding=\"async\" class=\"wp-image-978 aligncenter\" src=\"https:\/\/agora.xtec.cat\/escolaandersen\/wp-content\/uploads\/usu2380\/2023\/11\/Yellow-Post-it-Note-Class-Reminder-Classroom-Announcement.png\" alt=\"\" width=\"478\" height=\"456\" \/><\/a><\/p>\n","protected":false},"excerpt":{"rendered":"<p>En aquest n\u00famero podreu veure es seg\u00fcents temes:<\/p>\n<p>&#8211; NOVA JUNTA<br \/>\n&#8211; ASSEMBLEA GENERAL<br \/>\n&#8211; INCREMENT QUOTA DE L&#8217;AFA<br \/>\n&#8211; CLASSES DE CATAL\u00c0 I &#8220;PARLEM I COMPARTIM&#8221;<br \/>\n&#8211; LOTERIA DE NADAL<br \/>\n&#8211; T-16, TRANSPORT<br \/>\n&#8211; LA CASTANYADA<br \/>\n&#8211; LA NIT ASTRON\u00d2MICA<br \/>\n&#8211; AGENDA&hellip;  <a href=\"https:\/\/agora.xtec.cat\/escolaandersen\/afa\/afa-informa-36\/\" title=\"Read AFA INFORMA &#8211; 36\">Llegeix m\u00e9s\u00bb<\/a><\/p>\n","protected":false},"author":3,"featured_media":0,"comment_status":"open","ping_status":"closed","sticky":false,"template":"","format":"standard","meta":{"_bbp_topic_count":0,"_bbp_reply_count":0,"_bbp_total_topic_count":0,"_bbp_total_reply_count":0,"_bbp_voice_count":0,"_bbp_anonymous_reply_count":0,"_bbp_topic_count_hidden":0,"_bbp_reply_count_hidden":0,"_bbp_forum_subforum_count":0,"footnotes":""},"categories":[7],"tags":[96,70,71,97,98,75,69],"class_list":["post-902","post","type-post","status-publish","format-standard","hentry","category-afa","tag-afa","tag-andersen","tag-escola","tag-infoma","tag-informatiu","tag-osona","tag-vic"],"post_mailing_queue_ids":[],"_links":{"self":[{"href":"https:\/\/agora.xtec.cat\/escolaandersen\/wp-json\/wp\/v2\/posts\/902","targetHints":{"allow":["GET"]}}],"collection":[{"href":"https:\/\/agora.xtec.cat\/escolaandersen\/wp-json\/wp\/v2\/posts"}],"about":[{"href":"https:\/\/agora.xtec.cat\/escolaandersen\/wp-json\/wp\/v2\/types\/post"}],"author":[{"embeddable":true,"href":"https:\/\/agora.xtec.cat\/escolaandersen\/wp-json\/wp\/v2\/users\/3"}],"replies":[{"embeddable":true,"href":"https:\/\/agora.xtec.cat\/escolaandersen\/wp-json\/wp\/v2\/comments?post=902"}],"version-history":[{"count":6,"href":"https:\/\/agora.xtec.cat\/escolaandersen\/wp-json\/wp\/v2\/posts\/902\/revisions"}],"predecessor-version":[{"id":1005,"href":"https:\/\/agora.xtec.cat\/escolaandersen\/wp-json\/wp\/v2\/posts\/902\/revisions\/1005"}],"wp:attachment":[{"href":"https:\/\/agora.xtec.cat\/escolaandersen\/wp-json\/wp\/v2\/media?parent=902"}],"wp:term":[{"taxonomy":"category","embeddable":true,"href":"https:\/\/agora.xtec.cat\/escolaandersen\/wp-json\/wp\/v2\/categories?post=902"},{"taxonomy":"post_tag","embeddable":true,"href":"https:\/\/agora.xtec.cat\/escolaandersen\/wp-json\/wp\/v2\/tags?post=902"}],"curies":[{"name":"wp","href":"https:\/\/api.w.org\/{rel}","templated":true}]}}