{"id":888,"date":"2023-11-10T20:28:48","date_gmt":"2023-11-10T19:28:48","guid":{"rendered":"https:\/\/agora.xtec.cat\/escolaandersen\/?p=888"},"modified":"2023-11-27T10:12:02","modified_gmt":"2023-11-27T09:12:02","slug":"junts-podem-fer-la-diferencia-comenca-avui-2","status":"publish","type":"post","link":"https:\/\/agora.xtec.cat\/escolaandersen\/general\/junts-podem-fer-la-diferencia-comenca-avui-2\/","title":{"rendered":"Junts podem fer la difer\u00e8ncia, comen\u00e7a avui"},"content":{"rendered":"<p>Benvolgudes fam\u00edlies,<\/p>\n<p>Amb motiu de la campanya d&#8217;impacte sobre la reducci\u00f3 dels embolcalls dels esmorzars &#8220;<em>Un petit gest avui, un planeta m\u00e9s net dem\u00e0<\/em>&#8220;, durant tota la setmana cada classe ha anat guardant els embolcalls en una bossa transparent per poder veure quantes deixalles acumulem. Aquest mat\u00ed ens hem reunit tota l&#8217;escola despr\u00e9s del pati per comparar les bosses. Despr\u00e9s cada grup ha ensenyat la seva bossa i ha recollit en un cartell idees per millorar la reducci\u00f3 d&#8217;embolcalls i reciclar b\u00e9. Paral\u00b7lelament, hem pogut veure que no classifiquem b\u00e9 les deixalles i barregem pl\u00e0stic amb paper en el mateix contenidor. Despr\u00e9s hem premiat a tots els participants i hem escollit les dues classes que han acumulat menys deixalles, en aquest cas, els infants d&#8217;I3. Han estat molt contents de rebre una planta en reconeixement de la feina feta i cada classe ha tingut una planta per l&#8217;aula per haver participat.<\/p>\n<p>Aquesta \u00e9s la primera campanya d&#8217;impacte que hem realitzat a l&#8217;escola i que repetirem un cop per trimestre per anar conscienciant a l&#8217;alumnat de la import\u00e0ncia de reduir els embolcalls i classificar b\u00e9.<\/p>\n<p>Som escola verda<\/p>\n<p><a href=\"https:\/\/agora.xtec.cat\/escolaandersen\/wp-content\/uploads\/usu2380\/2023\/11\/WhatsApp-Image-2023-11-10-at-19.48.00.jpeg\"><img loading=\"lazy\" decoding=\"async\" class=\"alignnone size-full wp-image-889\" src=\"https:\/\/agora.xtec.cat\/escolaandersen\/wp-content\/uploads\/usu2380\/2023\/11\/WhatsApp-Image-2023-11-10-at-19.48.00.jpeg\" alt=\"\" width=\"1024\" height=\"768\" srcset=\"https:\/\/agora.xtec.cat\/escolaandersen\/wp-content\/uploads\/usu2380\/2023\/11\/WhatsApp-Image-2023-11-10-at-19.48.00.jpeg 1024w, https:\/\/agora.xtec.cat\/escolaandersen\/wp-content\/uploads\/usu2380\/2023\/11\/WhatsApp-Image-2023-11-10-at-19.48.00-300x225.jpeg 300w, https:\/\/agora.xtec.cat\/escolaandersen\/wp-content\/uploads\/usu2380\/2023\/11\/WhatsApp-Image-2023-11-10-at-19.48.00-768x576.jpeg 768w, https:\/\/agora.xtec.cat\/escolaandersen\/wp-content\/uploads\/usu2380\/2023\/11\/WhatsApp-Image-2023-11-10-at-19.48.00-200x150.jpeg 200w\" sizes=\"auto, (max-width: 1024px) 100vw, 1024px\" \/><\/a><\/p>\n<p>Podeu veure les fotos al Drive de l&#8217;escola:\u00a0 \u00a0<a href=\"https:\/\/drive.google.com\/drive\/folders\/1NcQyC3R1sCgSZ-8S_2UYX4E-APypckd-?usp=sharing\" target=\"_blank\" rel=\"noopener\">Fotos 1a Campanya Impacte<\/a><\/p>\n","protected":false},"excerpt":{"rendered":"<p>Benvolgudes fam\u00edlies,<br \/>\nAmb motiu de la campanya d&#8217;impacte sobre la reducci\u00f3 dels embolcalls dels esmorzars &#8220;Un petit gest avui, un planeta m\u00e9s net dem\u00e0&#8220;, durant tota la setmana cada classe ha anat guardant els embolcalls en una bossa transparent per poder veure quantes deixalles acumulem. Aquest&hellip;  <a href=\"https:\/\/agora.xtec.cat\/escolaandersen\/general\/junts-podem-fer-la-diferencia-comenca-avui-2\/\" title=\"Read Junts podem fer la difer\u00e8ncia, comen\u00e7a avui\">Llegeix m\u00e9s\u00bb<\/a><\/p>\n","protected":false},"author":6,"featured_media":0,"comment_status":"open","ping_status":"closed","sticky":false,"template":"","format":"standard","meta":{"_bbp_topic_count":0,"_bbp_reply_count":0,"_bbp_total_topic_count":0,"_bbp_total_reply_count":0,"_bbp_voice_count":0,"_bbp_anonymous_reply_count":0,"_bbp_topic_count_hidden":0,"_bbp_reply_count_hidden":0,"_bbp_forum_subforum_count":0,"footnotes":""},"categories":[1,4],"tags":[79,71,99,75,100,69],"class_list":["post-888","post","type-post","status-publish","format-standard","hentry","category-general","category-portada","tag-educacio","tag-escola","tag-mediambient","tag-osona","tag-sostenible","tag-vic"],"post_mailing_queue_ids":[],"_links":{"self":[{"href":"https:\/\/agora.xtec.cat\/escolaandersen\/wp-json\/wp\/v2\/posts\/888","targetHints":{"allow":["GET"]}}],"collection":[{"href":"https:\/\/agora.xtec.cat\/escolaandersen\/wp-json\/wp\/v2\/posts"}],"about":[{"href":"https:\/\/agora.xtec.cat\/escolaandersen\/wp-json\/wp\/v2\/types\/post"}],"author":[{"embeddable":true,"href":"https:\/\/agora.xtec.cat\/escolaandersen\/wp-json\/wp\/v2\/users\/6"}],"replies":[{"embeddable":true,"href":"https:\/\/agora.xtec.cat\/escolaandersen\/wp-json\/wp\/v2\/comments?post=888"}],"version-history":[{"count":6,"href":"https:\/\/agora.xtec.cat\/escolaandersen\/wp-json\/wp\/v2\/posts\/888\/revisions"}],"predecessor-version":[{"id":899,"href":"https:\/\/agora.xtec.cat\/escolaandersen\/wp-json\/wp\/v2\/posts\/888\/revisions\/899"}],"wp:attachment":[{"href":"https:\/\/agora.xtec.cat\/escolaandersen\/wp-json\/wp\/v2\/media?parent=888"}],"wp:term":[{"taxonomy":"category","embeddable":true,"href":"https:\/\/agora.xtec.cat\/escolaandersen\/wp-json\/wp\/v2\/categories?post=888"},{"taxonomy":"post_tag","embeddable":true,"href":"https:\/\/agora.xtec.cat\/escolaandersen\/wp-json\/wp\/v2\/tags?post=888"}],"curies":[{"name":"wp","href":"https:\/\/api.w.org\/{rel}","templated":true}]}}