{"id":863,"date":"2023-11-10T12:28:42","date_gmt":"2023-11-10T11:28:42","guid":{"rendered":"https:\/\/agora.xtec.cat\/escolaandersen\/?p=863"},"modified":"2023-11-27T10:12:55","modified_gmt":"2023-11-27T09:12:55","slug":"nit-astronomica","status":"publish","type":"post","link":"https:\/\/agora.xtec.cat\/escolaandersen\/general\/nit-astronomica\/","title":{"rendered":"NIT ASTRON\u00d2MICA"},"content":{"rendered":"<p>Benvolgudes fam\u00edlies,<\/p>\n<p>El proper <strong>divendres dia 17 de novembre<\/strong> ens plau convidar-vos amb la col\u00b7laboraci\u00f3 de l&#8217;AFA ,els Amics de l&#8217;Andersen i l&#8217;Agrupaci\u00f3 Astron\u00f2mica a la Nit Astron\u00f2mica.<\/p>\n<p>Com cada any compartirem una bona estona fam\u00edlies i escola gaudint de diferents activitats:<\/p>\n<p><a href=\"https:\/\/agora.xtec.cat\/escolaandersen\/wp-content\/uploads\/usu2380\/2023\/11\/NIT-ASTRONOMICA-2023-scaled.jpg\"><img loading=\"lazy\" decoding=\"async\" class=\"alignnone size-large wp-image-864\" src=\"https:\/\/agora.xtec.cat\/escolaandersen\/wp-content\/uploads\/usu2380\/2023\/11\/NIT-ASTRONOMICA-2023-768x1024.jpg\" alt=\"\" width=\"768\" height=\"1024\" srcset=\"https:\/\/agora.xtec.cat\/escolaandersen\/wp-content\/uploads\/usu2380\/2023\/11\/NIT-ASTRONOMICA-2023-768x1024.jpg 768w, https:\/\/agora.xtec.cat\/escolaandersen\/wp-content\/uploads\/usu2380\/2023\/11\/NIT-ASTRONOMICA-2023-225x300.jpg 225w, https:\/\/agora.xtec.cat\/escolaandersen\/wp-content\/uploads\/usu2380\/2023\/11\/NIT-ASTRONOMICA-2023-1152x1536.jpg 1152w, https:\/\/agora.xtec.cat\/escolaandersen\/wp-content\/uploads\/usu2380\/2023\/11\/NIT-ASTRONOMICA-2023-1536x2048.jpg 1536w, https:\/\/agora.xtec.cat\/escolaandersen\/wp-content\/uploads\/usu2380\/2023\/11\/NIT-ASTRONOMICA-2023-scaled.jpg 1920w\" sizes=\"auto, (max-width: 768px) 100vw, 768px\" \/><\/a><\/p>\n<p>Us hi esperem!!<\/p>\n<p>&nbsp;<\/p>\n","protected":false},"excerpt":{"rendered":"<p>Benvolgudes fam\u00edlies,<br \/>\nEl proper divendres dia 17 de novembre ens plau convidar-vos amb la col\u00b7laboraci\u00f3 de l&#8217;AFA ,els Amics de l&#8217;Andersen i l&#8217;Agrupaci\u00f3 Astron\u00f2mica a la Nit Astron\u00f2mica.<br \/>\nCom cada any compartirem una bona estona fam\u00edlies i escola gaudint de diferents activitats:<br \/>\n<a href=\"https:\/\/agora.xtec.cat\/escolaandersen\/wp-content\/uploads\/usu2380\/2023\/11\/NIT-ASTRONOMICA-2023-scaled.jpg\"><\/a><br \/>\nUs hi esperem!!<br \/>\n&nbsp;<\/p>\n","protected":false},"author":6,"featured_media":0,"comment_status":"open","ping_status":"closed","sticky":false,"template":"","format":"standard","meta":{"_bbp_topic_count":0,"_bbp_reply_count":0,"_bbp_total_topic_count":0,"_bbp_total_reply_count":0,"_bbp_voice_count":0,"_bbp_anonymous_reply_count":0,"_bbp_topic_count_hidden":0,"_bbp_reply_count_hidden":0,"_bbp_forum_subforum_count":0,"footnotes":""},"categories":[1,4],"tags":[103,102,79,71,101,75,104,69],"class_list":["post-863","post","type-post","status-publish","format-standard","hentry","category-general","category-portada","tag-andersenc","tag-astronomia","tag-educacio","tag-escola","tag-nit","tag-osona","tag-projecte","tag-vic"],"post_mailing_queue_ids":[],"_links":{"self":[{"href":"https:\/\/agora.xtec.cat\/escolaandersen\/wp-json\/wp\/v2\/posts\/863","targetHints":{"allow":["GET"]}}],"collection":[{"href":"https:\/\/agora.xtec.cat\/escolaandersen\/wp-json\/wp\/v2\/posts"}],"about":[{"href":"https:\/\/agora.xtec.cat\/escolaandersen\/wp-json\/wp\/v2\/types\/post"}],"author":[{"embeddable":true,"href":"https:\/\/agora.xtec.cat\/escolaandersen\/wp-json\/wp\/v2\/users\/6"}],"replies":[{"embeddable":true,"href":"https:\/\/agora.xtec.cat\/escolaandersen\/wp-json\/wp\/v2\/comments?post=863"}],"version-history":[{"count":2,"href":"https:\/\/agora.xtec.cat\/escolaandersen\/wp-json\/wp\/v2\/posts\/863\/revisions"}],"predecessor-version":[{"id":866,"href":"https:\/\/agora.xtec.cat\/escolaandersen\/wp-json\/wp\/v2\/posts\/863\/revisions\/866"}],"wp:attachment":[{"href":"https:\/\/agora.xtec.cat\/escolaandersen\/wp-json\/wp\/v2\/media?parent=863"}],"wp:term":[{"taxonomy":"category","embeddable":true,"href":"https:\/\/agora.xtec.cat\/escolaandersen\/wp-json\/wp\/v2\/categories?post=863"},{"taxonomy":"post_tag","embeddable":true,"href":"https:\/\/agora.xtec.cat\/escolaandersen\/wp-json\/wp\/v2\/tags?post=863"}],"curies":[{"name":"wp","href":"https:\/\/api.w.org\/{rel}","templated":true}]}}