{"id":854,"date":"2023-11-06T17:05:31","date_gmt":"2023-11-06T16:05:31","guid":{"rendered":"https:\/\/agora.xtec.cat\/escolaandersen\/?p=854"},"modified":"2023-11-06T17:06:42","modified_gmt":"2023-11-06T16:06:42","slug":"junts-podem-fer-la-diferencia-comenca-avui","status":"publish","type":"post","link":"https:\/\/agora.xtec.cat\/escolaandersen\/general\/junts-podem-fer-la-diferencia-comenca-avui\/","title":{"rendered":"JUNTS PODEM FER LA DIFER\u00c8NCIA, COMEN\u00c7A AVUI"},"content":{"rendered":"<div>\n<p>Durant tota la setmana farem una campanya de sensibilitzaci\u00f3 sobre la import\u00e0ncia de reduir i reciclar els embolcalls dels esmorzars. Cada dia, cada classe guardar\u00e0 els embolcalls de l&#8217;esmorzar en una bossa transparent al llarg de tota la setmana i divendres a les 11h ens trobarem tots plegats al pati per compartir les nostres propostes de millora i reflexions al voltant d&#8217;aquest tema. Paral\u00b7lelament, avui hem comen\u00e7at a gestionar una comissi\u00f3 de neteja composta per alumnat de tots els cursos de prim\u00e0ria on cada nivell \u00e9s el responsable de mantenir net un espai de l&#8217;escola. Entre tots i totes cuidem la nostra escola.<\/p>\n<div><\/div>\n<\/div>\n<div><\/div>\n<div><em><strong>JUNTS PODEM FER LA DIFER\u00c8NCIA, COMEN\u00c7A AVUI.<\/strong><\/em><\/div>\n<div><\/div>\n<div><\/div>\n<div><a href=\"https:\/\/agora.xtec.cat\/escolaandersen\/wp-content\/uploads\/usu2380\/2023\/11\/Let-Publicacio-dInstagram.jpg\"><img loading=\"lazy\" decoding=\"async\" class=\"alignnone size-large wp-image-855\" src=\"https:\/\/agora.xtec.cat\/escolaandersen\/wp-content\/uploads\/usu2380\/2023\/11\/Let-Publicacio-dInstagram-1024x1024.jpg\" alt=\"\" width=\"1024\" height=\"1024\" srcset=\"https:\/\/agora.xtec.cat\/escolaandersen\/wp-content\/uploads\/usu2380\/2023\/11\/Let-Publicacio-dInstagram-1024x1024.jpg 1024w, https:\/\/agora.xtec.cat\/escolaandersen\/wp-content\/uploads\/usu2380\/2023\/11\/Let-Publicacio-dInstagram-300x300.jpg 300w, https:\/\/agora.xtec.cat\/escolaandersen\/wp-content\/uploads\/usu2380\/2023\/11\/Let-Publicacio-dInstagram-150x150.jpg 150w, https:\/\/agora.xtec.cat\/escolaandersen\/wp-content\/uploads\/usu2380\/2023\/11\/Let-Publicacio-dInstagram-768x768.jpg 768w, https:\/\/agora.xtec.cat\/escolaandersen\/wp-content\/uploads\/usu2380\/2023\/11\/Let-Publicacio-dInstagram.jpg 1080w\" sizes=\"auto, (max-width: 1024px) 100vw, 1024px\" \/><\/a><\/div>\n","protected":false},"excerpt":{"rendered":"<p>Durant tota la setmana farem una campanya de sensibilitzaci\u00f3 sobre la import\u00e0ncia de reduir i reciclar els embolcalls dels esmorzars. Cada dia, cada classe guardar\u00e0 els embolcalls de l&#8217;esmorzar en una bossa transparent al llarg de tota la setmana i divendres a les 11h ens&hellip;  <a href=\"https:\/\/agora.xtec.cat\/escolaandersen\/general\/junts-podem-fer-la-diferencia-comenca-avui\/\" title=\"Read JUNTS PODEM FER LA DIFER\u00c8NCIA, COMEN\u00c7A AVUI\">Llegeix m\u00e9s\u00bb<\/a><\/p>\n","protected":false},"author":6,"featured_media":0,"comment_status":"open","ping_status":"closed","sticky":false,"template":"","format":"standard","meta":{"_bbp_topic_count":0,"_bbp_reply_count":0,"_bbp_total_topic_count":0,"_bbp_total_reply_count":0,"_bbp_voice_count":0,"_bbp_anonymous_reply_count":0,"_bbp_topic_count_hidden":0,"_bbp_reply_count_hidden":0,"_bbp_forum_subforum_count":0,"footnotes":""},"categories":[1,4],"tags":[71,69],"class_list":["post-854","post","type-post","status-publish","format-standard","hentry","category-general","category-portada","tag-escola","tag-vic"],"post_mailing_queue_ids":[],"_links":{"self":[{"href":"https:\/\/agora.xtec.cat\/escolaandersen\/wp-json\/wp\/v2\/posts\/854","targetHints":{"allow":["GET"]}}],"collection":[{"href":"https:\/\/agora.xtec.cat\/escolaandersen\/wp-json\/wp\/v2\/posts"}],"about":[{"href":"https:\/\/agora.xtec.cat\/escolaandersen\/wp-json\/wp\/v2\/types\/post"}],"author":[{"embeddable":true,"href":"https:\/\/agora.xtec.cat\/escolaandersen\/wp-json\/wp\/v2\/users\/6"}],"replies":[{"embeddable":true,"href":"https:\/\/agora.xtec.cat\/escolaandersen\/wp-json\/wp\/v2\/comments?post=854"}],"version-history":[{"count":2,"href":"https:\/\/agora.xtec.cat\/escolaandersen\/wp-json\/wp\/v2\/posts\/854\/revisions"}],"predecessor-version":[{"id":857,"href":"https:\/\/agora.xtec.cat\/escolaandersen\/wp-json\/wp\/v2\/posts\/854\/revisions\/857"}],"wp:attachment":[{"href":"https:\/\/agora.xtec.cat\/escolaandersen\/wp-json\/wp\/v2\/media?parent=854"}],"wp:term":[{"taxonomy":"category","embeddable":true,"href":"https:\/\/agora.xtec.cat\/escolaandersen\/wp-json\/wp\/v2\/categories?post=854"},{"taxonomy":"post_tag","embeddable":true,"href":"https:\/\/agora.xtec.cat\/escolaandersen\/wp-json\/wp\/v2\/tags?post=854"}],"curies":[{"name":"wp","href":"https:\/\/api.w.org\/{rel}","templated":true}]}}