{"id":847,"date":"2023-11-07T09:41:47","date_gmt":"2023-11-07T08:41:47","guid":{"rendered":"https:\/\/agora.xtec.cat\/escolaandersen\/?p=847"},"modified":"2023-11-27T10:15:36","modified_gmt":"2023-11-27T09:15:36","slug":"eleccions-consell-escolar","status":"publish","type":"post","link":"https:\/\/agora.xtec.cat\/escolaandersen\/general\/eleccions-consell-escolar\/","title":{"rendered":"ELECCIONS CONSELL ESCOLAR"},"content":{"rendered":"<h6 style=\"text-align: justify;\">El\u00a0proc\u00e9s de renovaci\u00f3 del Consell Escolar es portar\u00e0 a terme durant aquest primer trimestre, seguint la Resoluci\u00f3 EDU\/3014\/2023, de 30 d&#8217;agost, per la qual s&#8217;estableix el calendari i el r\u00e8gim de proc\u00e9s electoral per renovar els membres dels consells escolars dels centres p\u00fablics i privats sostinguts amb fons p\u00fablic.<br \/>\nEls membres del Consell Escolar s\u00f3n elegits per un per\u00edode de 4 anys.<\/h6>\n<h6 style=\"text-align: justify;\">Seguint la normativa esmentada, enguany cal renovar alguns membres dels \u00f2rgans representants: mestres, fam\u00edlies i PAE (personal d&#8217;atenci\u00f3 educativa).<\/h6>\n<h6 style=\"text-align: justify;\">En el sector de fam\u00edlies cal renovar dos representants ja que aquest curs surten la Txell Vall i la Naima Dahou.<br \/>\nSi esteu interessats en presentar candidatura podeu passar per Direcci\u00f3 per emplenar la documentaci\u00f3 abans del 15 de novembre.<\/h6>\n<div><\/div>\n<div><\/div>\n<div style=\"text-align: justify;\"><a href=\"https:\/\/agora.xtec.cat\/escolaandersen\/wp-content\/uploads\/usu2380\/2023\/11\/1.png\"><img loading=\"lazy\" decoding=\"async\" class=\"alignnone size-large wp-image-848\" src=\"https:\/\/agora.xtec.cat\/escolaandersen\/wp-content\/uploads\/usu2380\/2023\/11\/1-1024x1024.png\" alt=\"\" width=\"1024\" height=\"1024\" srcset=\"https:\/\/agora.xtec.cat\/escolaandersen\/wp-content\/uploads\/usu2380\/2023\/11\/1-1024x1024.png 1024w, https:\/\/agora.xtec.cat\/escolaandersen\/wp-content\/uploads\/usu2380\/2023\/11\/1-300x300.png 300w, https:\/\/agora.xtec.cat\/escolaandersen\/wp-content\/uploads\/usu2380\/2023\/11\/1-150x150.png 150w, https:\/\/agora.xtec.cat\/escolaandersen\/wp-content\/uploads\/usu2380\/2023\/11\/1-768x768.png 768w, https:\/\/agora.xtec.cat\/escolaandersen\/wp-content\/uploads\/usu2380\/2023\/11\/1.png 1080w\" sizes=\"auto, (max-width: 1024px) 100vw, 1024px\" \/><\/a><\/div>\n<div><\/div>\n<div><a href=\"https:\/\/agora.xtec.cat\/escolaandersen\/wp-content\/uploads\/usu2380\/2023\/11\/2.png\"><img loading=\"lazy\" decoding=\"async\" class=\"alignnone size-large wp-image-849\" src=\"https:\/\/agora.xtec.cat\/escolaandersen\/wp-content\/uploads\/usu2380\/2023\/11\/2-1024x1024.png\" alt=\"\" width=\"1024\" height=\"1024\" srcset=\"https:\/\/agora.xtec.cat\/escolaandersen\/wp-content\/uploads\/usu2380\/2023\/11\/2-1024x1024.png 1024w, https:\/\/agora.xtec.cat\/escolaandersen\/wp-content\/uploads\/usu2380\/2023\/11\/2-300x300.png 300w, https:\/\/agora.xtec.cat\/escolaandersen\/wp-content\/uploads\/usu2380\/2023\/11\/2-150x150.png 150w, https:\/\/agora.xtec.cat\/escolaandersen\/wp-content\/uploads\/usu2380\/2023\/11\/2-768x768.png 768w, https:\/\/agora.xtec.cat\/escolaandersen\/wp-content\/uploads\/usu2380\/2023\/11\/2.png 1080w\" sizes=\"auto, (max-width: 1024px) 100vw, 1024px\" \/><\/a><\/div>\n<div><\/div>\n<div><strong>Us animem a participar-hi, b\u00e9 sigui formant-ne part i\/o votant!<\/strong><\/div>\n","protected":false},"excerpt":{"rendered":"<p>El\u00a0proc\u00e9s de renovaci\u00f3 del Consell Escolar es portar\u00e0 a terme durant aquest primer trimestre, seguint la Resoluci\u00f3 EDU\/3014\/2023, de 30 d&#8217;agost, per la qual s&#8217;estableix el calendari i el r\u00e8gim de proc\u00e9s electoral per renovar els membres dels consells escolars dels centres p\u00fablics i privats&hellip;  <a href=\"https:\/\/agora.xtec.cat\/escolaandersen\/general\/eleccions-consell-escolar\/\" title=\"Read ELECCIONS CONSELL ESCOLAR\">Llegeix m\u00e9s\u00bb<\/a><\/p>\n","protected":false},"author":6,"featured_media":0,"comment_status":"closed","ping_status":"closed","sticky":false,"template":"","format":"standard","meta":{"_bbp_topic_count":0,"_bbp_reply_count":0,"_bbp_total_topic_count":0,"_bbp_total_reply_count":0,"_bbp_voice_count":0,"_bbp_anonymous_reply_count":0,"_bbp_topic_count_hidden":0,"_bbp_reply_count_hidden":0,"_bbp_forum_subforum_count":0,"footnotes":""},"categories":[1,4],"tags":[70,105,107,67,69],"class_list":["post-847","post","type-post","status-publish","format-standard","hentry","category-general","category-portada","tag-andersen","tag-consell","tag-eleccions","tag-escolar","tag-vic"],"post_mailing_queue_ids":[],"_links":{"self":[{"href":"https:\/\/agora.xtec.cat\/escolaandersen\/wp-json\/wp\/v2\/posts\/847","targetHints":{"allow":["GET"]}}],"collection":[{"href":"https:\/\/agora.xtec.cat\/escolaandersen\/wp-json\/wp\/v2\/posts"}],"about":[{"href":"https:\/\/agora.xtec.cat\/escolaandersen\/wp-json\/wp\/v2\/types\/post"}],"author":[{"embeddable":true,"href":"https:\/\/agora.xtec.cat\/escolaandersen\/wp-json\/wp\/v2\/users\/6"}],"replies":[{"embeddable":true,"href":"https:\/\/agora.xtec.cat\/escolaandersen\/wp-json\/wp\/v2\/comments?post=847"}],"version-history":[{"count":6,"href":"https:\/\/agora.xtec.cat\/escolaandersen\/wp-json\/wp\/v2\/posts\/847\/revisions"}],"predecessor-version":[{"id":862,"href":"https:\/\/agora.xtec.cat\/escolaandersen\/wp-json\/wp\/v2\/posts\/847\/revisions\/862"}],"wp:attachment":[{"href":"https:\/\/agora.xtec.cat\/escolaandersen\/wp-json\/wp\/v2\/media?parent=847"}],"wp:term":[{"taxonomy":"category","embeddable":true,"href":"https:\/\/agora.xtec.cat\/escolaandersen\/wp-json\/wp\/v2\/categories?post=847"},{"taxonomy":"post_tag","embeddable":true,"href":"https:\/\/agora.xtec.cat\/escolaandersen\/wp-json\/wp\/v2\/tags?post=847"}],"curies":[{"name":"wp","href":"https:\/\/api.w.org\/{rel}","templated":true}]}}